{"id":13493,"date":"2013-03-28T19:19:56","date_gmt":"2013-03-28T18:19:56","guid":{"rendered":"http:\/\/volets10.fr\/WP\/?p=13493"},"modified":"2013-03-28T19:19:56","modified_gmt":"2013-03-28T18:19:56","slug":"supaip-en-vigueur-au-28-mars-2013","status":"publish","type":"post","link":"https:\/\/volets10.fr\/WP\/archives\/13493\/supaip-en-vigueur-au-28-mars-2013\/","title":{"rendered":"SUP\/AIP EN VIGUEUR AU 28 MARS 2013"},"content":{"rendered":"<table>\n<tbody>\n<tr>\n<td><\/td>\n<\/tr>\n<\/tbody>\n<\/table>\n<p><strong>FIR PARIS<\/strong><\/p>\n<table border=\"0\" cellspacing=\"0\" cellpadding=\"0\">\n<tbody>\n<tr>\n<td width=\"532\">\n<table border=\"0\" cellspacing=\"0\" cellpadding=\"0\">\n<tbody>\n<tr>\n<td width=\"532\"><a href=\"https:\/\/www.sia.aviation-civile.gouv.fr\/dossier\/supaipmetro\/SUP_2013_041_FR.pdf\" target=\"_blank\">FIR Paris LFFF, AD Le Havre Saint Romain LFOY<\/a><\/td>\n<td rowspan=\"2\" align=\"center\" valign=\"middle\" width=\"20\"><img loading=\"lazy\" decoding=\"async\" alt=\"\" src=\"https:\/\/www.sia.aviation-civile.gouv.fr\/img\/ptrans.gif\" width=\"20\" height=\"30\" \/><\/td>\n<\/tr>\n<tr>\n<td width=\"532\">Cr\u00e9ation d\u2019une zone r\u00e9glement\u00e9e temporaire (ZRT) dans la TMA 1 Deauville<\/td>\n<\/tr>\n<tr>\n<td colspan=\"2\">\n<table border=\"0\" cellspacing=\"0\" cellpadding=\"0\">\n<tbody>\n<tr bgcolor=\"#E8EEFA\">\n<td width=\"8\"><\/td>\n<td><img loading=\"lazy\" decoding=\"async\" alt=\"\" src=\"https:\/\/www.sia.aviation-civile.gouv.fr\/img\/ptrans.gif\" width=\"8\" height=\"8\" \/><\/td>\n<td width=\"45\"><b>041\/13<\/b><\/td>\n<td width=\"155\"><b>Diffusion :\u00a0<\/b>IFR &#8211; VFR<\/td>\n<td width=\"80\"><b>Poids :\u00a0<\/b>385Ko<\/td>\n<td width=\"20\"><img loading=\"lazy\" decoding=\"async\" alt=\"\" src=\"https:\/\/www.sia.aviation-civile.gouv.fr\/img\/ptrans.gif\" width=\"20\" height=\"1\" \/><\/td>\n<td width=\"244\"><b>Valide du\u00a0<\/b>02 MAY 2013<b>\u00a0au\u00a0<\/b>16 OCT 2013<\/td>\n<\/tr>\n<\/tbody>\n<\/table>\n<\/td>\n<\/tr>\n<\/tbody>\n<\/table>\n<p><a href=\"https:\/\/www.sia.aviation-civile.gouv.fr\/dossier\/supaipmetro\/SUP_2013_021_FR.pdf\" target=\"_blank\">FIR Paris LFFF, AD Deauville Normandie LFRG, AD Le Havre Octeville LFOH, AD Le Havre Saint Romain LFOY<\/a><\/td>\n<td rowspan=\"2\" align=\"center\" valign=\"middle\" width=\"20\"><img loading=\"lazy\" decoding=\"async\" alt=\"\" src=\"https:\/\/www.sia.aviation-civile.gouv.fr\/img\/ptrans.gif\" width=\"20\" height=\"30\" \/><\/td>\n<\/tr>\n<tr>\n<td width=\"532\">Cr\u00e9ation de 1 Zone R\u00e9glement\u00e9e Temporaire (ZRT) dans la TMA 1 Deauville,<\/td>\n<\/tr>\n<tr>\n<td colspan=\"2\">\n<table border=\"0\" cellspacing=\"0\" cellpadding=\"0\">\n<tbody>\n<tr bgcolor=\"#E8EEFA\">\n<td width=\"8\"><\/td>\n<td><img loading=\"lazy\" decoding=\"async\" alt=\"\" src=\"https:\/\/www.sia.aviation-civile.gouv.fr\/img\/ptrans.gif\" width=\"8\" height=\"8\" \/><\/td>\n<td width=\"45\"><b>021\/13<\/b><\/td>\n<td width=\"155\"><b>Diffusion :\u00a0<\/b>IFR &#8211; VFR<\/td>\n<td width=\"80\"><b>Poids :\u00a0<\/b>101Ko<\/td>\n<td width=\"20\"><img loading=\"lazy\" decoding=\"async\" alt=\"\" src=\"https:\/\/www.sia.aviation-civile.gouv.fr\/img\/ptrans.gif\" width=\"20\" height=\"1\" \/><\/td>\n<td width=\"244\"><b>Valide du\u00a0<\/b>04 APR 2013<b>\u00a0au\u00a0<\/b>16 OCT 2013<\/td>\n<\/tr>\n<\/tbody>\n<\/table>\n<\/td>\n<\/tr>\n<\/tbody>\n<\/table>\n<table border=\"0\" cellspacing=\"0\" cellpadding=\"0\">\n<tbody>\n<tr>\n<td width=\"532\"><a href=\"https:\/\/www.sia.aviation-civile.gouv.fr\/dossier\/supaipmetro\/SUP_2013_002_FR.pdf\" target=\"_blank\">AD Saint Cyr L\u2019Ecole LFPZ<\/a><\/td>\n<td rowspan=\"2\" align=\"center\" valign=\"middle\" width=\"20\"><img loading=\"lazy\" decoding=\"async\" alt=\"\" src=\"https:\/\/www.sia.aviation-civile.gouv.fr\/img\/ptrans.gif\" width=\"20\" height=\"30\" \/><\/td>\n<\/tr>\n<tr>\n<td width=\"532\">Modification de la piste 11R\/29L et des voies de circulation associ\u00e9es. Distances d\u00e9clar\u00e9es modifi\u00e9es.<\/td>\n<\/tr>\n<tr>\n<td colspan=\"2\">\n<table border=\"0\" cellspacing=\"0\" cellpadding=\"0\">\n<tbody>\n<tr bgcolor=\"#E8EEFA\">\n<td width=\"8\"><\/td>\n<td><img loading=\"lazy\" decoding=\"async\" alt=\"\" src=\"https:\/\/www.sia.aviation-civile.gouv.fr\/img\/ptrans.gif\" width=\"8\" height=\"8\" \/><\/td>\n<td width=\"45\"><b>002\/13<\/b><\/td>\n<td width=\"155\"><b>Diffusion :\u00a0<\/b>VFR<\/td>\n<td width=\"80\"><b>Poids :\u00a0<\/b>124Ko<\/td>\n<td width=\"20\"><img loading=\"lazy\" decoding=\"async\" alt=\"\" src=\"https:\/\/www.sia.aviation-civile.gouv.fr\/img\/ptrans.gif\" width=\"20\" height=\"1\" \/><\/td>\n<td width=\"244\"><b>Valide du\u00a0<\/b>17 JAN 2013<b>\u00a0au\u00a0<\/b>30 APR 2013<\/td>\n<\/tr>\n<\/tbody>\n<\/table>\n<\/td>\n<\/tr>\n<\/tbody>\n<\/table>\n<table border=\"0\" cellspacing=\"0\" cellpadding=\"0\">\n<tbody>\n<tr>\n<td width=\"532\"><a href=\"https:\/\/www.sia.aviation-civile.gouv.fr\/dossier\/supaipmetro\/SUP_2011_165_FR.pdf\" target=\"_blank\">FIR PARIS (LFFF)<\/a><\/td>\n<td rowspan=\"2\" align=\"center\" valign=\"middle\" width=\"20\"><img loading=\"lazy\" decoding=\"async\" alt=\"\" src=\"https:\/\/www.sia.aviation-civile.gouv.fr\/img\/ptrans.gif\" width=\"20\" height=\"30\" \/><\/td>\n<\/tr>\n<tr>\n<td width=\"532\">Cr\u00e9ation de 1 Zone R\u00e9glement\u00e9e Temporaire (ZRT) en r\u00e9gion parisienne (veille 120,075 MHZ)<\/td>\n<\/tr>\n<tr>\n<td colspan=\"2\">\n<table border=\"0\" cellspacing=\"0\" cellpadding=\"0\">\n<tbody>\n<tr bgcolor=\"#E8EEFA\">\n<td width=\"8\"><\/td>\n<td><img loading=\"lazy\" decoding=\"async\" alt=\"\" src=\"https:\/\/www.sia.aviation-civile.gouv.fr\/img\/ptrans.gif\" width=\"8\" height=\"8\" \/><\/td>\n<td width=\"45\"><b>165\/11<\/b><\/td>\n<td width=\"155\"><b>Diffusion :\u00a0<\/b>VFR<\/td>\n<td width=\"80\"><b>Poids :\u00a0<\/b>770Ko<\/td>\n<td width=\"20\"><img loading=\"lazy\" decoding=\"async\" alt=\"\" src=\"https:\/\/www.sia.aviation-civile.gouv.fr\/img\/ptrans.gif\" width=\"20\" height=\"1\" \/><\/td>\n<td width=\"244\"><b>Valide du\u00a0<\/b>15 DEC 2011<b>\u00a0au\u00a0<\/b>NOTAM<\/td>\n<\/tr>\n<\/tbody>\n<\/table>\n<\/td>\n<\/tr>\n<\/tbody>\n<\/table>\n<table border=\"0\" cellspacing=\"0\" cellpadding=\"0\">\n<tbody>\n<tr>\n<td width=\"532\"><a href=\"https:\/\/www.sia.aviation-civile.gouv.fr\/dossier\/supaipmetro\/SUP_2009_059_FR.pdf\" target=\"_blank\">AD Saint-Cyr-L&rsquo;\u00e9cole (LFPZ)<\/a><\/td>\n<td rowspan=\"2\" align=\"center\" valign=\"middle\" width=\"20\"><img loading=\"lazy\" decoding=\"async\" alt=\"\" src=\"https:\/\/www.sia.aviation-civile.gouv.fr\/img\/ptrans.gif\" width=\"20\" height=\"30\" \/><\/td>\n<\/tr>\n<tr>\n<td width=\"532\">Cr\u00e9ation couloir d&rsquo;acc\u00e8s \u00e0 LFPZ AD<\/td>\n<\/tr>\n<tr>\n<td colspan=\"2\">\n<table border=\"0\" cellspacing=\"0\" cellpadding=\"0\">\n<tbody>\n<tr bgcolor=\"#E8EEFA\">\n<td width=\"8\"><\/td>\n<td><img loading=\"lazy\" decoding=\"async\" alt=\"\" src=\"https:\/\/www.sia.aviation-civile.gouv.fr\/img\/ptrans.gif\" width=\"8\" height=\"8\" \/><\/td>\n<td width=\"45\"><b>059\/09<\/b><\/td>\n<td width=\"155\"><b>Diffusion :\u00a0<\/b>VFR<\/td>\n<td width=\"80\"><b>Poids :\u00a0<\/b>100Ko<\/td>\n<td width=\"20\"><img loading=\"lazy\" decoding=\"async\" alt=\"\" src=\"https:\/\/www.sia.aviation-civile.gouv.fr\/img\/ptrans.gif\" width=\"20\" height=\"1\" \/><\/td>\n<td width=\"244\"><b>Valide du\u00a0<\/b>16 APR 2009<b>\u00a0au\u00a0<\/b>NOTAM<\/td>\n<\/tr>\n<\/tbody>\n<\/table>\n<\/td>\n<\/tr>\n<\/tbody>\n<\/table>\n<p><strong>Voir tous les SUP\/AIP en vigueur au 28\/03\/2013<\/strong><\/p>\n<p><!--more--><\/p>\n<p>&nbsp;<\/p>\n<table style=\"width: 572px;\" border=\"0\" cellspacing=\"0\" cellpadding=\"0\">\n<tbody>\n<tr>\n<td width=\"360\">LISTE DES SUPPLEMENTS AIP &#8211; FRANCE<\/td>\n<td align=\"right\" valign=\"middle\">\n<table style=\"width: 212px;\" border=\"0\" cellspacing=\"0\" cellpadding=\"0\">\n<tbody>\n<tr>\n<td width=\"132\"><img loading=\"lazy\" decoding=\"async\" alt=\"\" src=\"https:\/\/www.sia.aviation-civile.gouv.fr\/img\/pre_date.gif\" width=\"132\" height=\"14\" \/><\/td>\n<td bgcolor=\"#F0F0F0\" width=\"80\"><\/td>\n<\/tr>\n<\/tbody>\n<\/table>\n<\/td>\n<\/tr>\n<tr>\n<td width=\"360\">(derni\u00e8re mise \u00e0 jour : 28 MAR 2013)<\/td>\n<td rowspan=\"3\" align=\"right\" valign=\"bottom\"><img loading=\"lazy\" decoding=\"async\" alt=\"\" src=\"https:\/\/www.sia.aviation-civile.gouv.fr\/img\/ptrans.gif\" width=\"20\" height=\"1\" \/><\/td>\n<\/tr>\n<tr>\n<td width=\"360\"><span style=\"color: #666666;\">Les Sup AIP peuvent \u00eatre modifi\u00e9s par Notam<\/span><\/td>\n<\/tr>\n<\/tbody>\n<\/table>\n<p>&nbsp;<\/p>\n<table style=\"width: 552px;\" border=\"0\" cellspacing=\"0\" cellpadding=\"0\">\n<tbody>\n<tr bgcolor=\"#1345A4\">\n<td colspan=\"1\"><img loading=\"lazy\" decoding=\"async\" alt=\"\" src=\"https:\/\/www.sia.aviation-civile.gouv.fr\/img\/ptrans.gif\" width=\"1\" height=\"1\" \/><\/td>\n<\/tr>\n<tr>\n<td>\n<div align=\"center\"><span style=\"color: #666666;\">Liste de tous les SUP AIP publi\u00e9s<\/span><\/div>\n<\/td>\n<\/tr>\n<tr bgcolor=\"#1345A4\">\n<td colspan=\"1\"><img loading=\"lazy\" decoding=\"async\" alt=\"\" src=\"https:\/\/www.sia.aviation-civile.gouv.fr\/img\/ptrans.gif\" width=\"1\" height=\"1\" \/><\/td>\n<\/tr>\n<\/tbody>\n<\/table>\n<p>&nbsp;<\/p>\n<table style=\"width: 572px;\" border=\"0\" cellspacing=\"0\" cellpadding=\"0\">\n<tbody>\n<tr>\n<td valign=\"top\" width=\"552\">\n<table style=\"width: 552px;\" border=\"0\" cellspacing=\"0\" cellpadding=\"0\">\n<tbody>\n<tr>\n<td width=\"532\"><a href=\"https:\/\/www.sia.aviation-civile.gouv.fr\/dossier\/supaipmetro\/SUP_2013_044_FR.pdf\" target=\"_blank\">FIR Reims LFEE, FIR Paris LFFF, UIR France<\/a><\/td>\n<td rowspan=\"2\" align=\"center\" valign=\"middle\" width=\"20\"><img loading=\"lazy\" decoding=\"async\" alt=\"\" src=\"https:\/\/www.sia.aviation-civile.gouv.fr\/img\/ptrans.gif\" width=\"20\" height=\"30\" \/><\/td>\n<\/tr>\n<tr>\n<td width=\"532\">Cr\u00e9ation de 3 zones r\u00e9glement\u00e9es temporaires(ZRT) pour exercice ARDENNES 2013-01<\/td>\n<\/tr>\n<tr>\n<td colspan=\"2\">\n<table style=\"width: 552px;\" border=\"0\" cellspacing=\"0\" cellpadding=\"0\">\n<tbody>\n<tr bgcolor=\"#E8EEFA\">\n<td width=\"8\"><\/td>\n<td><img loading=\"lazy\" decoding=\"async\" alt=\"\" src=\"https:\/\/www.sia.aviation-civile.gouv.fr\/img\/ptrans.gif\" width=\"8\" height=\"8\" \/><\/td>\n<td width=\"45\"><b>044\/13<\/b><\/td>\n<td width=\"155\"><b>Diffusion :\u00a0<\/b>IFR<\/td>\n<td width=\"80\"><b>Poids :\u00a0<\/b>148Ko<\/td>\n<td width=\"20\"><img loading=\"lazy\" decoding=\"async\" alt=\"\" src=\"https:\/\/www.sia.aviation-civile.gouv.fr\/img\/ptrans.gif\" width=\"20\" height=\"1\" \/><\/td>\n<td width=\"244\"><b>Valide du\u00a0<\/b><span>17 APR 2013<\/span><b>\u00a0au\u00a0<\/b><span>19 APR 2013<\/span><\/td>\n<\/tr>\n<\/tbody>\n<\/table>\n<table style=\"width: 552px;\" border=\"0\" cellspacing=\"0\" cellpadding=\"0\">\n<tbody>\n<tr>\n<td bgcolor=\"#E8EEFA\" width=\"100%\"><\/td>\n<\/tr>\n<\/tbody>\n<\/table>\n<\/td>\n<\/tr>\n<tr bgcolor=\"#1345A4\">\n<td colspan=\"2\"><img loading=\"lazy\" decoding=\"async\" alt=\"\" src=\"https:\/\/www.sia.aviation-civile.gouv.fr\/img\/ptrans.gif\" width=\"1\" height=\"1\" \/><\/td>\n<\/tr>\n<tr>\n<td colspan=\"2\"><img loading=\"lazy\" decoding=\"async\" alt=\"\" src=\"https:\/\/www.sia.aviation-civile.gouv.fr\/img\/ptrans.gif\" width=\"1\" height=\"5\" \/><\/td>\n<\/tr>\n<tr>\n<td width=\"532\"><a href=\"https:\/\/www.sia.aviation-civile.gouv.fr\/dossier\/supaipmetro\/SUP_2013_043_FR.pdf\" target=\"_blank\">FIR Bordeaux LFBB, AD Thouars LFCT<\/a><\/td>\n<td rowspan=\"2\" align=\"center\" valign=\"middle\" width=\"20\"><img loading=\"lazy\" decoding=\"async\" alt=\"\" src=\"https:\/\/www.sia.aviation-civile.gouv.fr\/img\/ptrans.gif\" width=\"20\" height=\"30\" \/><\/td>\n<\/tr>\n<tr>\n<td width=\"532\">Cr\u00e9ation d\u2019une ZRT \u00e0 Thouars<\/td>\n<\/tr>\n<tr>\n<td colspan=\"2\">\n<table style=\"width: 552px;\" border=\"0\" cellspacing=\"0\" cellpadding=\"0\">\n<tbody>\n<tr bgcolor=\"#E8EEFA\">\n<td width=\"8\"><\/td>\n<td><img loading=\"lazy\" decoding=\"async\" alt=\"\" src=\"https:\/\/www.sia.aviation-civile.gouv.fr\/img\/ptrans.gif\" width=\"8\" height=\"8\" \/><\/td>\n<td width=\"45\"><b>043\/13<\/b><\/td>\n<td width=\"155\"><b>Diffusion :\u00a0<\/b>IFR &#8211; VFR<\/td>\n<td width=\"80\"><b>Poids :\u00a0<\/b>230Ko<\/td>\n<td width=\"20\"><img loading=\"lazy\" decoding=\"async\" alt=\"\" src=\"https:\/\/www.sia.aviation-civile.gouv.fr\/img\/ptrans.gif\" width=\"20\" height=\"1\" \/><\/td>\n<td width=\"244\"><b>Valide du\u00a0<\/b><span>31 MAR 2013<\/span><b>\u00a0au\u00a0<\/b><span>30 SEP 2013<\/span><\/td>\n<\/tr>\n<\/tbody>\n<\/table>\n<table style=\"width: 552px;\" border=\"0\" cellspacing=\"0\" cellpadding=\"0\">\n<tbody>\n<tr>\n<td bgcolor=\"#E8EEFA\" width=\"100%\"><\/td>\n<\/tr>\n<\/tbody>\n<\/table>\n<\/td>\n<\/tr>\n<tr bgcolor=\"#1345A4\">\n<td colspan=\"2\"><img loading=\"lazy\" decoding=\"async\" alt=\"\" src=\"https:\/\/www.sia.aviation-civile.gouv.fr\/img\/ptrans.gif\" width=\"1\" height=\"1\" \/><\/td>\n<\/tr>\n<tr>\n<td colspan=\"2\"><img loading=\"lazy\" decoding=\"async\" alt=\"\" src=\"https:\/\/www.sia.aviation-civile.gouv.fr\/img\/ptrans.gif\" width=\"1\" height=\"5\" \/><\/td>\n<\/tr>\n<tr>\n<td width=\"532\"><a href=\"https:\/\/www.sia.aviation-civile.gouv.fr\/dossier\/supaipmetro\/SUP_2013_042_FR.pdf\" target=\"_blank\">AD Marseille Provence LFML<\/a><\/td>\n<td rowspan=\"2\" align=\"center\" valign=\"middle\" width=\"20\"><img loading=\"lazy\" decoding=\"async\" alt=\"\" src=\"https:\/\/www.sia.aviation-civile.gouv.fr\/img\/ptrans.gif\" width=\"20\" height=\"30\" \/><\/td>\n<\/tr>\n<tr>\n<td width=\"532\">Travaux de modification du trac\u00e9 du TWY C4<\/td>\n<\/tr>\n<tr>\n<td colspan=\"2\">\n<table style=\"width: 552px;\" border=\"0\" cellspacing=\"0\" cellpadding=\"0\">\n<tbody>\n<tr bgcolor=\"#E8EEFA\">\n<td width=\"8\"><\/td>\n<td><img loading=\"lazy\" decoding=\"async\" alt=\"\" src=\"https:\/\/www.sia.aviation-civile.gouv.fr\/img\/ptrans.gif\" width=\"8\" height=\"8\" \/><\/td>\n<td width=\"45\"><b>042\/13<\/b><\/td>\n<td width=\"155\"><b>Diffusion :\u00a0<\/b>IFR &#8211; VFR<\/td>\n<td width=\"80\"><b>Poids :\u00a0<\/b>517Ko<\/td>\n<td width=\"20\"><img loading=\"lazy\" decoding=\"async\" alt=\"\" src=\"https:\/\/www.sia.aviation-civile.gouv.fr\/img\/ptrans.gif\" width=\"20\" height=\"1\" \/><\/td>\n<td width=\"244\"><b>Valide du\u00a0<\/b><span>02 MAY 2013<\/span><b>\u00a0au\u00a0<\/b><span>21 AUG 2013<\/span><\/td>\n<\/tr>\n<\/tbody>\n<\/table>\n<table style=\"width: 552px;\" border=\"0\" cellspacing=\"0\" cellpadding=\"0\">\n<tbody>\n<tr>\n<td bgcolor=\"#E8EEFA\" width=\"100%\"><\/td>\n<\/tr>\n<\/tbody>\n<\/table>\n<\/td>\n<\/tr>\n<tr bgcolor=\"#1345A4\">\n<td colspan=\"2\"><img loading=\"lazy\" decoding=\"async\" alt=\"\" src=\"https:\/\/www.sia.aviation-civile.gouv.fr\/img\/ptrans.gif\" width=\"1\" height=\"1\" \/><\/td>\n<\/tr>\n<tr>\n<td colspan=\"2\"><img loading=\"lazy\" decoding=\"async\" alt=\"\" src=\"https:\/\/www.sia.aviation-civile.gouv.fr\/img\/ptrans.gif\" width=\"1\" height=\"5\" \/><\/td>\n<\/tr>\n<tr>\n<td width=\"532\"><a href=\"https:\/\/www.sia.aviation-civile.gouv.fr\/dossier\/supaipmetro\/SUP_2013_041_FR.pdf\" target=\"_blank\">FIR Paris LFFF, AD Le Havre Saint Romain LFOY<\/a><\/td>\n<td rowspan=\"2\" align=\"center\" valign=\"middle\" width=\"20\"><img loading=\"lazy\" decoding=\"async\" alt=\"\" src=\"https:\/\/www.sia.aviation-civile.gouv.fr\/img\/ptrans.gif\" width=\"20\" height=\"30\" \/><\/td>\n<\/tr>\n<tr>\n<td width=\"532\">Cr\u00e9ation d\u2019une zone r\u00e9glement\u00e9e temporaire (ZRT) dans la TMA 1 Deauville<\/td>\n<\/tr>\n<tr>\n<td colspan=\"2\">\n<table style=\"width: 552px;\" border=\"0\" cellspacing=\"0\" cellpadding=\"0\">\n<tbody>\n<tr bgcolor=\"#E8EEFA\">\n<td width=\"8\"><\/td>\n<td><img loading=\"lazy\" decoding=\"async\" alt=\"\" src=\"https:\/\/www.sia.aviation-civile.gouv.fr\/img\/ptrans.gif\" width=\"8\" height=\"8\" \/><\/td>\n<td width=\"45\"><b>041\/13<\/b><\/td>\n<td width=\"155\"><b>Diffusion :\u00a0<\/b>IFR &#8211; VFR<\/td>\n<td width=\"80\"><b>Poids :\u00a0<\/b>385Ko<\/td>\n<td width=\"20\"><img loading=\"lazy\" decoding=\"async\" alt=\"\" src=\"https:\/\/www.sia.aviation-civile.gouv.fr\/img\/ptrans.gif\" width=\"20\" height=\"1\" \/><\/td>\n<td width=\"244\"><b>Valide du\u00a0<\/b><span>02 MAY 2013<\/span><b>\u00a0au\u00a0<\/b><span>16 OCT 2013<\/span><\/td>\n<\/tr>\n<\/tbody>\n<\/table>\n<table style=\"width: 552px;\" border=\"0\" cellspacing=\"0\" cellpadding=\"0\">\n<tbody>\n<tr>\n<td bgcolor=\"#E8EEFA\" width=\"100%\"><\/td>\n<\/tr>\n<\/tbody>\n<\/table>\n<\/td>\n<\/tr>\n<tr bgcolor=\"#1345A4\">\n<td colspan=\"2\"><img loading=\"lazy\" decoding=\"async\" alt=\"\" src=\"https:\/\/www.sia.aviation-civile.gouv.fr\/img\/ptrans.gif\" width=\"1\" height=\"1\" \/><\/td>\n<\/tr>\n<tr>\n<td colspan=\"2\"><img loading=\"lazy\" decoding=\"async\" alt=\"\" src=\"https:\/\/www.sia.aviation-civile.gouv.fr\/img\/ptrans.gif\" width=\"1\" height=\"5\" \/><\/td>\n<\/tr>\n<tr>\n<td width=\"532\"><a href=\"https:\/\/www.sia.aviation-civile.gouv.fr\/dossier\/supaipmetro\/SUP_2013_040_FR.pdf\" target=\"_blank\">FIR Bordeaux LFBB, FIR Paris LFFF, FIR Marseille LFMM, AD Aurillac LFLW, AD Brive Souillac LFSL, AD Ussel Thalamy LFCU, AD Egleton LFDE, AD Montlu\u00e7on Gu\u00e9ret LFBK, AD Lurcy Levis LFJU, AD Montlu\u00e7on Domerat LFLT, AD Issoudun Le Fay LFEK, AD Chateauneuf sur<\/a><\/td>\n<td rowspan=\"2\" align=\"center\" valign=\"middle\" width=\"20\"><img loading=\"lazy\" decoding=\"async\" alt=\"\" src=\"https:\/\/www.sia.aviation-civile.gouv.fr\/img\/ptrans.gif\" width=\"20\" height=\"30\" \/><\/td>\n<\/tr>\n<tr>\n<td width=\"532\">Cr\u00e9ation de cinq zones r\u00e9glement\u00e9es temporaires (ZRT) pour exercice MICA 2013-04<\/td>\n<\/tr>\n<tr>\n<td colspan=\"2\">\n<table style=\"width: 552px;\" border=\"0\" cellspacing=\"0\" cellpadding=\"0\">\n<tbody>\n<tr bgcolor=\"#E8EEFA\">\n<td width=\"8\"><\/td>\n<td><img loading=\"lazy\" decoding=\"async\" alt=\"\" src=\"https:\/\/www.sia.aviation-civile.gouv.fr\/img\/ptrans.gif\" width=\"8\" height=\"8\" \/><\/td>\n<td width=\"45\"><b>040\/13<\/b><\/td>\n<td width=\"155\"><b>Diffusion :\u00a0<\/b>IFR &#8211; VFR<\/td>\n<td width=\"80\"><b>Poids :<\/b>1037Ko<\/td>\n<td width=\"20\"><img loading=\"lazy\" decoding=\"async\" alt=\"\" src=\"https:\/\/www.sia.aviation-civile.gouv.fr\/img\/ptrans.gif\" width=\"20\" height=\"1\" \/><\/td>\n<td width=\"244\"><b>Valide du\u00a0<\/b><span>04 APR 2013<\/span><b>\u00a0au\u00a0<\/b><span>25 APR 2013<\/span><\/td>\n<\/tr>\n<\/tbody>\n<\/table>\n<table style=\"width: 552px;\" border=\"0\" cellspacing=\"0\" cellpadding=\"0\">\n<tbody>\n<tr>\n<td bgcolor=\"#E8EEFA\" width=\"100%\"><\/td>\n<\/tr>\n<\/tbody>\n<\/table>\n<\/td>\n<\/tr>\n<tr bgcolor=\"#1345A4\">\n<td colspan=\"2\"><img loading=\"lazy\" decoding=\"async\" alt=\"\" src=\"https:\/\/www.sia.aviation-civile.gouv.fr\/img\/ptrans.gif\" width=\"1\" height=\"1\" \/><\/td>\n<\/tr>\n<tr>\n<td colspan=\"2\"><img loading=\"lazy\" decoding=\"async\" alt=\"\" src=\"https:\/\/www.sia.aviation-civile.gouv.fr\/img\/ptrans.gif\" width=\"1\" height=\"5\" \/><\/td>\n<\/tr>\n<tr>\n<td width=\"532\"><a href=\"https:\/\/www.sia.aviation-civile.gouv.fr\/dossier\/supaipmetro\/SUP_2013_039_FR.pdf\" target=\"_blank\">FIR Marseille LFMM, AD Nice c\u00f4te d\u2019Azur LFMN<\/a><\/td>\n<td rowspan=\"2\" align=\"center\" valign=\"middle\" width=\"20\"><img loading=\"lazy\" decoding=\"async\" alt=\"\" src=\"https:\/\/www.sia.aviation-civile.gouv.fr\/img\/ptrans.gif\" width=\"20\" height=\"30\" \/><\/td>\n<\/tr>\n<tr>\n<td width=\"532\">Cr\u00e9ation de 1 Zone R\u00e9glement\u00e9e Temporaire(ZRT) pour un exercice organis\u00e9 dans le cadre du programme ESS (Emergency Support System) par le CEREN mettant en \u0153uvre un ballon captif et un a\u00e9ronef qui circule sans personne \u00e0 bord dans la r\u00e9gion des Alpes Marit<\/td>\n<\/tr>\n<tr>\n<td colspan=\"2\">\n<table style=\"width: 552px;\" border=\"0\" cellspacing=\"0\" cellpadding=\"0\">\n<tbody>\n<tr bgcolor=\"#E8EEFA\">\n<td width=\"8\"><\/td>\n<td><img loading=\"lazy\" decoding=\"async\" alt=\"\" src=\"https:\/\/www.sia.aviation-civile.gouv.fr\/img\/ptrans.gif\" width=\"8\" height=\"8\" \/><\/td>\n<td width=\"45\"><b>039\/13<\/b><\/td>\n<td width=\"155\"><b>Diffusion :\u00a0<\/b>IFR &#8211; VFR<\/td>\n<td width=\"80\"><b>Poids :\u00a0<\/b>226Ko<\/td>\n<td width=\"20\"><img loading=\"lazy\" decoding=\"async\" alt=\"\" src=\"https:\/\/www.sia.aviation-civile.gouv.fr\/img\/ptrans.gif\" width=\"20\" height=\"1\" \/><\/td>\n<td width=\"244\"><b>Valide du\u00a0<\/b><span>08 APR 2013<\/span><b>\u00a0au\u00a0<\/b><span>11 APR 2013<\/span><\/td>\n<\/tr>\n<\/tbody>\n<\/table>\n<table style=\"width: 552px;\" border=\"0\" cellspacing=\"0\" cellpadding=\"0\">\n<tbody>\n<tr>\n<td bgcolor=\"#E8EEFA\" width=\"100%\"><\/td>\n<\/tr>\n<\/tbody>\n<\/table>\n<\/td>\n<\/tr>\n<tr bgcolor=\"#1345A4\">\n<td colspan=\"2\"><img loading=\"lazy\" decoding=\"async\" alt=\"\" src=\"https:\/\/www.sia.aviation-civile.gouv.fr\/img\/ptrans.gif\" width=\"1\" height=\"1\" \/><\/td>\n<\/tr>\n<tr>\n<td colspan=\"2\"><img loading=\"lazy\" decoding=\"async\" alt=\"\" src=\"https:\/\/www.sia.aviation-civile.gouv.fr\/img\/ptrans.gif\" width=\"1\" height=\"5\" \/><\/td>\n<\/tr>\n<tr>\n<td width=\"532\"><a href=\"https:\/\/www.sia.aviation-civile.gouv.fr\/dossier\/supaipmetro\/SUP_2013_038_FR.pdf\" target=\"_blank\">FIR Marseille LFMM, FIR Bordeaux LFBB, AD Perpignan Rivesaltes LFMP<\/a><\/td>\n<td rowspan=\"2\" align=\"center\" valign=\"middle\" width=\"20\"><img loading=\"lazy\" decoding=\"async\" alt=\"\" src=\"https:\/\/www.sia.aviation-civile.gouv.fr\/img\/ptrans.gif\" width=\"20\" height=\"30\" \/><\/td>\n<\/tr>\n<tr>\n<td width=\"532\">Cr\u00e9ation d\u2019une zone r\u00e9glement\u00e9e temporaire(ZRT) pour exercice \u00ab MUSCAT\u00bb 2013.01<\/td>\n<\/tr>\n<tr>\n<td colspan=\"2\">\n<table style=\"width: 552px;\" border=\"0\" cellspacing=\"0\" cellpadding=\"0\">\n<tbody>\n<tr bgcolor=\"#E8EEFA\">\n<td width=\"8\"><\/td>\n<td><img loading=\"lazy\" decoding=\"async\" alt=\"\" src=\"https:\/\/www.sia.aviation-civile.gouv.fr\/img\/ptrans.gif\" width=\"8\" height=\"8\" \/><\/td>\n<td width=\"45\"><b>038\/13<\/b><\/td>\n<td width=\"155\"><b>Diffusion :\u00a0<\/b>IFR &#8211; VFR<\/td>\n<td width=\"80\"><b>Poids :\u00a0<\/b>282Ko<\/td>\n<td width=\"20\"><img loading=\"lazy\" decoding=\"async\" alt=\"\" src=\"https:\/\/www.sia.aviation-civile.gouv.fr\/img\/ptrans.gif\" width=\"20\" height=\"1\" \/><\/td>\n<td width=\"244\"><b>Valide du\u00a0<\/b><span>09 APR 2013<\/span><b>\u00a0au\u00a0<\/b><span>18 APR 2013<\/span><\/td>\n<\/tr>\n<\/tbody>\n<\/table>\n<table style=\"width: 552px;\" border=\"0\" cellspacing=\"0\" cellpadding=\"0\">\n<tbody>\n<tr>\n<td bgcolor=\"#E8EEFA\" width=\"100%\"><\/td>\n<\/tr>\n<\/tbody>\n<\/table>\n<\/td>\n<\/tr>\n<tr bgcolor=\"#1345A4\">\n<td colspan=\"2\"><img loading=\"lazy\" decoding=\"async\" alt=\"\" src=\"https:\/\/www.sia.aviation-civile.gouv.fr\/img\/ptrans.gif\" width=\"1\" height=\"1\" \/><\/td>\n<\/tr>\n<tr>\n<td colspan=\"2\"><img loading=\"lazy\" decoding=\"async\" alt=\"\" src=\"https:\/\/www.sia.aviation-civile.gouv.fr\/img\/ptrans.gif\" width=\"1\" height=\"5\" \/><\/td>\n<\/tr>\n<tr>\n<td width=\"532\"><a href=\"https:\/\/www.sia.aviation-civile.gouv.fr\/dossier\/supaipmetro\/SUP_2013_037_FR.pdf\" target=\"_blank\">Ad Strasbourg\/Entzheim LFST<\/a><\/td>\n<td rowspan=\"2\" align=\"center\" valign=\"middle\" width=\"20\"><img loading=\"lazy\" decoding=\"async\" alt=\"\" src=\"https:\/\/www.sia.aviation-civile.gouv.fr\/img\/ptrans.gif\" width=\"20\" height=\"30\" \/><\/td>\n<\/tr>\n<tr>\n<td width=\"532\">Nouveaux postes de stationnement A16 et A91<\/td>\n<\/tr>\n<tr>\n<td colspan=\"2\">\n<table style=\"width: 552px;\" border=\"0\" cellspacing=\"0\" cellpadding=\"0\">\n<tbody>\n<tr bgcolor=\"#E8EEFA\">\n<td width=\"8\"><\/td>\n<td><img loading=\"lazy\" decoding=\"async\" alt=\"\" src=\"https:\/\/www.sia.aviation-civile.gouv.fr\/img\/ptrans.gif\" width=\"8\" height=\"8\" \/><\/td>\n<td width=\"45\"><b>037\/13<\/b><\/td>\n<td width=\"155\"><b>Diffusion :\u00a0<\/b>IFR &#8211; VFR<\/td>\n<td width=\"80\"><b>Poids :\u00a0<\/b>156Ko<\/td>\n<td width=\"20\"><img loading=\"lazy\" decoding=\"async\" alt=\"\" src=\"https:\/\/www.sia.aviation-civile.gouv.fr\/img\/ptrans.gif\" width=\"20\" height=\"1\" \/><\/td>\n<td width=\"244\"><b>Valide du\u00a0<\/b><span>02 MAY 2013<\/span><b>\u00a0au\u00a0<\/b><span>29 MAY 2013<\/span><\/td>\n<\/tr>\n<\/tbody>\n<\/table>\n<table style=\"width: 552px;\" border=\"0\" cellspacing=\"0\" cellpadding=\"0\">\n<tbody>\n<tr>\n<td bgcolor=\"#E8EEFA\" width=\"100%\"><\/td>\n<\/tr>\n<\/tbody>\n<\/table>\n<\/td>\n<\/tr>\n<tr bgcolor=\"#1345A4\">\n<td colspan=\"2\"><img loading=\"lazy\" decoding=\"async\" alt=\"\" src=\"https:\/\/www.sia.aviation-civile.gouv.fr\/img\/ptrans.gif\" width=\"1\" height=\"1\" \/><\/td>\n<\/tr>\n<tr>\n<td colspan=\"2\"><img loading=\"lazy\" decoding=\"async\" alt=\"\" src=\"https:\/\/www.sia.aviation-civile.gouv.fr\/img\/ptrans.gif\" width=\"1\" height=\"5\" \/><\/td>\n<\/tr>\n<tr>\n<td width=\"532\"><a href=\"https:\/\/www.sia.aviation-civile.gouv.fr\/dossier\/supaipmetro\/SUP_2013_036_FR.pdf\" target=\"_blank\">FIR Paris LFFF, FIR Bordeaux LFBB, AD Romorantin\/Prunier LFYR<\/a><\/td>\n<td rowspan=\"2\" align=\"center\" valign=\"middle\" width=\"20\"><img loading=\"lazy\" decoding=\"async\" alt=\"\" src=\"https:\/\/www.sia.aviation-civile.gouv.fr\/img\/ptrans.gif\" width=\"20\" height=\"30\" \/><\/td>\n<\/tr>\n<tr>\n<td width=\"532\">Cr\u00e9ation d\u2019une zone r\u00e9glement\u00e9e temporaire (ZRT) pour le championnat National air de vol \u00e0 voile 2013<\/td>\n<\/tr>\n<tr>\n<td colspan=\"2\">\n<table style=\"width: 552px;\" border=\"0\" cellspacing=\"0\" cellpadding=\"0\">\n<tbody>\n<tr bgcolor=\"#E8EEFA\">\n<td width=\"8\"><\/td>\n<td><img loading=\"lazy\" decoding=\"async\" alt=\"\" src=\"https:\/\/www.sia.aviation-civile.gouv.fr\/img\/ptrans.gif\" width=\"8\" height=\"8\" \/><\/td>\n<td width=\"45\"><b>036\/13<\/b><\/td>\n<td width=\"155\"><b>Diffusion :\u00a0<\/b>IFR &#8211; VFR<\/td>\n<td width=\"80\"><b>Poids :\u00a0<\/b>420Ko<\/td>\n<td width=\"20\"><img loading=\"lazy\" decoding=\"async\" alt=\"\" src=\"https:\/\/www.sia.aviation-civile.gouv.fr\/img\/ptrans.gif\" width=\"20\" height=\"1\" \/><\/td>\n<td width=\"244\"><b>Valide du\u00a0<\/b><span>20 MAY 2013<\/span><b>\u00a0au\u00a0<\/b><span>30 MAY 2013<\/span><\/td>\n<\/tr>\n<\/tbody>\n<\/table>\n<table style=\"width: 552px;\" border=\"0\" cellspacing=\"0\" cellpadding=\"0\">\n<tbody>\n<tr>\n<td bgcolor=\"#E8EEFA\" width=\"100%\"><\/td>\n<\/tr>\n<\/tbody>\n<\/table>\n<\/td>\n<\/tr>\n<tr bgcolor=\"#1345A4\">\n<td colspan=\"2\"><img loading=\"lazy\" decoding=\"async\" alt=\"\" src=\"https:\/\/www.sia.aviation-civile.gouv.fr\/img\/ptrans.gif\" width=\"1\" height=\"1\" \/><\/td>\n<\/tr>\n<tr>\n<td colspan=\"2\"><img loading=\"lazy\" decoding=\"async\" alt=\"\" src=\"https:\/\/www.sia.aviation-civile.gouv.fr\/img\/ptrans.gif\" width=\"1\" height=\"5\" \/><\/td>\n<\/tr>\n<tr>\n<td width=\"532\"><a href=\"https:\/\/www.sia.aviation-civile.gouv.fr\/dossier\/supaipmetro\/SUP_2013_035_FR.pdf\" target=\"_blank\">FIR Marseille LFMM<\/a><\/td>\n<td rowspan=\"2\" align=\"center\" valign=\"middle\" width=\"20\"><img loading=\"lazy\" decoding=\"async\" alt=\"\" src=\"https:\/\/www.sia.aviation-civile.gouv.fr\/img\/ptrans.gif\" width=\"20\" height=\"30\" \/><\/td>\n<\/tr>\n<tr>\n<td width=\"532\">Modification des zones LF-D 108 E Istres, LF-D 142 Hevea et LF-R 191 B H\u00e9rault Sud<\/td>\n<\/tr>\n<tr>\n<td colspan=\"2\">\n<table style=\"width: 552px;\" border=\"0\" cellspacing=\"0\" cellpadding=\"0\">\n<tbody>\n<tr bgcolor=\"#E8EEFA\">\n<td width=\"8\"><\/td>\n<td><img loading=\"lazy\" decoding=\"async\" alt=\"\" src=\"https:\/\/www.sia.aviation-civile.gouv.fr\/img\/ptrans.gif\" width=\"8\" height=\"8\" \/><\/td>\n<td width=\"45\"><b>035\/13<\/b><\/td>\n<td width=\"155\"><b>Diffusion :\u00a0<\/b>IFR &#8211; VFR<\/td>\n<td width=\"80\"><b>Poids :\u00a0<\/b>214Ko<\/td>\n<td width=\"20\"><img loading=\"lazy\" decoding=\"async\" alt=\"\" src=\"https:\/\/www.sia.aviation-civile.gouv.fr\/img\/ptrans.gif\" width=\"20\" height=\"1\" \/><\/td>\n<td width=\"244\"><b>Valide du\u00a0<\/b><span>02 MAY 2013<\/span><b>\u00a0au\u00a0<\/b><span>16 OCT 2013<\/span><\/td>\n<\/tr>\n<\/tbody>\n<\/table>\n<table style=\"width: 552px;\" border=\"0\" cellspacing=\"0\" cellpadding=\"0\">\n<tbody>\n<tr>\n<td bgcolor=\"#E8EEFA\" width=\"100%\"><\/td>\n<\/tr>\n<\/tbody>\n<\/table>\n<\/td>\n<\/tr>\n<tr bgcolor=\"#1345A4\">\n<td colspan=\"2\"><img loading=\"lazy\" decoding=\"async\" alt=\"\" src=\"https:\/\/www.sia.aviation-civile.gouv.fr\/img\/ptrans.gif\" width=\"1\" height=\"1\" \/><\/td>\n<\/tr>\n<tr>\n<td colspan=\"2\"><img loading=\"lazy\" decoding=\"async\" alt=\"\" src=\"https:\/\/www.sia.aviation-civile.gouv.fr\/img\/ptrans.gif\" width=\"1\" height=\"5\" \/><\/td>\n<\/tr>\n<tr>\n<td width=\"532\"><a href=\"https:\/\/www.sia.aviation-civile.gouv.fr\/dossier\/supaipmetro\/SUP_2013_034_FR.pdf\" target=\"_blank\">AD Metz Nancy Lorraine LFJL<\/a><\/td>\n<td rowspan=\"2\" align=\"center\" valign=\"middle\" width=\"20\"><img loading=\"lazy\" decoding=\"async\" alt=\"\" src=\"https:\/\/www.sia.aviation-civile.gouv.fr\/img\/ptrans.gif\" width=\"20\" height=\"30\" \/><\/td>\n<\/tr>\n<tr>\n<td width=\"532\">Arr\u00eat de l\u2019ILS MLY, du DME MLY, modifications des proc\u00e9dures IFR, pr\u00e9sence d\u2019obstacles en raison de travaux de renouvellement de l\u2019ILS RWY 22 MLY<\/td>\n<\/tr>\n<tr>\n<td colspan=\"2\">\n<table style=\"width: 552px;\" border=\"0\" cellspacing=\"0\" cellpadding=\"0\">\n<tbody>\n<tr bgcolor=\"#E8EEFA\">\n<td width=\"8\"><\/td>\n<td><img loading=\"lazy\" decoding=\"async\" alt=\"\" src=\"https:\/\/www.sia.aviation-civile.gouv.fr\/img\/ptrans.gif\" width=\"8\" height=\"8\" \/><\/td>\n<td width=\"45\"><b>034\/13<\/b><\/td>\n<td width=\"155\"><b>Diffusion :\u00a0<\/b>IFR<\/td>\n<td width=\"80\"><b>Poids :\u00a0<\/b>139Ko<\/td>\n<td width=\"20\"><img loading=\"lazy\" decoding=\"async\" alt=\"\" src=\"https:\/\/www.sia.aviation-civile.gouv.fr\/img\/ptrans.gif\" width=\"20\" height=\"1\" \/><\/td>\n<td width=\"244\"><b>Valide du\u00a0<\/b><span>02 MAY 2013<\/span><b>\u00a0au\u00a0<\/b><span>30 AUG 2013<\/span><\/td>\n<\/tr>\n<\/tbody>\n<\/table>\n<table style=\"width: 552px;\" border=\"0\" cellspacing=\"0\" cellpadding=\"0\">\n<tbody>\n<tr>\n<td bgcolor=\"#E8EEFA\" width=\"100%\"><\/td>\n<\/tr>\n<\/tbody>\n<\/table>\n<\/td>\n<\/tr>\n<tr bgcolor=\"#1345A4\">\n<td colspan=\"2\"><img loading=\"lazy\" decoding=\"async\" alt=\"\" src=\"https:\/\/www.sia.aviation-civile.gouv.fr\/img\/ptrans.gif\" width=\"1\" height=\"1\" \/><\/td>\n<\/tr>\n<tr>\n<td colspan=\"2\"><img loading=\"lazy\" decoding=\"async\" alt=\"\" src=\"https:\/\/www.sia.aviation-civile.gouv.fr\/img\/ptrans.gif\" width=\"1\" height=\"5\" \/><\/td>\n<\/tr>\n<tr>\n<td width=\"532\"><a href=\"https:\/\/www.sia.aviation-civile.gouv.fr\/dossier\/supaipmetro\/SUP_2013_033_FR.pdf\" target=\"_blank\">UIR France<\/a><\/td>\n<td rowspan=\"2\" align=\"center\" valign=\"middle\" width=\"20\"><img loading=\"lazy\" decoding=\"async\" alt=\"\" src=\"https:\/\/www.sia.aviation-civile.gouv.fr\/img\/ptrans.gif\" width=\"20\" height=\"30\" \/><\/td>\n<\/tr>\n<tr>\n<td width=\"532\">Utilisation des routes conditionnelles (CDR) lors des journ\u00e9es particuli\u00e8rement charg\u00e9es et des jours planifi\u00e9s d\u2019inactivit\u00e9 D\u00e9fense<\/td>\n<\/tr>\n<tr>\n<td colspan=\"2\">\n<table style=\"width: 552px;\" border=\"0\" cellspacing=\"0\" cellpadding=\"0\">\n<tbody>\n<tr bgcolor=\"#E8EEFA\">\n<td width=\"8\"><\/td>\n<td><img loading=\"lazy\" decoding=\"async\" alt=\"\" src=\"https:\/\/www.sia.aviation-civile.gouv.fr\/img\/ptrans.gif\" width=\"8\" height=\"8\" \/><\/td>\n<td width=\"45\"><b>033\/13<\/b><\/td>\n<td width=\"155\"><b>Diffusion :\u00a0<\/b>IFR<\/td>\n<td width=\"80\"><b>Poids :\u00a0<\/b>78Ko<\/td>\n<td width=\"20\"><img loading=\"lazy\" decoding=\"async\" alt=\"\" src=\"https:\/\/www.sia.aviation-civile.gouv.fr\/img\/ptrans.gif\" width=\"20\" height=\"1\" \/><\/td>\n<td width=\"244\"><b>Valide du\u00a0<\/b><span>02 MAY 2013<\/span><b>\u00a0au\u00a0<\/b><span>25 OCT 2013<\/span><\/td>\n<\/tr>\n<\/tbody>\n<\/table>\n<table style=\"width: 552px;\" border=\"0\" cellspacing=\"0\" cellpadding=\"0\">\n<tbody>\n<tr>\n<td bgcolor=\"#E8EEFA\" width=\"100%\"><\/td>\n<\/tr>\n<\/tbody>\n<\/table>\n<\/td>\n<\/tr>\n<tr bgcolor=\"#1345A4\">\n<td colspan=\"2\"><img loading=\"lazy\" decoding=\"async\" alt=\"\" src=\"https:\/\/www.sia.aviation-civile.gouv.fr\/img\/ptrans.gif\" width=\"1\" height=\"1\" \/><\/td>\n<\/tr>\n<tr>\n<td colspan=\"2\"><img loading=\"lazy\" decoding=\"async\" alt=\"\" src=\"https:\/\/www.sia.aviation-civile.gouv.fr\/img\/ptrans.gif\" width=\"1\" height=\"5\" \/><\/td>\n<\/tr>\n<tr>\n<td width=\"532\"><a href=\"https:\/\/www.sia.aviation-civile.gouv.fr\/dossier\/supaipmetro\/SUP_2013_032_FR.pdf\" target=\"_blank\">AD Paris\/le Bourget LFPB<\/a><\/td>\n<td rowspan=\"2\" align=\"center\" valign=\"middle\" width=\"20\"><img loading=\"lazy\" decoding=\"async\" alt=\"\" src=\"https:\/\/www.sia.aviation-civile.gouv.fr\/img\/ptrans.gif\" width=\"20\" height=\"30\" \/><\/td>\n<\/tr>\n<tr>\n<td width=\"532\">Modification de la proc\u00e9dure VPT a RWY03<\/td>\n<\/tr>\n<tr>\n<td colspan=\"2\">\n<table style=\"width: 552px;\" border=\"0\" cellspacing=\"0\" cellpadding=\"0\">\n<tbody>\n<tr bgcolor=\"#E8EEFA\">\n<td width=\"8\"><\/td>\n<td><img loading=\"lazy\" decoding=\"async\" alt=\"\" src=\"https:\/\/www.sia.aviation-civile.gouv.fr\/img\/ptrans.gif\" width=\"8\" height=\"8\" \/><\/td>\n<td width=\"45\"><b>032\/13<\/b><\/td>\n<td width=\"155\"><b>Diffusion :\u00a0<\/b>IFR<\/td>\n<td width=\"80\"><b>Poids :<\/b>1253Ko<\/td>\n<td width=\"20\"><img loading=\"lazy\" decoding=\"async\" alt=\"\" src=\"https:\/\/www.sia.aviation-civile.gouv.fr\/img\/ptrans.gif\" width=\"20\" height=\"1\" \/><\/td>\n<td width=\"244\"><b>Valide du\u00a0<\/b><span>02 MAY 2013<\/span><b>\u00a0au\u00a0<\/b><span>30 MAY 2013<\/span><\/td>\n<\/tr>\n<\/tbody>\n<\/table>\n<table style=\"width: 552px;\" border=\"0\" cellspacing=\"0\" cellpadding=\"0\">\n<tbody>\n<tr>\n<td bgcolor=\"#E8EEFA\" width=\"100%\"><\/td>\n<\/tr>\n<\/tbody>\n<\/table>\n<\/td>\n<\/tr>\n<tr bgcolor=\"#1345A4\">\n<td colspan=\"2\"><img loading=\"lazy\" decoding=\"async\" alt=\"\" src=\"https:\/\/www.sia.aviation-civile.gouv.fr\/img\/ptrans.gif\" width=\"1\" height=\"1\" \/><\/td>\n<\/tr>\n<tr>\n<td colspan=\"2\"><img loading=\"lazy\" decoding=\"async\" alt=\"\" src=\"https:\/\/www.sia.aviation-civile.gouv.fr\/img\/ptrans.gif\" width=\"1\" height=\"5\" \/><\/td>\n<\/tr>\n<tr>\n<td width=\"532\"><a href=\"https:\/\/www.sia.aviation-civile.gouv.fr\/dossier\/supaipmetro\/SUP_2013_031_FR.pdf\" target=\"_blank\">FIR Bordeaux LFBB<\/a><\/td>\n<td rowspan=\"2\" align=\"center\" valign=\"middle\" width=\"20\"><img loading=\"lazy\" decoding=\"async\" alt=\"\" src=\"https:\/\/www.sia.aviation-civile.gouv.fr\/img\/ptrans.gif\" width=\"20\" height=\"30\" \/><\/td>\n<\/tr>\n<tr>\n<td width=\"532\">Cr\u00e9ation de 3 zones r\u00e8glement\u00e9es temporaires (ZRT) pour des vols d\u2019a\u00e9ronefs t\u00e9l\u00e9-pilot\u00e9s non habit\u00e9s.<\/td>\n<\/tr>\n<tr>\n<td colspan=\"2\">\n<table style=\"width: 552px;\" border=\"0\" cellspacing=\"0\" cellpadding=\"0\">\n<tbody>\n<tr bgcolor=\"#E8EEFA\">\n<td width=\"8\"><\/td>\n<td><img loading=\"lazy\" decoding=\"async\" alt=\"\" src=\"https:\/\/www.sia.aviation-civile.gouv.fr\/img\/ptrans.gif\" width=\"8\" height=\"8\" \/><\/td>\n<td width=\"45\"><b>031\/13<\/b><\/td>\n<td width=\"155\"><b>Diffusion :\u00a0<\/b>IFR &#8211; VFR<\/td>\n<td width=\"80\"><b>Poids :\u00a0<\/b>185Ko<\/td>\n<td width=\"20\"><img loading=\"lazy\" decoding=\"async\" alt=\"\" src=\"https:\/\/www.sia.aviation-civile.gouv.fr\/img\/ptrans.gif\" width=\"20\" height=\"1\" \/><\/td>\n<td width=\"244\"><b>Valide du\u00a0<\/b><span>28 MAR 2013<\/span><b>\u00a0au\u00a0<\/b><span>31 MAR 2013<\/span><\/td>\n<\/tr>\n<\/tbody>\n<\/table>\n<table style=\"width: 552px;\" border=\"0\" cellspacing=\"0\" cellpadding=\"0\">\n<tbody>\n<tr>\n<td bgcolor=\"#E8EEFA\" width=\"100%\"><\/td>\n<\/tr>\n<\/tbody>\n<\/table>\n<\/td>\n<\/tr>\n<tr bgcolor=\"#1345A4\">\n<td colspan=\"2\"><img loading=\"lazy\" decoding=\"async\" alt=\"\" src=\"https:\/\/www.sia.aviation-civile.gouv.fr\/img\/ptrans.gif\" width=\"1\" height=\"1\" \/><\/td>\n<\/tr>\n<tr>\n<td colspan=\"2\"><img loading=\"lazy\" decoding=\"async\" alt=\"\" src=\"https:\/\/www.sia.aviation-civile.gouv.fr\/img\/ptrans.gif\" width=\"1\" height=\"5\" \/><\/td>\n<\/tr>\n<tr>\n<td width=\"532\"><a href=\"https:\/\/www.sia.aviation-civile.gouv.fr\/dossier\/supaipmetro\/SUP_2013_030_FR.pdf\" target=\"_blank\">FIR Bordeaux LFBB, Peyresourde LFIP, Bagneres LFCB<\/a><\/td>\n<td rowspan=\"2\" align=\"center\" valign=\"middle\" width=\"20\"><img loading=\"lazy\" decoding=\"async\" alt=\"\" src=\"https:\/\/www.sia.aviation-civile.gouv.fr\/img\/ptrans.gif\" width=\"20\" height=\"30\" \/><\/td>\n<\/tr>\n<tr>\n<td width=\"532\">Cr\u00e9ation d\u2019une zone r\u00e8glement\u00e9e temporaires (ZRT) pour l\u2019exercice EUGENIE 2013<\/td>\n<\/tr>\n<tr>\n<td colspan=\"2\">\n<table style=\"width: 552px;\" border=\"0\" cellspacing=\"0\" cellpadding=\"0\">\n<tbody>\n<tr bgcolor=\"#E8EEFA\">\n<td width=\"8\"><\/td>\n<td><img loading=\"lazy\" decoding=\"async\" alt=\"\" src=\"https:\/\/www.sia.aviation-civile.gouv.fr\/img\/ptrans.gif\" width=\"8\" height=\"8\" \/><\/td>\n<td width=\"45\"><b>030\/13<\/b><\/td>\n<td width=\"155\"><b>Diffusion :\u00a0<\/b>IFR &#8211; VFR<\/td>\n<td width=\"80\"><b>Poids :\u00a0<\/b>206Ko<\/td>\n<td width=\"20\"><img loading=\"lazy\" decoding=\"async\" alt=\"\" src=\"https:\/\/www.sia.aviation-civile.gouv.fr\/img\/ptrans.gif\" width=\"20\" height=\"1\" \/><\/td>\n<td width=\"244\"><b>Valide du\u00a0<\/b><span>30 MAR 2013<\/span><b>\u00a0au\u00a0<\/b><span>09 APR 2013<\/span><\/td>\n<\/tr>\n<\/tbody>\n<\/table>\n<table style=\"width: 552px;\" border=\"0\" cellspacing=\"0\" cellpadding=\"0\">\n<tbody>\n<tr>\n<td bgcolor=\"#E8EEFA\" width=\"100%\"><\/td>\n<\/tr>\n<\/tbody>\n<\/table>\n<\/td>\n<\/tr>\n<tr bgcolor=\"#1345A4\">\n<td colspan=\"2\"><img loading=\"lazy\" decoding=\"async\" alt=\"\" src=\"https:\/\/www.sia.aviation-civile.gouv.fr\/img\/ptrans.gif\" width=\"1\" height=\"1\" \/><\/td>\n<\/tr>\n<tr>\n<td colspan=\"2\"><img loading=\"lazy\" decoding=\"async\" alt=\"\" src=\"https:\/\/www.sia.aviation-civile.gouv.fr\/img\/ptrans.gif\" width=\"1\" height=\"5\" \/><\/td>\n<\/tr>\n<tr>\n<td width=\"532\"><a href=\"https:\/\/www.sia.aviation-civile.gouv.fr\/dossier\/supaipmetro\/SUP_2013_029_FR.pdf\" target=\"_blank\">FIR Bordeaux LFBB, AD Bordeaux M\u00e9rignac LFBD<\/a><\/td>\n<td rowspan=\"2\" align=\"center\" valign=\"middle\" width=\"20\"><img loading=\"lazy\" decoding=\"async\" alt=\"\" src=\"https:\/\/www.sia.aviation-civile.gouv.fr\/img\/ptrans.gif\" width=\"20\" height=\"30\" \/><\/td>\n<\/tr>\n<tr>\n<td width=\"532\">D\u00e9sactivation de la LF-R247 et cr\u00e9ation de deux zones r\u00e9glement\u00e9es temporaires 247A et 247B SOUGE<\/td>\n<\/tr>\n<tr>\n<td colspan=\"2\">\n<table style=\"width: 552px;\" border=\"0\" cellspacing=\"0\" cellpadding=\"0\">\n<tbody>\n<tr bgcolor=\"#E8EEFA\">\n<td width=\"8\"><\/td>\n<td><img loading=\"lazy\" decoding=\"async\" alt=\"\" src=\"https:\/\/www.sia.aviation-civile.gouv.fr\/img\/ptrans.gif\" width=\"8\" height=\"8\" \/><\/td>\n<td width=\"45\"><b>029\/13<\/b><\/td>\n<td width=\"155\"><b>Diffusion :\u00a0<\/b>IFR &#8211; VFR<\/td>\n<td width=\"80\"><b>Poids :\u00a0<\/b>197Ko<\/td>\n<td width=\"20\"><img loading=\"lazy\" decoding=\"async\" alt=\"\" src=\"https:\/\/www.sia.aviation-civile.gouv.fr\/img\/ptrans.gif\" width=\"20\" height=\"1\" \/><\/td>\n<td width=\"244\"><b>Valide du\u00a0<\/b><span>02 APR 2013<\/span><b>\u00a0au\u00a0<\/b><span>31 DEC 2013<\/span><\/td>\n<\/tr>\n<\/tbody>\n<\/table>\n<table style=\"width: 552px;\" border=\"0\" cellspacing=\"0\" cellpadding=\"0\">\n<tbody>\n<tr>\n<td bgcolor=\"#E8EEFA\" width=\"100%\"><\/td>\n<\/tr>\n<\/tbody>\n<\/table>\n<\/td>\n<\/tr>\n<tr bgcolor=\"#1345A4\">\n<td colspan=\"2\"><img loading=\"lazy\" decoding=\"async\" alt=\"\" src=\"https:\/\/www.sia.aviation-civile.gouv.fr\/img\/ptrans.gif\" width=\"1\" height=\"1\" \/><\/td>\n<\/tr>\n<tr>\n<td colspan=\"2\"><img loading=\"lazy\" decoding=\"async\" alt=\"\" src=\"https:\/\/www.sia.aviation-civile.gouv.fr\/img\/ptrans.gif\" width=\"1\" height=\"5\" \/><\/td>\n<\/tr>\n<tr>\n<td width=\"532\"><a href=\"https:\/\/www.sia.aviation-civile.gouv.fr\/dossier\/supaipmetro\/SUP_2013_028_FR.pdf\" target=\"_blank\">FIR Paris LFFF<\/a><\/td>\n<td rowspan=\"2\" align=\"center\" valign=\"middle\" width=\"20\"><img loading=\"lazy\" decoding=\"async\" alt=\"\" src=\"https:\/\/www.sia.aviation-civile.gouv.fr\/img\/ptrans.gif\" width=\"20\" height=\"30\" \/><\/td>\n<\/tr>\n<tr>\n<td width=\"532\">Cr\u00e9ation d\u2019une zone r\u00e9glement\u00e9e temporaire ZRT C Sissonne<\/td>\n<\/tr>\n<tr>\n<td colspan=\"2\">\n<table style=\"width: 552px;\" border=\"0\" cellspacing=\"0\" cellpadding=\"0\">\n<tbody>\n<tr bgcolor=\"#E8EEFA\">\n<td width=\"8\"><\/td>\n<td><img loading=\"lazy\" decoding=\"async\" alt=\"\" src=\"https:\/\/www.sia.aviation-civile.gouv.fr\/img\/ptrans.gif\" width=\"8\" height=\"8\" \/><\/td>\n<td width=\"45\"><b>028\/13<\/b><\/td>\n<td width=\"155\"><b>Diffusion :\u00a0<\/b>IFR &#8211; VFR<\/td>\n<td width=\"80\"><b>Poids :\u00a0<\/b>150Ko<\/td>\n<td width=\"20\"><img loading=\"lazy\" decoding=\"async\" alt=\"\" src=\"https:\/\/www.sia.aviation-civile.gouv.fr\/img\/ptrans.gif\" width=\"20\" height=\"1\" \/><\/td>\n<td width=\"244\"><b>Valide du\u00a0<\/b><span>07 MAR 2013<\/span><b>\u00a0au\u00a0<\/b><span>02 APR 2014<\/span><\/td>\n<\/tr>\n<\/tbody>\n<\/table>\n<table style=\"width: 552px;\" border=\"0\" cellspacing=\"0\" cellpadding=\"0\">\n<tbody>\n<tr>\n<td bgcolor=\"#E8EEFA\" width=\"100%\"><\/td>\n<\/tr>\n<\/tbody>\n<\/table>\n<\/td>\n<\/tr>\n<tr bgcolor=\"#1345A4\">\n<td colspan=\"2\"><img loading=\"lazy\" decoding=\"async\" alt=\"\" src=\"https:\/\/www.sia.aviation-civile.gouv.fr\/img\/ptrans.gif\" width=\"1\" height=\"1\" \/><\/td>\n<\/tr>\n<tr>\n<td colspan=\"2\"><img loading=\"lazy\" decoding=\"async\" alt=\"\" src=\"https:\/\/www.sia.aviation-civile.gouv.fr\/img\/ptrans.gif\" width=\"1\" height=\"5\" \/><\/td>\n<\/tr>\n<tr>\n<td width=\"532\"><a href=\"https:\/\/www.sia.aviation-civile.gouv.fr\/dossier\/supaipmetro\/SUP_2013_026_FR.pdf\" target=\"_blank\">FIR Marseille (LFMM)<\/a><\/td>\n<td rowspan=\"2\" align=\"center\" valign=\"middle\" width=\"20\"><img loading=\"lazy\" decoding=\"async\" alt=\"\" src=\"https:\/\/www.sia.aviation-civile.gouv.fr\/img\/ptrans.gif\" width=\"20\" height=\"30\" \/><\/td>\n<\/tr>\n<tr>\n<td width=\"532\">Cr\u00e9ation d\u2019une zone r\u00e9glement\u00e9e temporaire et d\u2019une zone dangereuse temporaire dans le cadre de l\u2019exercice ZOHAN 2013<\/td>\n<\/tr>\n<tr>\n<td colspan=\"2\">\n<table style=\"width: 552px;\" border=\"0\" cellspacing=\"0\" cellpadding=\"0\">\n<tbody>\n<tr bgcolor=\"#E8EEFA\">\n<td width=\"8\"><\/td>\n<td><img loading=\"lazy\" decoding=\"async\" alt=\"\" src=\"https:\/\/www.sia.aviation-civile.gouv.fr\/img\/ptrans.gif\" width=\"8\" height=\"8\" \/><\/td>\n<td width=\"45\"><b>026\/13<\/b><\/td>\n<td width=\"155\"><b>Diffusion :\u00a0<\/b>IFR &#8211; VFR<\/td>\n<td width=\"80\"><b>Poids :\u00a0<\/b>366Ko<\/td>\n<td width=\"20\"><img loading=\"lazy\" decoding=\"async\" alt=\"\" src=\"https:\/\/www.sia.aviation-civile.gouv.fr\/img\/ptrans.gif\" width=\"20\" height=\"1\" \/><\/td>\n<td width=\"244\"><b>Valide du\u00a0<\/b><span>26 MAR 2013<\/span><b>\u00a0au\u00a0<\/b><span>28 MAR 2013<\/span><\/td>\n<\/tr>\n<\/tbody>\n<\/table>\n<table style=\"width: 552px;\" border=\"0\" cellspacing=\"0\" cellpadding=\"0\">\n<tbody>\n<tr>\n<td bgcolor=\"#E8EEFA\" width=\"100%\"><\/td>\n<\/tr>\n<\/tbody>\n<\/table>\n<\/td>\n<\/tr>\n<tr bgcolor=\"#1345A4\">\n<td colspan=\"2\"><img loading=\"lazy\" decoding=\"async\" alt=\"\" src=\"https:\/\/www.sia.aviation-civile.gouv.fr\/img\/ptrans.gif\" width=\"1\" height=\"1\" \/><\/td>\n<\/tr>\n<tr>\n<td colspan=\"2\"><img loading=\"lazy\" decoding=\"async\" alt=\"\" src=\"https:\/\/www.sia.aviation-civile.gouv.fr\/img\/ptrans.gif\" width=\"1\" height=\"5\" \/><\/td>\n<\/tr>\n<tr>\n<td width=\"532\"><a href=\"https:\/\/www.sia.aviation-civile.gouv.fr\/dossier\/supaipmetro\/SUP_2013_024_FR.pdf\" target=\"_blank\">FIR Bordeaux LFBB<\/a><\/td>\n<td rowspan=\"2\" align=\"center\" valign=\"middle\" width=\"20\"><img loading=\"lazy\" decoding=\"async\" alt=\"\" src=\"https:\/\/www.sia.aviation-civile.gouv.fr\/img\/ptrans.gif\" width=\"20\" height=\"30\" \/><\/td>\n<\/tr>\n<tr>\n<td width=\"532\">Cr\u00e9ation d\u2019une Zone R\u00e9glement\u00e9e Temporaire (ZRT) \u00e0 Fonsorbes<\/td>\n<\/tr>\n<tr>\n<td colspan=\"2\">\n<table style=\"width: 552px;\" border=\"0\" cellspacing=\"0\" cellpadding=\"0\">\n<tbody>\n<tr bgcolor=\"#E8EEFA\">\n<td width=\"8\"><\/td>\n<td><img loading=\"lazy\" decoding=\"async\" alt=\"\" src=\"https:\/\/www.sia.aviation-civile.gouv.fr\/img\/ptrans.gif\" width=\"8\" height=\"8\" \/><\/td>\n<td width=\"45\"><b>024\/13<\/b><\/td>\n<td width=\"155\"><b>Diffusion :\u00a0<\/b>IFR &#8211; VFR<\/td>\n<td width=\"80\"><b>Poids :\u00a0<\/b>169Ko<\/td>\n<td width=\"20\"><img loading=\"lazy\" decoding=\"async\" alt=\"\" src=\"https:\/\/www.sia.aviation-civile.gouv.fr\/img\/ptrans.gif\" width=\"20\" height=\"1\" \/><\/td>\n<td width=\"244\"><b>Valide du\u00a0<\/b><span>14 MAR 2013<\/span><b>\u00a0au\u00a0<\/b><span>31 DEC 2013<\/span><\/td>\n<\/tr>\n<\/tbody>\n<\/table>\n<table style=\"width: 552px;\" border=\"0\" cellspacing=\"0\" cellpadding=\"0\">\n<tbody>\n<tr>\n<td bgcolor=\"#E8EEFA\" width=\"100%\"><\/td>\n<\/tr>\n<\/tbody>\n<\/table>\n<\/td>\n<\/tr>\n<tr bgcolor=\"#1345A4\">\n<td colspan=\"2\"><img loading=\"lazy\" decoding=\"async\" alt=\"\" src=\"https:\/\/www.sia.aviation-civile.gouv.fr\/img\/ptrans.gif\" width=\"1\" height=\"1\" \/><\/td>\n<\/tr>\n<tr>\n<td colspan=\"2\"><img loading=\"lazy\" decoding=\"async\" alt=\"\" src=\"https:\/\/www.sia.aviation-civile.gouv.fr\/img\/ptrans.gif\" width=\"1\" height=\"5\" \/><\/td>\n<\/tr>\n<tr>\n<td width=\"532\"><a href=\"https:\/\/www.sia.aviation-civile.gouv.fr\/dossier\/supaipmetro\/SUP_2013_021_FR.pdf\" target=\"_blank\">FIR Paris LFFF, AD Deauville Normandie LFRG, AD Le Havre Octeville LFOH, AD Le Havre Saint Romain LFOY<\/a><\/td>\n<td rowspan=\"2\" align=\"center\" valign=\"middle\" width=\"20\"><img loading=\"lazy\" decoding=\"async\" alt=\"\" src=\"https:\/\/www.sia.aviation-civile.gouv.fr\/img\/ptrans.gif\" width=\"20\" height=\"30\" \/><\/td>\n<\/tr>\n<tr>\n<td width=\"532\">Cr\u00e9ation de 1 Zone R\u00e9glement\u00e9e Temporaire (ZRT) dans la TMA 1 Deauville,<\/td>\n<\/tr>\n<tr>\n<td colspan=\"2\">\n<table style=\"width: 552px;\" border=\"0\" cellspacing=\"0\" cellpadding=\"0\">\n<tbody>\n<tr bgcolor=\"#E8EEFA\">\n<td width=\"8\"><\/td>\n<td><img loading=\"lazy\" decoding=\"async\" alt=\"\" src=\"https:\/\/www.sia.aviation-civile.gouv.fr\/img\/ptrans.gif\" width=\"8\" height=\"8\" \/><\/td>\n<td width=\"45\"><b>021\/13<\/b><\/td>\n<td width=\"155\"><b>Diffusion :\u00a0<\/b>IFR &#8211; VFR<\/td>\n<td width=\"80\"><b>Poids :\u00a0<\/b>101Ko<\/td>\n<td width=\"20\"><img loading=\"lazy\" decoding=\"async\" alt=\"\" src=\"https:\/\/www.sia.aviation-civile.gouv.fr\/img\/ptrans.gif\" width=\"20\" height=\"1\" \/><\/td>\n<td width=\"244\"><b>Valide du\u00a0<\/b><span>04 APR 2013<\/span><b>\u00a0au\u00a0<\/b><span>16 OCT 2013<\/span><\/td>\n<\/tr>\n<\/tbody>\n<\/table>\n<table style=\"width: 552px;\" border=\"0\" cellspacing=\"0\" cellpadding=\"0\">\n<tbody>\n<tr>\n<td bgcolor=\"#E8EEFA\" width=\"100%\"><\/td>\n<\/tr>\n<\/tbody>\n<\/table>\n<\/td>\n<\/tr>\n<tr bgcolor=\"#1345A4\">\n<td colspan=\"2\"><img loading=\"lazy\" decoding=\"async\" alt=\"\" src=\"https:\/\/www.sia.aviation-civile.gouv.fr\/img\/ptrans.gif\" width=\"1\" height=\"1\" \/><\/td>\n<\/tr>\n<tr>\n<td colspan=\"2\"><img loading=\"lazy\" decoding=\"async\" alt=\"\" src=\"https:\/\/www.sia.aviation-civile.gouv.fr\/img\/ptrans.gif\" width=\"1\" height=\"5\" \/><\/td>\n<\/tr>\n<tr>\n<td width=\"532\"><a href=\"https:\/\/www.sia.aviation-civile.gouv.fr\/dossier\/supaipmetro\/SUP_2013_020_FR.pdf\" target=\"_blank\">AD Paris\/le Bourget LFPB<\/a><\/td>\n<td rowspan=\"2\" align=\"center\" valign=\"middle\" width=\"20\"><img loading=\"lazy\" decoding=\"async\" alt=\"\" src=\"https:\/\/www.sia.aviation-civile.gouv.fr\/img\/ptrans.gif\" width=\"20\" height=\"30\" \/><\/td>\n<\/tr>\n<tr>\n<td width=\"532\">R\u00e9am\u00e9nagement de la partie SUD de l&rsquo;a\u00e9roport<\/td>\n<\/tr>\n<tr>\n<td colspan=\"2\">\n<table style=\"width: 552px;\" border=\"0\" cellspacing=\"0\" cellpadding=\"0\">\n<tbody>\n<tr bgcolor=\"#E8EEFA\">\n<td width=\"8\"><\/td>\n<td><img loading=\"lazy\" decoding=\"async\" alt=\"\" src=\"https:\/\/www.sia.aviation-civile.gouv.fr\/img\/ptrans.gif\" width=\"8\" height=\"8\" \/><\/td>\n<td width=\"45\"><b>020\/13<\/b><\/td>\n<td width=\"155\"><b>Diffusion :\u00a0<\/b>IFR &#8211; VFR<\/td>\n<td width=\"80\"><b>Poids :\u00a0<\/b>688Ko<\/td>\n<td width=\"20\"><img loading=\"lazy\" decoding=\"async\" alt=\"\" src=\"https:\/\/www.sia.aviation-civile.gouv.fr\/img\/ptrans.gif\" width=\"20\" height=\"1\" \/><\/td>\n<td width=\"244\"><b>Valide du\u00a0<\/b><span>04 APR 2013<\/span><b>\u00a0au\u00a0<\/b><span>02 MAY 2013<\/span><\/td>\n<\/tr>\n<\/tbody>\n<\/table>\n<table style=\"width: 552px;\" border=\"0\" cellspacing=\"0\" cellpadding=\"0\">\n<tbody>\n<tr>\n<td bgcolor=\"#E8EEFA\" width=\"100%\"><\/td>\n<\/tr>\n<\/tbody>\n<\/table>\n<\/td>\n<\/tr>\n<tr bgcolor=\"#1345A4\">\n<td colspan=\"2\"><img loading=\"lazy\" decoding=\"async\" alt=\"\" src=\"https:\/\/www.sia.aviation-civile.gouv.fr\/img\/ptrans.gif\" width=\"1\" height=\"1\" \/><\/td>\n<\/tr>\n<tr>\n<td colspan=\"2\"><img loading=\"lazy\" decoding=\"async\" alt=\"\" src=\"https:\/\/www.sia.aviation-civile.gouv.fr\/img\/ptrans.gif\" width=\"1\" height=\"5\" \/><\/td>\n<\/tr>\n<tr>\n<td width=\"532\"><a href=\"https:\/\/www.sia.aviation-civile.gouv.fr\/dossier\/supaipmetro\/SUP_2013_019_FR.pdf\" target=\"_blank\">AD Paris\/Charles de Gaulle LFPG<\/a><\/td>\n<td rowspan=\"2\" align=\"center\" valign=\"middle\" width=\"20\"><img loading=\"lazy\" decoding=\"async\" alt=\"\" src=\"https:\/\/www.sia.aviation-civile.gouv.fr\/img\/ptrans.gif\" width=\"20\" height=\"30\" \/><\/td>\n<\/tr>\n<tr>\n<td width=\"532\">Travaux de r\u00e9am\u00e9nagement du seuil de piste 08L<\/td>\n<\/tr>\n<tr>\n<td colspan=\"2\">\n<table style=\"width: 552px;\" border=\"0\" cellspacing=\"0\" cellpadding=\"0\">\n<tbody>\n<tr bgcolor=\"#E8EEFA\">\n<td width=\"8\"><\/td>\n<td><img loading=\"lazy\" decoding=\"async\" alt=\"\" src=\"https:\/\/www.sia.aviation-civile.gouv.fr\/img\/ptrans.gif\" width=\"8\" height=\"8\" \/><\/td>\n<td width=\"45\"><b>019\/13<\/b><\/td>\n<td width=\"155\"><b>Diffusion :\u00a0<\/b>IFR &#8211; VFR<\/td>\n<td width=\"80\"><b>Poids :\u00a0<\/b>612Ko<\/td>\n<td width=\"20\"><img loading=\"lazy\" decoding=\"async\" alt=\"\" src=\"https:\/\/www.sia.aviation-civile.gouv.fr\/img\/ptrans.gif\" width=\"20\" height=\"1\" \/><\/td>\n<td width=\"244\"><b>Valide du\u00a0<\/b><span>02 APR 2013<\/span><b>\u00a0au\u00a0<\/b><span>15 OCT 2013<\/span><\/td>\n<\/tr>\n<\/tbody>\n<\/table>\n<table style=\"width: 552px;\" border=\"0\" cellspacing=\"0\" cellpadding=\"0\">\n<tbody>\n<tr>\n<td bgcolor=\"#E8EEFA\" width=\"100%\"><\/td>\n<\/tr>\n<\/tbody>\n<\/table>\n<\/td>\n<\/tr>\n<tr bgcolor=\"#1345A4\">\n<td colspan=\"2\"><img loading=\"lazy\" decoding=\"async\" alt=\"\" src=\"https:\/\/www.sia.aviation-civile.gouv.fr\/img\/ptrans.gif\" width=\"1\" height=\"1\" \/><\/td>\n<\/tr>\n<tr>\n<td colspan=\"2\"><img loading=\"lazy\" decoding=\"async\" alt=\"\" src=\"https:\/\/www.sia.aviation-civile.gouv.fr\/img\/ptrans.gif\" width=\"1\" height=\"5\" \/><\/td>\n<\/tr>\n<tr>\n<td width=\"532\"><a href=\"https:\/\/www.sia.aviation-civile.gouv.fr\/dossier\/supaipmetro\/SUP_2013_018_FR.pdf\" target=\"_blank\">AD Nantes Atlantique LFRS<\/a><\/td>\n<td rowspan=\"2\" align=\"center\" valign=\"middle\" width=\"20\"><img loading=\"lazy\" decoding=\"async\" alt=\"\" src=\"https:\/\/www.sia.aviation-civile.gouv.fr\/img\/ptrans.gif\" width=\"20\" height=\"30\" \/><\/td>\n<\/tr>\n<tr>\n<td width=\"532\">Evaluation de proc\u00e9dure d\u2019Approche en Descente Continue (CDO)<\/td>\n<\/tr>\n<tr>\n<td colspan=\"2\">\n<table style=\"width: 552px;\" border=\"0\" cellspacing=\"0\" cellpadding=\"0\">\n<tbody>\n<tr bgcolor=\"#E8EEFA\">\n<td width=\"8\"><\/td>\n<td><img loading=\"lazy\" decoding=\"async\" alt=\"\" src=\"https:\/\/www.sia.aviation-civile.gouv.fr\/img\/ptrans.gif\" width=\"8\" height=\"8\" \/><\/td>\n<td width=\"45\"><b>018\/13<\/b><\/td>\n<td width=\"155\"><b>Diffusion :\u00a0<\/b>IFR<\/td>\n<td width=\"80\"><b>Poids :\u00a0<\/b>177Ko<\/td>\n<td width=\"20\"><img loading=\"lazy\" decoding=\"async\" alt=\"\" src=\"https:\/\/www.sia.aviation-civile.gouv.fr\/img\/ptrans.gif\" width=\"20\" height=\"1\" \/><\/td>\n<td width=\"244\"><b>Valide du\u00a0<\/b><span>04 APR 2013<\/span><b>\u00a0au\u00a0<\/b><span>17 OCT 2013<\/span><\/td>\n<\/tr>\n<\/tbody>\n<\/table>\n<table style=\"width: 552px;\" border=\"0\" cellspacing=\"0\" cellpadding=\"0\">\n<tbody>\n<tr>\n<td bgcolor=\"#E8EEFA\" width=\"100%\"><\/td>\n<\/tr>\n<\/tbody>\n<\/table>\n<\/td>\n<\/tr>\n<tr bgcolor=\"#1345A4\">\n<td colspan=\"2\"><img loading=\"lazy\" decoding=\"async\" alt=\"\" src=\"https:\/\/www.sia.aviation-civile.gouv.fr\/img\/ptrans.gif\" width=\"1\" height=\"1\" \/><\/td>\n<\/tr>\n<tr>\n<td colspan=\"2\"><img loading=\"lazy\" decoding=\"async\" alt=\"\" src=\"https:\/\/www.sia.aviation-civile.gouv.fr\/img\/ptrans.gif\" width=\"1\" height=\"5\" \/><\/td>\n<\/tr>\n<tr>\n<td width=\"532\"><a href=\"https:\/\/www.sia.aviation-civile.gouv.fr\/dossier\/supaipmetro\/SUP_2013_017_FR.pdf\" target=\"_blank\">FIR Reims LFEE, AD Nancy Ochey LFSO<\/a><\/td>\n<td rowspan=\"2\" align=\"center\" valign=\"middle\" width=\"20\"><img loading=\"lazy\" decoding=\"async\" alt=\"\" src=\"https:\/\/www.sia.aviation-civile.gouv.fr\/img\/ptrans.gif\" width=\"20\" height=\"30\" \/><\/td>\n<\/tr>\n<tr>\n<td width=\"532\">Cr\u00e9ation d\u2019une partie 4 dans la TMA Nancy<\/td>\n<\/tr>\n<tr>\n<td colspan=\"2\">\n<table style=\"width: 552px;\" border=\"0\" cellspacing=\"0\" cellpadding=\"0\">\n<tbody>\n<tr bgcolor=\"#E8EEFA\">\n<td width=\"8\"><\/td>\n<td><img loading=\"lazy\" decoding=\"async\" alt=\"\" src=\"https:\/\/www.sia.aviation-civile.gouv.fr\/img\/ptrans.gif\" width=\"8\" height=\"8\" \/><\/td>\n<td width=\"45\"><b>017\/13<\/b><\/td>\n<td width=\"155\"><b>Diffusion :\u00a0<\/b>IFR &#8211; VFR<\/td>\n<td width=\"80\"><b>Poids :\u00a0<\/b>415Ko<\/td>\n<td width=\"20\"><img loading=\"lazy\" decoding=\"async\" alt=\"\" src=\"https:\/\/www.sia.aviation-civile.gouv.fr\/img\/ptrans.gif\" width=\"20\" height=\"1\" \/><\/td>\n<td width=\"244\"><b>Valide du\u00a0<\/b><span>07 MAR 2013<\/span><b>\u00a0au\u00a0<\/b><span>16 OCT 2013<\/span><\/td>\n<\/tr>\n<\/tbody>\n<\/table>\n<table style=\"width: 552px;\" border=\"0\" cellspacing=\"0\" cellpadding=\"0\">\n<tbody>\n<tr>\n<td bgcolor=\"#E8EEFA\" width=\"100%\"><\/td>\n<\/tr>\n<\/tbody>\n<\/table>\n<\/td>\n<\/tr>\n<tr bgcolor=\"#1345A4\">\n<td colspan=\"2\"><img loading=\"lazy\" decoding=\"async\" alt=\"\" src=\"https:\/\/www.sia.aviation-civile.gouv.fr\/img\/ptrans.gif\" width=\"1\" height=\"1\" \/><\/td>\n<\/tr>\n<tr>\n<td colspan=\"2\"><img loading=\"lazy\" decoding=\"async\" alt=\"\" src=\"https:\/\/www.sia.aviation-civile.gouv.fr\/img\/ptrans.gif\" width=\"1\" height=\"5\" \/><\/td>\n<\/tr>\n<tr>\n<td width=\"532\"><a href=\"https:\/\/www.sia.aviation-civile.gouv.fr\/dossier\/supaipmetro\/SUP_2013_014_FR.pdf\" target=\"_blank\">AD Paris\/Charles de Gaulle LFPG<\/a><\/td>\n<td rowspan=\"2\" align=\"center\" valign=\"middle\" width=\"20\"><img loading=\"lazy\" decoding=\"async\" alt=\"\" src=\"https:\/\/www.sia.aviation-civile.gouv.fr\/img\/ptrans.gif\" width=\"20\" height=\"30\" \/><\/td>\n<\/tr>\n<tr>\n<td width=\"532\">Travaux de surlargeur des voies K3 et Z3<\/td>\n<\/tr>\n<tr>\n<td colspan=\"2\">\n<table style=\"width: 552px;\" border=\"0\" cellspacing=\"0\" cellpadding=\"0\">\n<tbody>\n<tr bgcolor=\"#E8EEFA\">\n<td width=\"8\"><\/td>\n<td><img loading=\"lazy\" decoding=\"async\" alt=\"\" src=\"https:\/\/www.sia.aviation-civile.gouv.fr\/img\/ptrans.gif\" width=\"8\" height=\"8\" \/><\/td>\n<td width=\"45\"><b>014\/13<\/b><\/td>\n<td width=\"155\"><b>Diffusion :\u00a0<\/b>IFR<\/td>\n<td width=\"80\"><b>Poids :\u00a0<\/b>249Ko<\/td>\n<td width=\"20\"><img loading=\"lazy\" decoding=\"async\" alt=\"\" src=\"https:\/\/www.sia.aviation-civile.gouv.fr\/img\/ptrans.gif\" width=\"20\" height=\"1\" \/><\/td>\n<td width=\"244\"><b>Valide du\u00a0<\/b><span>01 APR 2013<\/span><b>\u00a0au\u00a0<\/b><span>14 JUN 2013<\/span><\/td>\n<\/tr>\n<\/tbody>\n<\/table>\n<table style=\"width: 552px;\" border=\"0\" cellspacing=\"0\" cellpadding=\"0\">\n<tbody>\n<tr>\n<td bgcolor=\"#E8EEFA\" width=\"100%\"><\/td>\n<\/tr>\n<\/tbody>\n<\/table>\n<\/td>\n<\/tr>\n<tr bgcolor=\"#1345A4\">\n<td colspan=\"2\"><img loading=\"lazy\" decoding=\"async\" alt=\"\" src=\"https:\/\/www.sia.aviation-civile.gouv.fr\/img\/ptrans.gif\" width=\"1\" height=\"1\" \/><\/td>\n<\/tr>\n<tr>\n<td colspan=\"2\"><img loading=\"lazy\" decoding=\"async\" alt=\"\" src=\"https:\/\/www.sia.aviation-civile.gouv.fr\/img\/ptrans.gif\" width=\"1\" height=\"5\" \/><\/td>\n<\/tr>\n<tr>\n<td width=\"532\"><a href=\"https:\/\/www.sia.aviation-civile.gouv.fr\/dossier\/supaipmetro\/SUP_2013_012_FR.pdf\" target=\"_blank\">FIR Bordeaux LFBB, FIR Paris LFFF, FIR Marseille LFMM, AD Aurillac LFLW, AD Brive Souillac LFSL, AD Chateauneuf sur Cher LFFU, AD Egletons LFDE, AD Montlu\u00e7on Gu\u00e9ret LFBK, AD Issoudun Le Fay LFEK, AD Montlu\u00e7on Domerat LFLT, AD Ussel Thalamy LFCU<\/a><\/td>\n<td rowspan=\"2\" align=\"center\" valign=\"middle\" width=\"20\"><img loading=\"lazy\" decoding=\"async\" alt=\"\" src=\"https:\/\/www.sia.aviation-civile.gouv.fr\/img\/ptrans.gif\" width=\"20\" height=\"30\" \/><\/td>\n<\/tr>\n<tr>\n<td width=\"532\">Cr\u00e9ation de 4 Zones R\u00e9glement\u00e9es Temporaires (ZRT) pour exercice MICA 2013-02 dans la r\u00e9gion Centre<\/td>\n<\/tr>\n<tr>\n<td colspan=\"2\">\n<table style=\"width: 552px;\" border=\"0\" cellspacing=\"0\" cellpadding=\"0\">\n<tbody>\n<tr bgcolor=\"#E8EEFA\">\n<td width=\"8\"><\/td>\n<td><img loading=\"lazy\" decoding=\"async\" alt=\"\" src=\"https:\/\/www.sia.aviation-civile.gouv.fr\/img\/ptrans.gif\" width=\"8\" height=\"8\" \/><\/td>\n<td width=\"45\"><b>012\/13<\/b><\/td>\n<td width=\"155\"><b>Diffusion :\u00a0<\/b>IFR &#8211; VFR<\/td>\n<td width=\"80\"><b>Poids :<\/b>1299Ko<\/td>\n<td width=\"20\"><img loading=\"lazy\" decoding=\"async\" alt=\"\" src=\"https:\/\/www.sia.aviation-civile.gouv.fr\/img\/ptrans.gif\" width=\"20\" height=\"1\" \/><\/td>\n<td width=\"244\"><b>Valide du\u00a0<\/b><span>21 FEB 2013<\/span><b>\u00a0au\u00a0<\/b><span>28 MAR 2013<\/span><\/td>\n<\/tr>\n<\/tbody>\n<\/table>\n<table style=\"width: 552px;\" border=\"0\" cellspacing=\"0\" cellpadding=\"0\">\n<tbody>\n<tr>\n<td bgcolor=\"#E8EEFA\" width=\"100%\"><\/td>\n<\/tr>\n<\/tbody>\n<\/table>\n<\/td>\n<\/tr>\n<tr bgcolor=\"#1345A4\">\n<td colspan=\"2\"><img loading=\"lazy\" decoding=\"async\" alt=\"\" src=\"https:\/\/www.sia.aviation-civile.gouv.fr\/img\/ptrans.gif\" width=\"1\" height=\"1\" \/><\/td>\n<\/tr>\n<tr>\n<td colspan=\"2\"><img loading=\"lazy\" decoding=\"async\" alt=\"\" src=\"https:\/\/www.sia.aviation-civile.gouv.fr\/img\/ptrans.gif\" width=\"1\" height=\"5\" \/><\/td>\n<\/tr>\n<tr>\n<td width=\"532\"><a href=\"https:\/\/www.sia.aviation-civile.gouv.fr\/dossier\/supaipmetro\/SUP_2013_011_FR.pdf\" target=\"_blank\">AD Paris\/Orly LFPO<\/a><\/td>\n<td rowspan=\"2\" align=\"center\" valign=\"middle\" width=\"20\"><img loading=\"lazy\" decoding=\"async\" alt=\"\" src=\"https:\/\/www.sia.aviation-civile.gouv.fr\/img\/ptrans.gif\" width=\"20\" height=\"30\" \/><\/td>\n<\/tr>\n<tr>\n<td width=\"532\">Mouvements \u00e0 la surface pour B777<\/td>\n<\/tr>\n<tr>\n<td colspan=\"2\">\n<table style=\"width: 552px;\" border=\"0\" cellspacing=\"0\" cellpadding=\"0\">\n<tbody>\n<tr bgcolor=\"#E8EEFA\">\n<td width=\"8\"><\/td>\n<td><img loading=\"lazy\" decoding=\"async\" alt=\"\" src=\"https:\/\/www.sia.aviation-civile.gouv.fr\/img\/ptrans.gif\" width=\"8\" height=\"8\" \/><\/td>\n<td width=\"45\"><b>011\/13<\/b><\/td>\n<td width=\"155\"><b>Diffusion :\u00a0<\/b>IFR<\/td>\n<td width=\"80\"><b>Poids :\u00a0<\/b>231Ko<\/td>\n<td width=\"20\"><img loading=\"lazy\" decoding=\"async\" alt=\"\" src=\"https:\/\/www.sia.aviation-civile.gouv.fr\/img\/ptrans.gif\" width=\"20\" height=\"1\" \/><\/td>\n<td width=\"244\"><b>Valide du\u00a0<\/b><span>07 MAR 2013<\/span><b>\u00a0au\u00a0<\/b><span>02 MAY 2013<\/span><\/td>\n<\/tr>\n<\/tbody>\n<\/table>\n<table style=\"width: 552px;\" border=\"0\" cellspacing=\"0\" cellpadding=\"0\">\n<tbody>\n<tr>\n<td bgcolor=\"#E8EEFA\" width=\"100%\"><\/td>\n<\/tr>\n<\/tbody>\n<\/table>\n<\/td>\n<\/tr>\n<tr bgcolor=\"#1345A4\">\n<td colspan=\"2\"><img loading=\"lazy\" decoding=\"async\" alt=\"\" src=\"https:\/\/www.sia.aviation-civile.gouv.fr\/img\/ptrans.gif\" width=\"1\" height=\"1\" \/><\/td>\n<\/tr>\n<tr>\n<td colspan=\"2\"><img loading=\"lazy\" decoding=\"async\" alt=\"\" src=\"https:\/\/www.sia.aviation-civile.gouv.fr\/img\/ptrans.gif\" width=\"1\" height=\"5\" \/><\/td>\n<\/tr>\n<tr>\n<td width=\"532\"><a href=\"https:\/\/www.sia.aviation-civile.gouv.fr\/dossier\/supaipmetro\/SUP_2013_010_FR.pdf\" target=\"_blank\">FIR Bordeaux<\/a><\/td>\n<td rowspan=\"2\" align=\"center\" valign=\"middle\" width=\"20\"><img loading=\"lazy\" decoding=\"async\" alt=\"\" src=\"https:\/\/www.sia.aviation-civile.gouv.fr\/img\/ptrans.gif\" width=\"20\" height=\"30\" \/><\/td>\n<\/tr>\n<tr>\n<td width=\"532\">Cr\u00e9ation de 2 zones r\u00e9glement\u00e9es temporaires (ZRT) UAV 1 A et 1B dans la r\u00e9gion de Limoges<\/td>\n<\/tr>\n<tr>\n<td colspan=\"2\">\n<table style=\"width: 552px;\" border=\"0\" cellspacing=\"0\" cellpadding=\"0\">\n<tbody>\n<tr bgcolor=\"#E8EEFA\">\n<td width=\"8\"><\/td>\n<td><img loading=\"lazy\" decoding=\"async\" alt=\"\" src=\"https:\/\/www.sia.aviation-civile.gouv.fr\/img\/ptrans.gif\" width=\"8\" height=\"8\" \/><\/td>\n<td width=\"45\"><b>010\/13<\/b><\/td>\n<td width=\"155\"><b>Diffusion :\u00a0<\/b>IFR &#8211; VFR<\/td>\n<td width=\"80\"><b>Poids :\u00a0<\/b>347Ko<\/td>\n<td width=\"20\"><img loading=\"lazy\" decoding=\"async\" alt=\"\" src=\"https:\/\/www.sia.aviation-civile.gouv.fr\/img\/ptrans.gif\" width=\"20\" height=\"1\" \/><\/td>\n<td width=\"244\"><b>Valide du\u00a0<\/b><span>14 FEB 2013<\/span><b>\u00a0au\u00a0<\/b><span>31 DEC 2013<\/span><\/td>\n<\/tr>\n<\/tbody>\n<\/table>\n<table style=\"width: 552px;\" border=\"0\" cellspacing=\"0\" cellpadding=\"0\">\n<tbody>\n<tr>\n<td bgcolor=\"#E8EEFA\" width=\"100%\"><\/td>\n<\/tr>\n<\/tbody>\n<\/table>\n<\/td>\n<\/tr>\n<tr bgcolor=\"#1345A4\">\n<td colspan=\"2\"><img loading=\"lazy\" decoding=\"async\" alt=\"\" src=\"https:\/\/www.sia.aviation-civile.gouv.fr\/img\/ptrans.gif\" width=\"1\" height=\"1\" \/><\/td>\n<\/tr>\n<tr>\n<td colspan=\"2\"><img loading=\"lazy\" decoding=\"async\" alt=\"\" src=\"https:\/\/www.sia.aviation-civile.gouv.fr\/img\/ptrans.gif\" width=\"1\" height=\"5\" \/><\/td>\n<\/tr>\n<tr>\n<td width=\"532\"><a href=\"https:\/\/www.sia.aviation-civile.gouv.fr\/dossier\/supaipmetro\/SUP_2013_009_FR.pdf\" target=\"_blank\">A\u00e9rodrome de Perpignan Rivesaltes LFMP.<\/a><\/td>\n<td rowspan=\"2\" align=\"center\" valign=\"middle\" width=\"20\"><img loading=\"lazy\" decoding=\"async\" alt=\"\" src=\"https:\/\/www.sia.aviation-civile.gouv.fr\/img\/ptrans.gif\" width=\"20\" height=\"30\" \/><\/td>\n<\/tr>\n<tr>\n<td width=\"532\">Remplacement des SID BAGUR 3S et BAGUR 3N<\/td>\n<\/tr>\n<tr>\n<td colspan=\"2\">\n<table style=\"width: 552px;\" border=\"0\" cellspacing=\"0\" cellpadding=\"0\">\n<tbody>\n<tr bgcolor=\"#E8EEFA\">\n<td width=\"8\"><\/td>\n<td><img loading=\"lazy\" decoding=\"async\" alt=\"\" src=\"https:\/\/www.sia.aviation-civile.gouv.fr\/img\/ptrans.gif\" width=\"8\" height=\"8\" \/><\/td>\n<td width=\"45\"><b>009\/13<\/b><\/td>\n<td width=\"155\"><b>Diffusion :\u00a0<\/b>IFR<\/td>\n<td width=\"80\"><b>Poids :\u00a0<\/b>238Ko<\/td>\n<td width=\"20\"><img loading=\"lazy\" decoding=\"async\" alt=\"\" src=\"https:\/\/www.sia.aviation-civile.gouv.fr\/img\/ptrans.gif\" width=\"20\" height=\"1\" \/><\/td>\n<td width=\"244\"><b>Valide du\u00a0<\/b><span>07 FEB 2013<\/span><b>\u00a0au\u00a0<\/b><span>25 JUL 2013<\/span><\/td>\n<\/tr>\n<\/tbody>\n<\/table>\n<table style=\"width: 552px;\" border=\"0\" cellspacing=\"0\" cellpadding=\"0\">\n<tbody>\n<tr>\n<td bgcolor=\"#E8EEFA\" width=\"100%\"><\/td>\n<\/tr>\n<\/tbody>\n<\/table>\n<\/td>\n<\/tr>\n<tr bgcolor=\"#1345A4\">\n<td colspan=\"2\"><img loading=\"lazy\" decoding=\"async\" alt=\"\" src=\"https:\/\/www.sia.aviation-civile.gouv.fr\/img\/ptrans.gif\" width=\"1\" height=\"1\" \/><\/td>\n<\/tr>\n<tr>\n<td colspan=\"2\"><img loading=\"lazy\" decoding=\"async\" alt=\"\" src=\"https:\/\/www.sia.aviation-civile.gouv.fr\/img\/ptrans.gif\" width=\"1\" height=\"5\" \/><\/td>\n<\/tr>\n<tr>\n<td width=\"532\"><a href=\"https:\/\/www.sia.aviation-civile.gouv.fr\/dossier\/supaipmetro\/SUP_2013_002_FR.pdf\" target=\"_blank\">AD Saint Cyr L\u2019Ecole LFPZ<\/a><\/td>\n<td rowspan=\"2\" align=\"center\" valign=\"middle\" width=\"20\"><img loading=\"lazy\" decoding=\"async\" alt=\"\" src=\"https:\/\/www.sia.aviation-civile.gouv.fr\/img\/ptrans.gif\" width=\"20\" height=\"30\" \/><\/td>\n<\/tr>\n<tr>\n<td width=\"532\">Modification de la piste 11R\/29L et des voies de circulation associ\u00e9es. Distances d\u00e9clar\u00e9es modifi\u00e9es.<\/td>\n<\/tr>\n<tr>\n<td colspan=\"2\">\n<table style=\"width: 552px;\" border=\"0\" cellspacing=\"0\" cellpadding=\"0\">\n<tbody>\n<tr bgcolor=\"#E8EEFA\">\n<td width=\"8\"><\/td>\n<td><img loading=\"lazy\" decoding=\"async\" alt=\"\" src=\"https:\/\/www.sia.aviation-civile.gouv.fr\/img\/ptrans.gif\" width=\"8\" height=\"8\" \/><\/td>\n<td width=\"45\"><b>002\/13<\/b><\/td>\n<td width=\"155\"><b>Diffusion :\u00a0<\/b>VFR<\/td>\n<td width=\"80\"><b>Poids :\u00a0<\/b>124Ko<\/td>\n<td width=\"20\"><img loading=\"lazy\" decoding=\"async\" alt=\"\" src=\"https:\/\/www.sia.aviation-civile.gouv.fr\/img\/ptrans.gif\" width=\"20\" height=\"1\" \/><\/td>\n<td width=\"244\"><b>Valide du\u00a0<\/b><span>17 JAN 2013<\/span><b>\u00a0au\u00a0<\/b><span>30 APR 2013<\/span><\/td>\n<\/tr>\n<\/tbody>\n<\/table>\n<table style=\"width: 552px;\" border=\"0\" cellspacing=\"0\" cellpadding=\"0\">\n<tbody>\n<tr>\n<td bgcolor=\"#E8EEFA\" width=\"100%\"><\/td>\n<\/tr>\n<\/tbody>\n<\/table>\n<\/td>\n<\/tr>\n<tr bgcolor=\"#1345A4\">\n<td colspan=\"2\"><img loading=\"lazy\" decoding=\"async\" alt=\"\" src=\"https:\/\/www.sia.aviation-civile.gouv.fr\/img\/ptrans.gif\" width=\"1\" height=\"1\" \/><\/td>\n<\/tr>\n<tr>\n<td colspan=\"2\"><img loading=\"lazy\" decoding=\"async\" alt=\"\" src=\"https:\/\/www.sia.aviation-civile.gouv.fr\/img\/ptrans.gif\" width=\"1\" height=\"5\" \/><\/td>\n<\/tr>\n<tr>\n<td width=\"532\"><a href=\"https:\/\/www.sia.aviation-civile.gouv.fr\/dossier\/supaipmetro\/SUP_2012_200_FR.pdf\" target=\"_blank\">AD Beauvais Till\u00e9 LFOB<\/a><\/td>\n<td rowspan=\"2\" align=\"center\" valign=\"middle\" width=\"20\"><img loading=\"lazy\" decoding=\"async\" alt=\"\" src=\"https:\/\/www.sia.aviation-civile.gouv.fr\/img\/ptrans.gif\" width=\"20\" height=\"30\" \/><\/td>\n<\/tr>\n<tr>\n<td width=\"532\">Evaluation SID RNAV 1 AGOPA-ERIXU-LATRA-OKASI-PILUL (6W) et LGL-EVX (6T \u2013 6W) RWY 30<\/td>\n<\/tr>\n<tr>\n<td colspan=\"2\">\n<table style=\"width: 552px;\" border=\"0\" cellspacing=\"0\" cellpadding=\"0\">\n<tbody>\n<tr bgcolor=\"#E8EEFA\">\n<td width=\"8\"><\/td>\n<td><img loading=\"lazy\" decoding=\"async\" alt=\"\" src=\"https:\/\/www.sia.aviation-civile.gouv.fr\/img\/ptrans.gif\" width=\"8\" height=\"8\" \/><\/td>\n<td width=\"45\"><b>200\/12<\/b><\/td>\n<td width=\"155\"><b>Diffusion :\u00a0<\/b>IFR<\/td>\n<td width=\"80\"><b>Poids :\u00a0<\/b>924Ko<\/td>\n<td width=\"20\"><img loading=\"lazy\" decoding=\"async\" alt=\"\" src=\"https:\/\/www.sia.aviation-civile.gouv.fr\/img\/ptrans.gif\" width=\"20\" height=\"1\" \/><\/td>\n<td width=\"244\"><b>Valide du\u00a0<\/b><span>10 JAN 2013<\/span><b>\u00a0au\u00a0<\/b><span>27 JUN 2013<\/span><\/td>\n<\/tr>\n<\/tbody>\n<\/table>\n<table style=\"width: 552px;\" border=\"0\" cellspacing=\"0\" cellpadding=\"0\">\n<tbody>\n<tr>\n<td bgcolor=\"#E8EEFA\" width=\"100%\"><\/td>\n<\/tr>\n<\/tbody>\n<\/table>\n<\/td>\n<\/tr>\n<tr bgcolor=\"#1345A4\">\n<td colspan=\"2\"><img loading=\"lazy\" decoding=\"async\" alt=\"\" src=\"https:\/\/www.sia.aviation-civile.gouv.fr\/img\/ptrans.gif\" width=\"1\" height=\"1\" \/><\/td>\n<\/tr>\n<tr>\n<td colspan=\"2\"><img loading=\"lazy\" decoding=\"async\" alt=\"\" src=\"https:\/\/www.sia.aviation-civile.gouv.fr\/img\/ptrans.gif\" width=\"1\" height=\"5\" \/><\/td>\n<\/tr>\n<tr>\n<td width=\"532\"><a href=\"https:\/\/www.sia.aviation-civile.gouv.fr\/dossier\/supaipmetro\/SUP_2012_197_FR.pdf\" target=\"_blank\">AD Bordeaux M\u00e9rignac LFBD<\/a><\/td>\n<td rowspan=\"2\" align=\"center\" valign=\"middle\" width=\"20\"><img loading=\"lazy\" decoding=\"async\" alt=\"\" src=\"https:\/\/www.sia.aviation-civile.gouv.fr\/img\/ptrans.gif\" width=\"20\" height=\"30\" \/><\/td>\n<\/tr>\n<tr>\n<td width=\"532\">Travaux sur l\u2019aire de mouvement<\/td>\n<\/tr>\n<tr>\n<td colspan=\"2\">\n<table style=\"width: 552px;\" border=\"0\" cellspacing=\"0\" cellpadding=\"0\">\n<tbody>\n<tr bgcolor=\"#E8EEFA\">\n<td width=\"8\"><\/td>\n<td><img loading=\"lazy\" decoding=\"async\" alt=\"\" src=\"https:\/\/www.sia.aviation-civile.gouv.fr\/img\/ptrans.gif\" width=\"8\" height=\"8\" \/><\/td>\n<td width=\"45\"><b>197\/12<\/b><\/td>\n<td width=\"155\"><b>Diffusion :\u00a0<\/b>IFR &#8211; VFR<\/td>\n<td width=\"80\"><b>Poids :\u00a0<\/b>125Ko<\/td>\n<td width=\"20\"><img loading=\"lazy\" decoding=\"async\" alt=\"\" src=\"https:\/\/www.sia.aviation-civile.gouv.fr\/img\/ptrans.gif\" width=\"20\" height=\"1\" \/><\/td>\n<td width=\"244\"><b>Valide du\u00a0<\/b><span>04 FEB 2013<\/span><b>\u00a0au\u00a0<\/b><span>28 APR 2013<\/span><\/td>\n<\/tr>\n<\/tbody>\n<\/table>\n<table style=\"width: 552px;\" border=\"0\" cellspacing=\"0\" cellpadding=\"0\">\n<tbody>\n<tr>\n<td bgcolor=\"#E8EEFA\" width=\"100%\"><\/td>\n<\/tr>\n<\/tbody>\n<\/table>\n<\/td>\n<\/tr>\n<tr bgcolor=\"#1345A4\">\n<td colspan=\"2\"><img loading=\"lazy\" decoding=\"async\" alt=\"\" src=\"https:\/\/www.sia.aviation-civile.gouv.fr\/img\/ptrans.gif\" width=\"1\" height=\"1\" \/><\/td>\n<\/tr>\n<tr>\n<td colspan=\"2\"><img loading=\"lazy\" decoding=\"async\" alt=\"\" src=\"https:\/\/www.sia.aviation-civile.gouv.fr\/img\/ptrans.gif\" width=\"1\" height=\"5\" \/><\/td>\n<\/tr>\n<tr>\n<td width=\"532\"><a href=\"https:\/\/www.sia.aviation-civile.gouv.fr\/dossier\/supaipmetro\/SUP_2012_196_FR.pdf\" target=\"_blank\">FIR Bordeaux LFBB, Royan M\u00e9dis LFCY<\/a><\/td>\n<td rowspan=\"2\" align=\"center\" valign=\"middle\" width=\"20\"><img loading=\"lazy\" decoding=\"async\" alt=\"\" src=\"https:\/\/www.sia.aviation-civile.gouv.fr\/img\/ptrans.gif\" width=\"20\" height=\"30\" \/><\/td>\n<\/tr>\n<tr>\n<td width=\"532\">Cr\u00e9ation de 2 zones r\u00e8glement\u00e9es temporaires (ZRT) au profit des DRONES bas\u00e9s \u00e0 Cognac<\/td>\n<\/tr>\n<tr>\n<td colspan=\"2\">\n<table style=\"width: 552px;\" border=\"0\" cellspacing=\"0\" cellpadding=\"0\">\n<tbody>\n<tr bgcolor=\"#E8EEFA\">\n<td width=\"8\"><\/td>\n<td><img loading=\"lazy\" decoding=\"async\" alt=\"\" src=\"https:\/\/www.sia.aviation-civile.gouv.fr\/img\/ptrans.gif\" width=\"8\" height=\"8\" \/><\/td>\n<td width=\"45\"><b>196\/12<\/b><\/td>\n<td width=\"155\"><b>Diffusion :\u00a0<\/b>IFR &#8211; VFR<\/td>\n<td width=\"80\"><b>Poids :\u00a0<\/b>217Ko<\/td>\n<td width=\"20\"><img loading=\"lazy\" decoding=\"async\" alt=\"\" src=\"https:\/\/www.sia.aviation-civile.gouv.fr\/img\/ptrans.gif\" width=\"20\" height=\"1\" \/><\/td>\n<td width=\"244\"><b>Valide du\u00a0<\/b><span>01 JAN 2013<\/span><b>\u00a0au\u00a0<\/b><span>31 DEC 2013<\/span><\/td>\n<\/tr>\n<\/tbody>\n<\/table>\n<table style=\"width: 552px;\" border=\"0\" cellspacing=\"0\" cellpadding=\"0\">\n<tbody>\n<tr>\n<td bgcolor=\"#E8EEFA\" width=\"100%\"><\/td>\n<\/tr>\n<\/tbody>\n<\/table>\n<\/td>\n<\/tr>\n<tr bgcolor=\"#1345A4\">\n<td colspan=\"2\"><img loading=\"lazy\" decoding=\"async\" alt=\"\" src=\"https:\/\/www.sia.aviation-civile.gouv.fr\/img\/ptrans.gif\" width=\"1\" height=\"1\" \/><\/td>\n<\/tr>\n<tr>\n<td colspan=\"2\"><img loading=\"lazy\" decoding=\"async\" alt=\"\" src=\"https:\/\/www.sia.aviation-civile.gouv.fr\/img\/ptrans.gif\" width=\"1\" height=\"5\" \/><\/td>\n<\/tr>\n<tr>\n<td width=\"532\"><a href=\"https:\/\/www.sia.aviation-civile.gouv.fr\/dossier\/supaipmetro\/SUP_2012_195_FR.pdf\" target=\"_blank\">FIR Bordeaux LFBB, AD Royan Medis LFCY<\/a><\/td>\n<td rowspan=\"2\" align=\"center\" valign=\"middle\" width=\"20\"><img loading=\"lazy\" decoding=\"async\" alt=\"\" src=\"https:\/\/www.sia.aviation-civile.gouv.fr\/img\/ptrans.gif\" width=\"20\" height=\"30\" \/><\/td>\n<\/tr>\n<tr>\n<td width=\"532\">Cr\u00e9ation d\u2019une Zone R\u00e9glement\u00e9e Temporaire (ZRT) \u00ab\u00a0NA\u00a0\u00bb dans la r\u00e9gion de Bordeaux &#8211; Royan<\/td>\n<\/tr>\n<tr>\n<td colspan=\"2\">\n<table style=\"width: 552px;\" border=\"0\" cellspacing=\"0\" cellpadding=\"0\">\n<tbody>\n<tr bgcolor=\"#E8EEFA\">\n<td width=\"8\"><\/td>\n<td><img loading=\"lazy\" decoding=\"async\" alt=\"\" src=\"https:\/\/www.sia.aviation-civile.gouv.fr\/img\/ptrans.gif\" width=\"8\" height=\"8\" \/><\/td>\n<td width=\"45\"><b>195\/12<\/b><\/td>\n<td width=\"155\"><b>Diffusion :\u00a0<\/b>IFR &#8211; VFR<\/td>\n<td width=\"80\"><b>Poids :\u00a0<\/b>303Ko<\/td>\n<td width=\"20\"><img loading=\"lazy\" decoding=\"async\" alt=\"\" src=\"https:\/\/www.sia.aviation-civile.gouv.fr\/img\/ptrans.gif\" width=\"20\" height=\"1\" \/><\/td>\n<td width=\"244\"><b>Valide du\u00a0<\/b><span>01 JAN 2013<\/span><b>\u00a0au\u00a0<\/b><span>31 DEC 2013<\/span><\/td>\n<\/tr>\n<\/tbody>\n<\/table>\n<table style=\"width: 552px;\" border=\"0\" cellspacing=\"0\" cellpadding=\"0\">\n<tbody>\n<tr>\n<td bgcolor=\"#E8EEFA\" width=\"100%\"><\/td>\n<\/tr>\n<\/tbody>\n<\/table>\n<\/td>\n<\/tr>\n<tr bgcolor=\"#1345A4\">\n<td colspan=\"2\"><img loading=\"lazy\" decoding=\"async\" alt=\"\" src=\"https:\/\/www.sia.aviation-civile.gouv.fr\/img\/ptrans.gif\" width=\"1\" height=\"1\" \/><\/td>\n<\/tr>\n<tr>\n<td colspan=\"2\"><img loading=\"lazy\" decoding=\"async\" alt=\"\" src=\"https:\/\/www.sia.aviation-civile.gouv.fr\/img\/ptrans.gif\" width=\"1\" height=\"5\" \/><\/td>\n<\/tr>\n<tr>\n<td width=\"532\"><a href=\"https:\/\/www.sia.aviation-civile.gouv.fr\/dossier\/supaipmetro\/SUP_2012_193_FR.pdf\" target=\"_blank\">FIR Bordeaux LFBB, AD Toulouse Blagnac LFBO<\/a><\/td>\n<td rowspan=\"2\" align=\"center\" valign=\"middle\" width=\"20\"><img loading=\"lazy\" decoding=\"async\" alt=\"\" src=\"https:\/\/www.sia.aviation-civile.gouv.fr\/img\/ptrans.gif\" width=\"20\" height=\"30\" \/><\/td>\n<\/tr>\n<tr>\n<td width=\"532\">Itin\u00e9raire de transit VFR recommand\u00e9 autour de la CTR 1 de Toulouse Blagnac<\/td>\n<\/tr>\n<tr>\n<td colspan=\"2\">\n<table style=\"width: 552px;\" border=\"0\" cellspacing=\"0\" cellpadding=\"0\">\n<tbody>\n<tr bgcolor=\"#E8EEFA\">\n<td width=\"8\"><\/td>\n<td><img loading=\"lazy\" decoding=\"async\" alt=\"\" src=\"https:\/\/www.sia.aviation-civile.gouv.fr\/img\/ptrans.gif\" width=\"8\" height=\"8\" \/><\/td>\n<td width=\"45\"><b>193\/12<\/b><\/td>\n<td width=\"155\"><b>Diffusion :\u00a0<\/b>IFR &#8211; VFR<\/td>\n<td width=\"80\"><b>Poids :\u00a0<\/b>217Ko<\/td>\n<td width=\"20\"><img loading=\"lazy\" decoding=\"async\" alt=\"\" src=\"https:\/\/www.sia.aviation-civile.gouv.fr\/img\/ptrans.gif\" width=\"20\" height=\"1\" \/><\/td>\n<td width=\"244\"><b>Valide du\u00a0<\/b><span>27 DEC 2012<\/span><b>\u00a0au\u00a0<\/b><span>30 APR 2013<\/span><\/td>\n<\/tr>\n<\/tbody>\n<\/table>\n<table style=\"width: 552px;\" border=\"0\" cellspacing=\"0\" cellpadding=\"0\">\n<tbody>\n<tr>\n<td bgcolor=\"#E8EEFA\" width=\"100%\"><\/td>\n<\/tr>\n<\/tbody>\n<\/table>\n<\/td>\n<\/tr>\n<tr bgcolor=\"#1345A4\">\n<td colspan=\"2\"><img loading=\"lazy\" decoding=\"async\" alt=\"\" src=\"https:\/\/www.sia.aviation-civile.gouv.fr\/img\/ptrans.gif\" width=\"1\" height=\"1\" \/><\/td>\n<\/tr>\n<tr>\n<td colspan=\"2\"><img loading=\"lazy\" decoding=\"async\" alt=\"\" src=\"https:\/\/www.sia.aviation-civile.gouv.fr\/img\/ptrans.gif\" width=\"1\" height=\"5\" \/><\/td>\n<\/tr>\n<tr>\n<td width=\"532\"><a href=\"https:\/\/www.sia.aviation-civile.gouv.fr\/dossier\/supaipmetro\/SUP_2012_192_FR.pdf\" target=\"_blank\">AD Toulouse Blagnac (LFBO)<\/a><\/td>\n<td rowspan=\"2\" align=\"center\" valign=\"middle\" width=\"20\"><img loading=\"lazy\" decoding=\"async\" alt=\"\" src=\"https:\/\/www.sia.aviation-civile.gouv.fr\/img\/ptrans.gif\" width=\"20\" height=\"30\" \/><\/td>\n<\/tr>\n<tr>\n<td width=\"532\">Phase 4 de l\u2019\u00e9valuation des Proc\u00e9dures d\u2019Approche en Descente Continue (CDO)<\/td>\n<\/tr>\n<tr>\n<td colspan=\"2\">\n<table style=\"width: 552px;\" border=\"0\" cellspacing=\"0\" cellpadding=\"0\">\n<tbody>\n<tr bgcolor=\"#E8EEFA\">\n<td width=\"8\"><\/td>\n<td><img loading=\"lazy\" decoding=\"async\" alt=\"\" src=\"https:\/\/www.sia.aviation-civile.gouv.fr\/img\/ptrans.gif\" width=\"8\" height=\"8\" \/><\/td>\n<td width=\"45\"><b>192\/12<\/b><\/td>\n<td width=\"155\"><b>Diffusion :\u00a0<\/b>IFR<\/td>\n<td width=\"80\"><b>Poids :<\/b>1640Ko<\/td>\n<td width=\"20\"><img loading=\"lazy\" decoding=\"async\" alt=\"\" src=\"https:\/\/www.sia.aviation-civile.gouv.fr\/img\/ptrans.gif\" width=\"20\" height=\"1\" \/><\/td>\n<td width=\"244\"><b>Valide du\u00a0<\/b><span>13 DEC 2012<\/span><b>\u00a0au\u00a0<\/b><span>26 JUN 2013<\/span><\/td>\n<\/tr>\n<\/tbody>\n<\/table>\n<table style=\"width: 552px;\" border=\"0\" cellspacing=\"0\" cellpadding=\"0\">\n<tbody>\n<tr>\n<td bgcolor=\"#E8EEFA\" width=\"100%\"><\/td>\n<\/tr>\n<\/tbody>\n<\/table>\n<\/td>\n<\/tr>\n<tr bgcolor=\"#1345A4\">\n<td colspan=\"2\"><img loading=\"lazy\" decoding=\"async\" alt=\"\" src=\"https:\/\/www.sia.aviation-civile.gouv.fr\/img\/ptrans.gif\" width=\"1\" height=\"1\" \/><\/td>\n<\/tr>\n<tr>\n<td colspan=\"2\"><img loading=\"lazy\" decoding=\"async\" alt=\"\" src=\"https:\/\/www.sia.aviation-civile.gouv.fr\/img\/ptrans.gif\" width=\"1\" height=\"5\" \/><\/td>\n<\/tr>\n<tr>\n<td width=\"532\"><a href=\"https:\/\/www.sia.aviation-civile.gouv.fr\/dossier\/supaipmetro\/SUP_2012_190_FR.pdf\" target=\"_blank\">A\u00e9rodrome de B\u00e2le Mulhouse LFSB<\/a><\/td>\n<td rowspan=\"2\" align=\"center\" valign=\"middle\" width=\"20\"><img loading=\"lazy\" decoding=\"async\" alt=\"\" src=\"https:\/\/www.sia.aviation-civile.gouv.fr\/img\/ptrans.gif\" width=\"20\" height=\"30\" \/><\/td>\n<\/tr>\n<tr>\n<td width=\"532\">Evaluation de l\u2019interception des Proc\u00e9dures ILS &#8211; LOC &#8211; VOR RWY 15 \u00e0 4000 FT<\/td>\n<\/tr>\n<tr>\n<td colspan=\"2\">\n<table style=\"width: 552px;\" border=\"0\" cellspacing=\"0\" cellpadding=\"0\">\n<tbody>\n<tr bgcolor=\"#E8EEFA\">\n<td width=\"8\"><\/td>\n<td><img loading=\"lazy\" decoding=\"async\" alt=\"\" src=\"https:\/\/www.sia.aviation-civile.gouv.fr\/img\/ptrans.gif\" width=\"8\" height=\"8\" \/><\/td>\n<td width=\"45\"><b>190\/12<\/b><\/td>\n<td width=\"155\"><b>Diffusion :\u00a0<\/b>IFR<\/td>\n<td width=\"80\"><b>Poids :\u00a0<\/b>201Ko<\/td>\n<td width=\"20\"><img loading=\"lazy\" decoding=\"async\" alt=\"\" src=\"https:\/\/www.sia.aviation-civile.gouv.fr\/img\/ptrans.gif\" width=\"20\" height=\"1\" \/><\/td>\n<td width=\"244\"><b>Valide du\u00a0<\/b><span>13 DEC 2012<\/span><b>\u00a0au\u00a0<\/b><span>03 APR 2013<\/span><\/td>\n<\/tr>\n<\/tbody>\n<\/table>\n<table style=\"width: 552px;\" border=\"0\" cellspacing=\"0\" cellpadding=\"0\">\n<tbody>\n<tr>\n<td bgcolor=\"#E8EEFA\" width=\"100%\"><\/td>\n<\/tr>\n<\/tbody>\n<\/table>\n<\/td>\n<\/tr>\n<tr bgcolor=\"#1345A4\">\n<td colspan=\"2\"><img loading=\"lazy\" decoding=\"async\" alt=\"\" src=\"https:\/\/www.sia.aviation-civile.gouv.fr\/img\/ptrans.gif\" width=\"1\" height=\"1\" \/><\/td>\n<\/tr>\n<tr>\n<td colspan=\"2\"><img loading=\"lazy\" decoding=\"async\" alt=\"\" src=\"https:\/\/www.sia.aviation-civile.gouv.fr\/img\/ptrans.gif\" width=\"1\" height=\"5\" \/><\/td>\n<\/tr>\n<tr>\n<td width=\"532\"><a href=\"https:\/\/www.sia.aviation-civile.gouv.fr\/dossier\/supaipmetro\/SUP_2012_186_FR.pdf\" target=\"_blank\">FIR Marseille LFMM, Lyon Saint-Exup\u00e9ry LFLL, Grenoble Is\u00e8re LFLS<\/a><\/td>\n<td rowspan=\"2\" align=\"center\" valign=\"middle\" width=\"20\"><img loading=\"lazy\" decoding=\"async\" alt=\"\" src=\"https:\/\/www.sia.aviation-civile.gouv.fr\/img\/ptrans.gif\" width=\"20\" height=\"30\" \/><\/td>\n<\/tr>\n<tr>\n<td width=\"532\">Cr\u00e9ation d&rsquo;une TMA Lyon partie 15 et d&rsquo;une CTR Grenoble partie 2<\/td>\n<\/tr>\n<tr>\n<td colspan=\"2\">\n<table style=\"width: 552px;\" border=\"0\" cellspacing=\"0\" cellpadding=\"0\">\n<tbody>\n<tr bgcolor=\"#E8EEFA\">\n<td width=\"8\"><\/td>\n<td><img loading=\"lazy\" decoding=\"async\" alt=\"\" src=\"https:\/\/www.sia.aviation-civile.gouv.fr\/img\/ptrans.gif\" width=\"8\" height=\"8\" \/><\/td>\n<td width=\"45\"><b>186\/12<\/b><\/td>\n<td width=\"155\"><b>Diffusion :\u00a0<\/b>IFR &#8211; VFR<\/td>\n<td width=\"80\"><b>Poids :\u00a0<\/b>221Ko<\/td>\n<td width=\"20\"><img loading=\"lazy\" decoding=\"async\" alt=\"\" src=\"https:\/\/www.sia.aviation-civile.gouv.fr\/img\/ptrans.gif\" width=\"20\" height=\"1\" \/><\/td>\n<td width=\"244\"><b>Valide du\u00a0<\/b><span>15 DEC 2012<\/span><b>\u00a0au\u00a0<\/b><span>15 APR 2013<\/span><\/td>\n<\/tr>\n<\/tbody>\n<\/table>\n<table style=\"width: 552px;\" border=\"0\" cellspacing=\"0\" cellpadding=\"0\">\n<tbody>\n<tr>\n<td bgcolor=\"#E8EEFA\" width=\"100%\"><\/td>\n<\/tr>\n<\/tbody>\n<\/table>\n<\/td>\n<\/tr>\n<tr bgcolor=\"#1345A4\">\n<td colspan=\"2\"><img loading=\"lazy\" decoding=\"async\" alt=\"\" src=\"https:\/\/www.sia.aviation-civile.gouv.fr\/img\/ptrans.gif\" width=\"1\" height=\"1\" \/><\/td>\n<\/tr>\n<tr>\n<td colspan=\"2\"><img loading=\"lazy\" decoding=\"async\" alt=\"\" src=\"https:\/\/www.sia.aviation-civile.gouv.fr\/img\/ptrans.gif\" width=\"1\" height=\"5\" \/><\/td>\n<\/tr>\n<tr>\n<td width=\"532\"><a href=\"https:\/\/www.sia.aviation-civile.gouv.fr\/dossier\/supaipmetro\/SUP_2012_183_FR.pdf\" target=\"_blank\">AD Figari Sud Corse (LFKF)<\/a><\/td>\n<td rowspan=\"2\" align=\"center\" valign=\"middle\" width=\"20\"><img loading=\"lazy\" decoding=\"async\" alt=\"\" src=\"https:\/\/www.sia.aviation-civile.gouv.fr\/img\/ptrans.gif\" width=\"20\" height=\"30\" \/><\/td>\n<\/tr>\n<tr>\n<td width=\"532\">Proc\u00e9dures SID sans VOR\/DME FGI<\/td>\n<\/tr>\n<tr>\n<td colspan=\"2\">\n<table style=\"width: 552px;\" border=\"0\" cellspacing=\"0\" cellpadding=\"0\">\n<tbody>\n<tr bgcolor=\"#E8EEFA\">\n<td width=\"8\"><\/td>\n<td><img loading=\"lazy\" decoding=\"async\" alt=\"\" src=\"https:\/\/www.sia.aviation-civile.gouv.fr\/img\/ptrans.gif\" width=\"8\" height=\"8\" \/><\/td>\n<td width=\"45\"><b>183\/12<\/b><\/td>\n<td width=\"155\"><b>Diffusion :\u00a0<\/b>IFR<\/td>\n<td width=\"80\"><b>Poids :\u00a0<\/b>96Ko<\/td>\n<td width=\"20\"><img loading=\"lazy\" decoding=\"async\" alt=\"\" src=\"https:\/\/www.sia.aviation-civile.gouv.fr\/img\/ptrans.gif\" width=\"20\" height=\"1\" \/><\/td>\n<td width=\"244\"><b>Valide du\u00a0<\/b><span>22 NOV 2012<\/span><b>\u00a0au\u00a0<\/b><span>29 MAY 2013<\/span><\/td>\n<\/tr>\n<\/tbody>\n<\/table>\n<table style=\"width: 552px;\" border=\"0\" cellspacing=\"0\" cellpadding=\"0\">\n<tbody>\n<tr>\n<td bgcolor=\"#E8EEFA\" width=\"100%\"><\/td>\n<\/tr>\n<\/tbody>\n<\/table>\n<\/td>\n<\/tr>\n<tr bgcolor=\"#1345A4\">\n<td colspan=\"2\"><img loading=\"lazy\" decoding=\"async\" alt=\"\" src=\"https:\/\/www.sia.aviation-civile.gouv.fr\/img\/ptrans.gif\" width=\"1\" height=\"1\" \/><\/td>\n<\/tr>\n<tr>\n<td colspan=\"2\"><img loading=\"lazy\" decoding=\"async\" alt=\"\" src=\"https:\/\/www.sia.aviation-civile.gouv.fr\/img\/ptrans.gif\" width=\"1\" height=\"5\" \/><\/td>\n<\/tr>\n<tr>\n<td width=\"532\"><a href=\"https:\/\/www.sia.aviation-civile.gouv.fr\/dossier\/supaipmetro\/SUP_2012_175_FR.pdf\" target=\"_blank\">AD Lyon Bron (LFLY)<\/a><\/td>\n<td rowspan=\"2\" align=\"center\" valign=\"middle\" width=\"20\"><img loading=\"lazy\" decoding=\"async\" alt=\"\" src=\"https:\/\/www.sia.aviation-civile.gouv.fr\/img\/ptrans.gif\" width=\"20\" height=\"30\" \/><\/td>\n<\/tr>\n<tr>\n<td width=\"532\">Refonte des parkings de l\u2019a\u00e9rodrome de Lyon Bron (LFLY)<\/td>\n<\/tr>\n<tr>\n<td colspan=\"2\">\n<table style=\"width: 552px;\" border=\"0\" cellspacing=\"0\" cellpadding=\"0\">\n<tbody>\n<tr bgcolor=\"#E8EEFA\">\n<td width=\"8\"><\/td>\n<td><img loading=\"lazy\" decoding=\"async\" alt=\"\" src=\"https:\/\/www.sia.aviation-civile.gouv.fr\/img\/ptrans.gif\" width=\"8\" height=\"8\" \/><\/td>\n<td width=\"45\"><b>175\/12<\/b><\/td>\n<td width=\"155\"><b>Diffusion :\u00a0<\/b>IFR &#8211; VFR<\/td>\n<td width=\"80\"><b>Poids :\u00a0<\/b>761Ko<\/td>\n<td width=\"20\"><img loading=\"lazy\" decoding=\"async\" alt=\"\" src=\"https:\/\/www.sia.aviation-civile.gouv.fr\/img\/ptrans.gif\" width=\"20\" height=\"1\" \/><\/td>\n<td width=\"244\"><b>Valide du\u00a0<\/b><span>08 NOV 2012<\/span><b>\u00a0au\u00a0<\/b><span>08 MAY 2013<\/span><\/td>\n<\/tr>\n<\/tbody>\n<\/table>\n<table style=\"width: 552px;\" border=\"0\" cellspacing=\"0\" cellpadding=\"0\">\n<tbody>\n<tr>\n<td bgcolor=\"#E8EEFA\" width=\"100%\"><\/td>\n<\/tr>\n<\/tbody>\n<\/table>\n<\/td>\n<\/tr>\n<tr bgcolor=\"#1345A4\">\n<td colspan=\"2\"><img loading=\"lazy\" decoding=\"async\" alt=\"\" src=\"https:\/\/www.sia.aviation-civile.gouv.fr\/img\/ptrans.gif\" width=\"1\" height=\"1\" \/><\/td>\n<\/tr>\n<tr>\n<td colspan=\"2\"><img loading=\"lazy\" decoding=\"async\" alt=\"\" src=\"https:\/\/www.sia.aviation-civile.gouv.fr\/img\/ptrans.gif\" width=\"1\" height=\"5\" \/><\/td>\n<\/tr>\n<tr>\n<td width=\"532\"><a href=\"https:\/\/www.sia.aviation-civile.gouv.fr\/dossier\/supaipmetro\/SUP_2012_174_FR.pdf\" target=\"_blank\">A\u00e9rodromes concern\u00e9s : voir paragraphe 1<\/a><\/td>\n<td rowspan=\"2\" align=\"center\" valign=\"middle\" width=\"20\"><img loading=\"lazy\" decoding=\"async\" alt=\"\" src=\"https:\/\/www.sia.aviation-civile.gouv.fr\/img\/ptrans.gif\" width=\"20\" height=\"30\" \/><\/td>\n<\/tr>\n<tr>\n<td width=\"532\">Plan neige saisonnier hiver 2012-2013<\/td>\n<\/tr>\n<tr>\n<td colspan=\"2\">\n<table style=\"width: 552px;\" border=\"0\" cellspacing=\"0\" cellpadding=\"0\">\n<tbody>\n<tr bgcolor=\"#E8EEFA\">\n<td width=\"8\"><\/td>\n<td><img loading=\"lazy\" decoding=\"async\" alt=\"\" src=\"https:\/\/www.sia.aviation-civile.gouv.fr\/img\/ptrans.gif\" width=\"8\" height=\"8\" \/><\/td>\n<td width=\"45\"><b>174\/12<\/b><\/td>\n<td width=\"155\"><b>Diffusion :\u00a0<\/b>IFR &#8211; VFR<\/td>\n<td width=\"80\"><b>Poids :\u00a0<\/b>155Ko<\/td>\n<td width=\"20\"><img loading=\"lazy\" decoding=\"async\" alt=\"\" src=\"https:\/\/www.sia.aviation-civile.gouv.fr\/img\/ptrans.gif\" width=\"20\" height=\"1\" \/><\/td>\n<td width=\"244\"><b>Valide du\u00a0<\/b><span>08 NOV 2012<\/span><b>\u00a0au\u00a0<\/b><span>15 MAY 2013<\/span><\/td>\n<\/tr>\n<\/tbody>\n<\/table>\n<table style=\"width: 552px;\" border=\"0\" cellspacing=\"0\" cellpadding=\"0\">\n<tbody>\n<tr>\n<td bgcolor=\"#E8EEFA\" width=\"100%\"><\/td>\n<\/tr>\n<\/tbody>\n<\/table>\n<\/td>\n<\/tr>\n<tr bgcolor=\"#1345A4\">\n<td colspan=\"2\"><img loading=\"lazy\" decoding=\"async\" alt=\"\" src=\"https:\/\/www.sia.aviation-civile.gouv.fr\/img\/ptrans.gif\" width=\"1\" height=\"1\" \/><\/td>\n<\/tr>\n<tr>\n<td colspan=\"2\"><img loading=\"lazy\" decoding=\"async\" alt=\"\" src=\"https:\/\/www.sia.aviation-civile.gouv.fr\/img\/ptrans.gif\" width=\"1\" height=\"5\" \/><\/td>\n<\/tr>\n<tr>\n<td width=\"532\"><a href=\"https:\/\/www.sia.aviation-civile.gouv.fr\/dossier\/supaipmetro\/SUP_2012_172_FR.pdf\" target=\"_blank\">FIR Bordeaux (LFBB), AD Thouars (LFCT)<\/a><\/td>\n<td rowspan=\"2\" align=\"center\" valign=\"middle\" width=\"20\"><img loading=\"lazy\" decoding=\"async\" alt=\"\" src=\"https:\/\/www.sia.aviation-civile.gouv.fr\/img\/ptrans.gif\" width=\"20\" height=\"30\" \/><\/td>\n<\/tr>\n<tr>\n<td width=\"532\">Cr\u00e9ation d\u2019une ZRT \u00e0 Thouars<\/td>\n<\/tr>\n<tr>\n<td colspan=\"2\">\n<table style=\"width: 552px;\" border=\"0\" cellspacing=\"0\" cellpadding=\"0\">\n<tbody>\n<tr bgcolor=\"#E8EEFA\">\n<td width=\"8\"><\/td>\n<td><img loading=\"lazy\" decoding=\"async\" alt=\"\" src=\"https:\/\/www.sia.aviation-civile.gouv.fr\/img\/ptrans.gif\" width=\"8\" height=\"8\" \/><\/td>\n<td width=\"45\"><b>172\/12<\/b><\/td>\n<td width=\"155\"><b>Diffusion :\u00a0<\/b>IFR &#8211; VFR<\/td>\n<td width=\"80\"><b>Poids :\u00a0<\/b>184Ko<\/td>\n<td width=\"20\"><img loading=\"lazy\" decoding=\"async\" alt=\"\" src=\"https:\/\/www.sia.aviation-civile.gouv.fr\/img\/ptrans.gif\" width=\"20\" height=\"1\" \/><\/td>\n<td width=\"244\"><b>Valide du\u00a0<\/b><span>28 OCT 2012<\/span><b>\u00a0au\u00a0<\/b><span>30 MAR 2013<\/span><\/td>\n<\/tr>\n<\/tbody>\n<\/table>\n<table style=\"width: 552px;\" border=\"0\" cellspacing=\"0\" cellpadding=\"0\">\n<tbody>\n<tr>\n<td bgcolor=\"#E8EEFA\" width=\"100%\"><\/td>\n<\/tr>\n<\/tbody>\n<\/table>\n<\/td>\n<\/tr>\n<tr bgcolor=\"#1345A4\">\n<td colspan=\"2\"><img loading=\"lazy\" decoding=\"async\" alt=\"\" src=\"https:\/\/www.sia.aviation-civile.gouv.fr\/img\/ptrans.gif\" width=\"1\" height=\"1\" \/><\/td>\n<\/tr>\n<tr>\n<td colspan=\"2\"><img loading=\"lazy\" decoding=\"async\" alt=\"\" src=\"https:\/\/www.sia.aviation-civile.gouv.fr\/img\/ptrans.gif\" width=\"1\" height=\"5\" \/><\/td>\n<\/tr>\n<tr>\n<td width=\"532\"><a href=\"https:\/\/www.sia.aviation-civile.gouv.fr\/dossier\/supaipmetro\/SUP_2012_141_FR.pdf\" target=\"_blank\">AD Marseille Provence (LFML)<\/a><\/td>\n<td rowspan=\"2\" align=\"center\" valign=\"middle\" width=\"20\"><img loading=\"lazy\" decoding=\"async\" alt=\"\" src=\"https:\/\/www.sia.aviation-civile.gouv.fr\/img\/ptrans.gif\" width=\"20\" height=\"30\" \/><\/td>\n<\/tr>\n<tr>\n<td width=\"532\">Proc\u00e9dure en Descente Continue (CDO) &#8211; APCH ILS X RWY 31 R<\/td>\n<\/tr>\n<tr>\n<td colspan=\"2\">\n<table style=\"width: 552px;\" border=\"0\" cellspacing=\"0\" cellpadding=\"0\">\n<tbody>\n<tr bgcolor=\"#E8EEFA\">\n<td width=\"8\"><\/td>\n<td><img loading=\"lazy\" decoding=\"async\" alt=\"\" src=\"https:\/\/www.sia.aviation-civile.gouv.fr\/img\/ptrans.gif\" width=\"8\" height=\"8\" \/><\/td>\n<td width=\"45\"><b>141\/12<\/b><\/td>\n<td width=\"155\"><\/td>\n<td width=\"80\"><b>Poids :\u00a0<\/b>752Ko<\/td>\n<td width=\"20\"><img loading=\"lazy\" decoding=\"async\" alt=\"\" src=\"https:\/\/www.sia.aviation-civile.gouv.fr\/img\/ptrans.gif\" width=\"20\" height=\"1\" \/><\/td>\n<td width=\"244\"><b>Valide du\u00a0<\/b><span>18 OCT 2012<\/span><b>\u00a0au\u00a0<\/b><span>NOTAM<\/span><\/td>\n<\/tr>\n<\/tbody>\n<\/table>\n<table style=\"width: 552px;\" border=\"0\" cellspacing=\"0\" cellpadding=\"0\">\n<tbody>\n<tr>\n<td bgcolor=\"#E8EEFA\" width=\"100%\"><\/td>\n<\/tr>\n<\/tbody>\n<\/table>\n<\/td>\n<\/tr>\n<tr bgcolor=\"#1345A4\">\n<td colspan=\"2\"><img loading=\"lazy\" decoding=\"async\" alt=\"\" src=\"https:\/\/www.sia.aviation-civile.gouv.fr\/img\/ptrans.gif\" width=\"1\" height=\"1\" \/><\/td>\n<\/tr>\n<tr>\n<td colspan=\"2\"><img loading=\"lazy\" decoding=\"async\" alt=\"\" src=\"https:\/\/www.sia.aviation-civile.gouv.fr\/img\/ptrans.gif\" width=\"1\" height=\"5\" \/><\/td>\n<\/tr>\n<tr>\n<td width=\"532\"><a href=\"https:\/\/www.sia.aviation-civile.gouv.fr\/dossier\/supaipmetro\/SUP_2012_140_FR.pdf\" target=\"_blank\">FIR Brest (LFRR), FIR Paris (LFFF), UIR France<\/a><\/td>\n<td rowspan=\"2\" align=\"center\" valign=\"middle\" width=\"20\"><img loading=\"lazy\" decoding=\"async\" alt=\"\" src=\"https:\/\/www.sia.aviation-civile.gouv.fr\/img\/ptrans.gif\" width=\"20\" height=\"30\" \/><\/td>\n<\/tr>\n<tr>\n<td width=\"532\">Exp\u00e9rimentation d\u2019un dispositif de zones d\u2019entra\u00eenement au combat dans l\u2019Ouest de la France<\/td>\n<\/tr>\n<tr>\n<td colspan=\"2\">\n<table style=\"width: 552px;\" border=\"0\" cellspacing=\"0\" cellpadding=\"0\">\n<tbody>\n<tr bgcolor=\"#E8EEFA\">\n<td width=\"8\"><\/td>\n<td><img loading=\"lazy\" decoding=\"async\" alt=\"\" src=\"https:\/\/www.sia.aviation-civile.gouv.fr\/img\/ptrans.gif\" width=\"8\" height=\"8\" \/><\/td>\n<td width=\"45\"><b>140\/12<\/b><\/td>\n<td width=\"155\"><b>Diffusion :\u00a0<\/b>IFR &#8211; VFR<\/td>\n<td width=\"80\"><b>Poids :\u00a0<\/b>147Ko<\/td>\n<td width=\"20\"><img loading=\"lazy\" decoding=\"async\" alt=\"\" src=\"https:\/\/www.sia.aviation-civile.gouv.fr\/img\/ptrans.gif\" width=\"20\" height=\"1\" \/><\/td>\n<td width=\"244\"><b>Valide du\u00a0<\/b><span>18 OCT 2012<\/span><b>\u00a0au\u00a0<\/b><span>17 OCT 2013<\/span><\/td>\n<\/tr>\n<\/tbody>\n<\/table>\n<table style=\"width: 552px;\" border=\"0\" cellspacing=\"0\" cellpadding=\"0\">\n<tbody>\n<tr>\n<td bgcolor=\"#E8EEFA\" width=\"100%\"><\/td>\n<\/tr>\n<\/tbody>\n<\/table>\n<\/td>\n<\/tr>\n<tr bgcolor=\"#1345A4\">\n<td colspan=\"2\"><img loading=\"lazy\" decoding=\"async\" alt=\"\" src=\"https:\/\/www.sia.aviation-civile.gouv.fr\/img\/ptrans.gif\" width=\"1\" height=\"1\" \/><\/td>\n<\/tr>\n<tr>\n<td colspan=\"2\"><img loading=\"lazy\" decoding=\"async\" alt=\"\" src=\"https:\/\/www.sia.aviation-civile.gouv.fr\/img\/ptrans.gif\" width=\"1\" height=\"5\" \/><\/td>\n<\/tr>\n<tr>\n<td width=\"532\"><a href=\"https:\/\/www.sia.aviation-civile.gouv.fr\/dossier\/supaipmetro\/SUP_2012_077_FR.pdf\" target=\"_blank\">AD Bordeaux M\u00e9rignac (LFBD)<\/a><\/td>\n<td rowspan=\"2\" align=\"center\" valign=\"middle\" width=\"20\"><img loading=\"lazy\" decoding=\"async\" alt=\"\" src=\"https:\/\/www.sia.aviation-civile.gouv.fr\/img\/ptrans.gif\" width=\"20\" height=\"30\" \/><\/td>\n<\/tr>\n<tr>\n<td width=\"532\">Evaluation des proc\u00e9dures en Descente Continue Optimis\u00e9e CDO<\/td>\n<\/tr>\n<tr>\n<td colspan=\"2\">\n<table style=\"width: 552px;\" border=\"0\" cellspacing=\"0\" cellpadding=\"0\">\n<tbody>\n<tr bgcolor=\"#E8EEFA\">\n<td width=\"8\"><\/td>\n<td><img loading=\"lazy\" decoding=\"async\" alt=\"\" src=\"https:\/\/www.sia.aviation-civile.gouv.fr\/img\/ptrans.gif\" width=\"8\" height=\"8\" \/><\/td>\n<td width=\"45\"><b>077\/12<\/b><\/td>\n<td width=\"155\"><b>Diffusion :\u00a0<\/b>IFR<\/td>\n<td width=\"80\"><b>Poids :\u00a0<\/b>291Ko<\/td>\n<td width=\"20\"><img loading=\"lazy\" decoding=\"async\" alt=\"\" src=\"https:\/\/www.sia.aviation-civile.gouv.fr\/img\/ptrans.gif\" width=\"20\" height=\"1\" \/><\/td>\n<td width=\"244\"><b>Valide du\u00a0<\/b><span>28 JUN 2012<\/span><b>\u00a0au\u00a0<\/b><span>27 JUN 2013<\/span><\/td>\n<\/tr>\n<\/tbody>\n<\/table>\n<table style=\"width: 552px;\" border=\"0\" cellspacing=\"0\" cellpadding=\"0\">\n<tbody>\n<tr>\n<td bgcolor=\"#E8EEFA\" width=\"100%\"><\/td>\n<\/tr>\n<\/tbody>\n<\/table>\n<\/td>\n<\/tr>\n<tr bgcolor=\"#1345A4\">\n<td colspan=\"2\"><img loading=\"lazy\" decoding=\"async\" alt=\"\" src=\"https:\/\/www.sia.aviation-civile.gouv.fr\/img\/ptrans.gif\" width=\"1\" height=\"1\" \/><\/td>\n<\/tr>\n<tr>\n<td colspan=\"2\"><img loading=\"lazy\" decoding=\"async\" alt=\"\" src=\"https:\/\/www.sia.aviation-civile.gouv.fr\/img\/ptrans.gif\" width=\"1\" height=\"5\" \/><\/td>\n<\/tr>\n<tr>\n<td width=\"532\"><a href=\"https:\/\/www.sia.aviation-civile.gouv.fr\/dossier\/supaipmetro\/SUP_2012_045_FR.pdf\" target=\"_blank\">H\u00e9liport de Paris Issy les Moulineaux(LFPI)<\/a><\/td>\n<td rowspan=\"2\" align=\"center\" valign=\"middle\" width=\"20\"><img loading=\"lazy\" decoding=\"async\" alt=\"\" src=\"https:\/\/www.sia.aviation-civile.gouv.fr\/img\/ptrans.gif\" width=\"20\" height=\"30\" \/><\/td>\n<\/tr>\n<tr>\n<td width=\"532\">Modification des consignes particuli\u00e8res<\/td>\n<\/tr>\n<tr>\n<td colspan=\"2\">\n<table style=\"width: 552px;\" border=\"0\" cellspacing=\"0\" cellpadding=\"0\">\n<tbody>\n<tr bgcolor=\"#E8EEFA\">\n<td width=\"8\"><\/td>\n<td><img loading=\"lazy\" decoding=\"async\" alt=\"\" src=\"https:\/\/www.sia.aviation-civile.gouv.fr\/img\/ptrans.gif\" width=\"8\" height=\"8\" \/><\/td>\n<td width=\"45\"><b>045\/12<\/b><\/td>\n<td width=\"155\"><b>Diffusion :\u00a0<\/b>VFR<\/td>\n<td width=\"80\"><b>Poids :\u00a0<\/b>182Ko<\/td>\n<td width=\"20\"><img loading=\"lazy\" decoding=\"async\" alt=\"\" src=\"https:\/\/www.sia.aviation-civile.gouv.fr\/img\/ptrans.gif\" width=\"20\" height=\"1\" \/><\/td>\n<td width=\"244\"><b>Valide du\u00a0<\/b><span>16 APR 2012<\/span><b>\u00a0au\u00a0<\/b><span>NOTAM<\/span><\/td>\n<\/tr>\n<\/tbody>\n<\/table>\n<table style=\"width: 552px;\" border=\"0\" cellspacing=\"0\" cellpadding=\"0\">\n<tbody>\n<tr>\n<td bgcolor=\"#E8EEFA\" width=\"100%\"><\/td>\n<\/tr>\n<\/tbody>\n<\/table>\n<\/td>\n<\/tr>\n<tr bgcolor=\"#1345A4\">\n<td colspan=\"2\"><img loading=\"lazy\" decoding=\"async\" alt=\"\" src=\"https:\/\/www.sia.aviation-civile.gouv.fr\/img\/ptrans.gif\" width=\"1\" height=\"1\" \/><\/td>\n<\/tr>\n<tr>\n<td colspan=\"2\"><img loading=\"lazy\" decoding=\"async\" alt=\"\" src=\"https:\/\/www.sia.aviation-civile.gouv.fr\/img\/ptrans.gif\" width=\"1\" height=\"5\" \/><\/td>\n<\/tr>\n<tr>\n<td width=\"532\"><a href=\"https:\/\/www.sia.aviation-civile.gouv.fr\/dossier\/supaipmetro\/SUP_2012_041_FR.pdf\" target=\"_blank\">AD Lyon Saint Exup\u00e9ry LFLL<\/a><\/td>\n<td rowspan=\"2\" align=\"center\" valign=\"middle\" width=\"20\"><img loading=\"lazy\" decoding=\"async\" alt=\"\" src=\"https:\/\/www.sia.aviation-civile.gouv.fr\/img\/ptrans.gif\" width=\"20\" height=\"30\" \/><\/td>\n<\/tr>\n<tr>\n<td width=\"532\">Evaluation de l&rsquo;exploitation de proc\u00e9dures d&rsquo;approches en descente continue<\/td>\n<\/tr>\n<tr>\n<td colspan=\"2\">\n<table style=\"width: 552px;\" border=\"0\" cellspacing=\"0\" cellpadding=\"0\">\n<tbody>\n<tr bgcolor=\"#E8EEFA\">\n<td width=\"8\"><\/td>\n<td><img loading=\"lazy\" decoding=\"async\" alt=\"\" src=\"https:\/\/www.sia.aviation-civile.gouv.fr\/img\/ptrans.gif\" width=\"8\" height=\"8\" \/><\/td>\n<td width=\"45\"><b>041\/12<\/b><\/td>\n<td width=\"155\"><\/td>\n<td width=\"80\"><b>Poids :\u00a0<\/b>673Ko<\/td>\n<td width=\"20\"><img loading=\"lazy\" decoding=\"async\" alt=\"\" src=\"https:\/\/www.sia.aviation-civile.gouv.fr\/img\/ptrans.gif\" width=\"20\" height=\"1\" \/><\/td>\n<td width=\"244\"><b>Valide du\u00a0<\/b><span>03 MAY 2012<\/span><b>\u00a0au\u00a0<\/b><span>NOTAM<\/span><\/td>\n<\/tr>\n<\/tbody>\n<\/table>\n<table style=\"width: 552px;\" border=\"0\" cellspacing=\"0\" cellpadding=\"0\">\n<tbody>\n<tr>\n<td bgcolor=\"#E8EEFA\" width=\"100%\"><\/td>\n<\/tr>\n<\/tbody>\n<\/table>\n<\/td>\n<\/tr>\n<tr bgcolor=\"#1345A4\">\n<td colspan=\"2\"><img loading=\"lazy\" decoding=\"async\" alt=\"\" src=\"https:\/\/www.sia.aviation-civile.gouv.fr\/img\/ptrans.gif\" width=\"1\" height=\"1\" \/><\/td>\n<\/tr>\n<tr>\n<td colspan=\"2\"><img loading=\"lazy\" decoding=\"async\" alt=\"\" src=\"https:\/\/www.sia.aviation-civile.gouv.fr\/img\/ptrans.gif\" width=\"1\" height=\"5\" \/><\/td>\n<\/tr>\n<tr>\n<td width=\"532\"><a href=\"https:\/\/www.sia.aviation-civile.gouv.fr\/dossier\/supaipmetro\/SUP_2011_165_FR.pdf\" target=\"_blank\">FIR PARIS (LFFF)<\/a><\/td>\n<td rowspan=\"2\" align=\"center\" valign=\"middle\" width=\"20\"><img loading=\"lazy\" decoding=\"async\" alt=\"\" src=\"https:\/\/www.sia.aviation-civile.gouv.fr\/img\/ptrans.gif\" width=\"20\" height=\"30\" \/><\/td>\n<\/tr>\n<tr>\n<td width=\"532\">Cr\u00e9ation de 1 Zone R\u00e9glement\u00e9e Temporaire (ZRT) en r\u00e9gion parisienne (veille 120,075 MHZ)<\/td>\n<\/tr>\n<tr>\n<td colspan=\"2\">\n<table style=\"width: 552px;\" border=\"0\" cellspacing=\"0\" cellpadding=\"0\">\n<tbody>\n<tr bgcolor=\"#E8EEFA\">\n<td width=\"8\"><\/td>\n<td><img loading=\"lazy\" decoding=\"async\" alt=\"\" src=\"https:\/\/www.sia.aviation-civile.gouv.fr\/img\/ptrans.gif\" width=\"8\" height=\"8\" \/><\/td>\n<td width=\"45\"><b>165\/11<\/b><\/td>\n<td width=\"155\"><b>Diffusion :\u00a0<\/b>VFR<\/td>\n<td width=\"80\"><b>Poids :\u00a0<\/b>770Ko<\/td>\n<td width=\"20\"><img loading=\"lazy\" decoding=\"async\" alt=\"\" src=\"https:\/\/www.sia.aviation-civile.gouv.fr\/img\/ptrans.gif\" width=\"20\" height=\"1\" \/><\/td>\n<td width=\"244\"><b>Valide du\u00a0<\/b><span>15 DEC 2011<\/span><b>\u00a0au\u00a0<\/b><span>NOTAM<\/span><\/td>\n<\/tr>\n<\/tbody>\n<\/table>\n<table style=\"width: 552px;\" border=\"0\" cellspacing=\"0\" cellpadding=\"0\">\n<tbody>\n<tr>\n<td bgcolor=\"#E8EEFA\" width=\"100%\"><\/td>\n<\/tr>\n<\/tbody>\n<\/table>\n<\/td>\n<\/tr>\n<tr bgcolor=\"#1345A4\">\n<td colspan=\"2\"><img loading=\"lazy\" decoding=\"async\" alt=\"\" src=\"https:\/\/www.sia.aviation-civile.gouv.fr\/img\/ptrans.gif\" width=\"1\" height=\"1\" \/><\/td>\n<\/tr>\n<tr>\n<td colspan=\"2\"><img loading=\"lazy\" decoding=\"async\" alt=\"\" src=\"https:\/\/www.sia.aviation-civile.gouv.fr\/img\/ptrans.gif\" width=\"1\" height=\"5\" \/><\/td>\n<\/tr>\n<tr>\n<td width=\"532\"><a href=\"https:\/\/www.sia.aviation-civile.gouv.fr\/dossier\/supaipmetro\/SUP_2011_104_FR.pdf\" target=\"_blank\">Toutes FIR France (LFFF), (LFRR), (LFEE), (LFMM), (LFBB)<\/a><\/td>\n<td rowspan=\"2\" align=\"center\" valign=\"middle\" width=\"20\"><img loading=\"lazy\" decoding=\"async\" alt=\"\" src=\"https:\/\/www.sia.aviation-civile.gouv.fr\/img\/ptrans.gif\" width=\"20\" height=\"30\" \/><\/td>\n<\/tr>\n<tr>\n<td width=\"532\">Modification des minima op\u00e9rationnels<\/td>\n<\/tr>\n<tr>\n<td colspan=\"2\">\n<table style=\"width: 552px;\" border=\"0\" cellspacing=\"0\" cellpadding=\"0\">\n<tbody>\n<tr bgcolor=\"#E8EEFA\">\n<td width=\"8\"><\/td>\n<td><img loading=\"lazy\" decoding=\"async\" alt=\"\" src=\"https:\/\/www.sia.aviation-civile.gouv.fr\/img\/ptrans.gif\" width=\"8\" height=\"8\" \/><\/td>\n<td width=\"45\"><b>104\/11<\/b><\/td>\n<td width=\"155\"><\/td>\n<td width=\"80\"><b>Poids :\u00a0<\/b>743Ko<\/td>\n<td width=\"20\"><img loading=\"lazy\" decoding=\"async\" alt=\"\" src=\"https:\/\/www.sia.aviation-civile.gouv.fr\/img\/ptrans.gif\" width=\"20\" height=\"1\" \/><\/td>\n<td width=\"244\"><b>Valide du\u00a0<\/b><span>04 AUG 2011<\/span><b>\u00a0au\u00a0<\/b><span>NOTAM<\/span><\/td>\n<\/tr>\n<\/tbody>\n<\/table>\n<table style=\"width: 552px;\" border=\"0\" cellspacing=\"0\" cellpadding=\"0\">\n<tbody>\n<tr>\n<td bgcolor=\"#E8EEFA\" width=\"100%\"><\/td>\n<\/tr>\n<\/tbody>\n<\/table>\n<\/td>\n<\/tr>\n<tr bgcolor=\"#1345A4\">\n<td colspan=\"2\"><img loading=\"lazy\" decoding=\"async\" alt=\"\" src=\"https:\/\/www.sia.aviation-civile.gouv.fr\/img\/ptrans.gif\" width=\"1\" height=\"1\" \/><\/td>\n<\/tr>\n<tr>\n<td colspan=\"2\"><img loading=\"lazy\" decoding=\"async\" alt=\"\" src=\"https:\/\/www.sia.aviation-civile.gouv.fr\/img\/ptrans.gif\" width=\"1\" height=\"5\" \/><\/td>\n<\/tr>\n<tr>\n<td width=\"532\"><a href=\"https:\/\/www.sia.aviation-civile.gouv.fr\/dossier\/supaipmetro\/SUP_2009_059_FR.pdf\" target=\"_blank\">AD Saint-Cyr-L&rsquo;\u00e9cole (LFPZ)<\/a><\/td>\n<td rowspan=\"2\" align=\"center\" valign=\"middle\" width=\"20\"><img loading=\"lazy\" decoding=\"async\" alt=\"\" src=\"https:\/\/www.sia.aviation-civile.gouv.fr\/img\/ptrans.gif\" width=\"20\" height=\"30\" \/><\/td>\n<\/tr>\n<tr>\n<td width=\"532\">Cr\u00e9ation couloir d&rsquo;acc\u00e8s \u00e0 LFPZ AD<\/td>\n<\/tr>\n<tr>\n<td colspan=\"2\">\n<table style=\"width: 552px;\" border=\"0\" cellspacing=\"0\" cellpadding=\"0\">\n<tbody>\n<tr bgcolor=\"#E8EEFA\">\n<td width=\"8\"><\/td>\n<td><img loading=\"lazy\" decoding=\"async\" alt=\"\" src=\"https:\/\/www.sia.aviation-civile.gouv.fr\/img\/ptrans.gif\" width=\"8\" height=\"8\" \/><\/td>\n<td width=\"45\"><b>059\/09<\/b><\/td>\n<td width=\"155\"><b>Diffusion :\u00a0<\/b>VFR<\/td>\n<td width=\"80\"><b>Poids :\u00a0<\/b>100Ko<\/td>\n<td width=\"20\"><img loading=\"lazy\" decoding=\"async\" alt=\"\" src=\"https:\/\/www.sia.aviation-civile.gouv.fr\/img\/ptrans.gif\" width=\"20\" height=\"1\" \/><\/td>\n<td width=\"244\"><b>Valide du\u00a0<\/b><span>16 APR 2009<\/span><b>\u00a0au\u00a0<\/b><span>NOTAM<\/span><\/td>\n<\/tr>\n<\/tbody>\n<\/table>\n<\/td>\n<\/tr>\n<\/tbody>\n<\/table>\n<\/td>\n<\/tr>\n<\/tbody>\n<\/table>\n","protected":false},"excerpt":{"rendered":"<p>FIR PARIS FIR Paris LFFF, AD Le Havre Saint Romain LFOY Cr\u00e9ation d\u2019une zone r\u00e9glement\u00e9e temporaire (ZRT) dans la TMA 1 Deauville 041\/13 Diffusion :\u00a0IFR &#8211; VFR Poids :\u00a0385Ko Valide du\u00a002 MAY 2013\u00a0au\u00a016 OCT 2013 FIR Paris LFFF, AD Deauville Normandie LFRG, AD Le Havre Octeville LFOH, AD Le Havre Saint Romain LFOY Cr\u00e9ation de [&hellip;]<\/p>\n","protected":false},"author":1,"featured_media":0,"comment_status":"open","ping_status":"open","sticky":false,"template":"","format":"standard","meta":{"footnotes":""},"categories":[720],"tags":[1019,557,2895,2896,2857,375,2412,535,993],"class_list":["post-13493","post","type-post","status-publish","format-standard","hentry","category-sup-aip","tag-aviation","tag-aviation-generale","tag-nouvelles","tag-nouvelles-de-laviation-generale","tag-sup-aip","tag-supaip","tag-volets","tag-volets10","tag-volets10-fr"],"_links":{"self":[{"href":"https:\/\/volets10.fr\/WP\/wp-json\/wp\/v2\/posts\/13493"}],"collection":[{"href":"https:\/\/volets10.fr\/WP\/wp-json\/wp\/v2\/posts"}],"about":[{"href":"https:\/\/volets10.fr\/WP\/wp-json\/wp\/v2\/types\/post"}],"author":[{"embeddable":true,"href":"https:\/\/volets10.fr\/WP\/wp-json\/wp\/v2\/users\/1"}],"replies":[{"embeddable":true,"href":"https:\/\/volets10.fr\/WP\/wp-json\/wp\/v2\/comments?post=13493"}],"version-history":[{"count":0,"href":"https:\/\/volets10.fr\/WP\/wp-json\/wp\/v2\/posts\/13493\/revisions"}],"wp:attachment":[{"href":"https:\/\/volets10.fr\/WP\/wp-json\/wp\/v2\/media?parent=13493"}],"wp:term":[{"taxonomy":"category","embeddable":true,"href":"https:\/\/volets10.fr\/WP\/wp-json\/wp\/v2\/categories?post=13493"},{"taxonomy":"post_tag","embeddable":true,"href":"https:\/\/volets10.fr\/WP\/wp-json\/wp\/v2\/tags?post=13493"}],"curies":[{"name":"wp","href":"https:\/\/api.w.org\/{rel}","templated":true}]}}