{"id":18079,"date":"2015-06-18T21:43:17","date_gmt":"2015-06-18T19:43:17","guid":{"rendered":"http:\/\/volets10.fr\/WP\/?p=18079"},"modified":"2015-06-18T21:43:17","modified_gmt":"2015-06-18T19:43:17","slug":"supaip-en-vugueur-au-18-juin-2015","status":"publish","type":"post","link":"https:\/\/volets10.fr\/WP\/archives\/18079\/supaip-en-vugueur-au-18-juin-2015\/","title":{"rendered":"SUP\/AIP EN VUGUEUR AU 18 JUIN 2015"},"content":{"rendered":"<table border=\"0\" width=\"552\" cellspacing=\"0\" cellpadding=\"0\">\n<tbody>\n<tr>\n<td><img loading=\"lazy\" decoding=\"async\" class=\"alignleft  wp-image-16541\" src=\"http:\/\/volets10.fr\/WP\/wp-content\/uploads\/SUPAIP.png\" alt=\"SUPAIP\" width=\"569\" height=\"121\" srcset=\"https:\/\/volets10.fr\/WP\/wp-content\/uploads\/SUPAIP.png 710w, https:\/\/volets10.fr\/WP\/wp-content\/uploads\/SUPAIP-300x63.png 300w, https:\/\/volets10.fr\/WP\/wp-content\/uploads\/SUPAIP-600x127.png 600w\" sizes=\"(max-width: 569px) 100vw, 569px\" \/><\/td>\n<\/tr>\n<\/tbody>\n<\/table>\n<p><b>R\u00c9GION<\/b><strong>\u00a0PARISIENNE<\/strong><\/p>\n<table border=\"0\" width=\"552\" cellspacing=\"0\" cellpadding=\"0\">\n<tbody>\n<tr>\n<td class=\"nouveau\" width=\"532\"><a href=\"https:\/\/www.sia.aviation-civile.gouv.fr\/dossier\/supaipmetro\/SUP_2015_124_FR.pdf\" target=\"_blank\">AD Ch\u00e2teauroux D\u00e9ols LFLX<\/a><\/td>\n<td rowspan=\"2\" align=\"center\" valign=\"middle\" width=\"20\"><img loading=\"lazy\" decoding=\"async\" src=\"https:\/\/www.sia.aviation-civile.gouv.fr\/img\/ptrans.gif\" alt=\"\" width=\"20\" height=\"30\" \/><\/td>\n<\/tr>\n<tr>\n<td class=\"nouveau\" width=\"532\">Cr\u00e9ation de 2 zones r\u00e9glement\u00e9es temporaires (ZRT) en CTR CHATEAUROUX et TMA POITIERS, lors du Championnat du Monde de voltige et du meeting a\u00e9rien FFA 2015 sur l\u2019AD Ch\u00e2teauroux D\u00e9ols LFLX<\/td>\n<\/tr>\n<tr>\n<td colspan=\"2\">\n<table border=\"0\" width=\"552\" cellspacing=\"0\" cellpadding=\"0\">\n<tbody>\n<tr bgcolor=\"#E8EEFA\">\n<td class=\"petitencours\" width=\"8\"><\/td>\n<td><img loading=\"lazy\" decoding=\"async\" src=\"https:\/\/www.sia.aviation-civile.gouv.fr\/img\/ptrans.gif\" alt=\"\" width=\"8\" height=\"8\" \/><\/td>\n<td class=\"petitencours\" width=\"45\"><b>124\/15<\/b><\/td>\n<td class=\"petitencours\" width=\"155\"><b>Diffusion : <\/b>IFR &#8211; VFR<\/td>\n<td class=\"petitencours\" width=\"80\"><b>Poids : <\/b>454Ko<\/td>\n<td class=\"petitencours\" width=\"20\"><img loading=\"lazy\" decoding=\"async\" src=\"https:\/\/www.sia.aviation-civile.gouv.fr\/img\/ptrans.gif\" alt=\"\" width=\"20\" height=\"1\" \/><\/td>\n<td class=\"petitencours\" width=\"244\"><b>Valide du <\/b><span class=\"petitnouveau\">15 AUG 2015<\/span><b> au <\/b><span class=\"petitnouveau\">29 AUG 2015<\/span><\/td>\n<\/tr>\n<\/tbody>\n<\/table>\n<\/td>\n<\/tr>\n<\/tbody>\n<\/table>\n<table border=\"0\" width=\"552\" cellspacing=\"0\" cellpadding=\"0\">\n<tbody>\n<tr>\n<td class=\"encours\" width=\"532\"><a href=\"https:\/\/www.sia.aviation-civile.gouv.fr\/dossier\/supaipmetro\/SUP_2015_120_FR.pdf\" target=\"_blank\">FIR Paris LFFF, FIR Brest LFRR et AD : Ch\u00e2teaudun LFOC, Orl\u00e9ans Bricy LFOJ, Orl\u00e9ans Saint Denis de l&rsquo;H\u00f4tel LFOZ, Le Mans Arnage LFRM, Mortagne au Perche LFAX, Laval Entrammes LFOV<\/a><\/td>\n<td rowspan=\"2\" align=\"center\" valign=\"middle\" width=\"20\"><img loading=\"lazy\" decoding=\"async\" src=\"https:\/\/www.sia.aviation-civile.gouv.fr\/img\/ptrans.gif\" alt=\"\" width=\"20\" height=\"30\" \/><\/td>\n<\/tr>\n<tr>\n<td class=\"encours\" width=\"532\">Cr\u00e9ation d\u2019une zone r\u00e9glement\u00e9e temporaire (ZRT) pour l\u2019entra\u00eenement au d\u00e9fil\u00e9 a\u00e9rien du14 juillet dans la r\u00e9gion des a\u00e9rodromes de Ch\u00e2teaudun et Orl\u00e9ans Bricy<\/td>\n<\/tr>\n<tr>\n<td colspan=\"2\">\n<table border=\"0\" width=\"552\" cellspacing=\"0\" cellpadding=\"0\">\n<tbody>\n<tr bgcolor=\"#E8EEFA\">\n<td class=\"petitencours\" width=\"8\"><\/td>\n<td><img loading=\"lazy\" decoding=\"async\" src=\"https:\/\/www.sia.aviation-civile.gouv.fr\/img\/ptrans.gif\" alt=\"\" width=\"8\" height=\"8\" \/><\/td>\n<td class=\"petitencours\" width=\"45\"><b>120\/15<\/b><\/td>\n<td class=\"petitencours\" width=\"155\"><b>Diffusion : <\/b>IFR &#8211; VFR<\/td>\n<td class=\"petitencours\" width=\"80\"><b>Poids : <\/b>729Ko<\/td>\n<td class=\"petitencours\" width=\"20\"><img loading=\"lazy\" decoding=\"async\" src=\"https:\/\/www.sia.aviation-civile.gouv.fr\/img\/ptrans.gif\" alt=\"\" width=\"20\" height=\"1\" \/><\/td>\n<td class=\"petitencours\" width=\"244\"><b>Valide du <\/b><span class=\"petitencours\">23 JUN 2015<\/span><b> au <\/b><span class=\"petitencours\">26 JUN 2015<\/span><\/td>\n<\/tr>\n<\/tbody>\n<\/table>\n<\/td>\n<\/tr>\n<\/tbody>\n<\/table>\n<table border=\"0\" width=\"552\" cellspacing=\"0\" cellpadding=\"0\">\n<tbody>\n<tr>\n<td class=\"nouveau\" width=\"532\"><a href=\"https:\/\/www.sia.aviation-civile.gouv.fr\/dossier\/supaipmetro\/SUP_2015_060_FR.pdf\" target=\"_blank\">FIR Paris LFFF et AD : Paris Le Bourget LFPB, Paris Charles de Gaulle LFPG, Paris Orly LFPO, Paris Issy les Moulineaux LFPI, Villacoublay V\u00e9lizy LFPV, Chelles le Pin LFPH, Enghien Moisselles LFFE, Lognes Emerainville LFPL, Meaux Esbly LFPE, Toussus Le Nob<\/a><\/td>\n<td rowspan=\"2\" align=\"center\" valign=\"middle\" width=\"20\"><img loading=\"lazy\" decoding=\"async\" src=\"https:\/\/www.sia.aviation-civile.gouv.fr\/img\/ptrans.gif\" alt=\"\" width=\"20\" height=\"30\" \/><\/td>\n<\/tr>\n<tr>\n<td class=\"nouveau\" width=\"532\">51\u00e8me Salon International de l\u2019A\u00e9ronautique et de l\u2019Espace (SIAE) &#8211; Paris Le Bourget<\/td>\n<\/tr>\n<tr>\n<td colspan=\"2\">\n<table border=\"0\" width=\"552\" cellspacing=\"0\" cellpadding=\"0\">\n<tbody>\n<tr bgcolor=\"#E8EEFA\">\n<td class=\"petitencours\" width=\"8\"><\/td>\n<td><img loading=\"lazy\" decoding=\"async\" src=\"https:\/\/www.sia.aviation-civile.gouv.fr\/img\/ptrans.gif\" alt=\"\" width=\"8\" height=\"8\" \/><\/td>\n<td class=\"petitencours\" width=\"45\"><b>060\/15<\/b><\/td>\n<td class=\"petitencours\" width=\"155\"><b>Diffusion : <\/b>IFR &#8211; VFR<\/td>\n<td class=\"petitencours\" width=\"80\"><b>Poids : <\/b>1931Ko<\/td>\n<td class=\"petitencours\" width=\"20\"><img loading=\"lazy\" decoding=\"async\" src=\"https:\/\/www.sia.aviation-civile.gouv.fr\/img\/ptrans.gif\" alt=\"\" width=\"20\" height=\"1\" \/><\/td>\n<td class=\"petitencours\" width=\"244\"><b>Valide du <\/b><span class=\"petitnouveau\">10 JUN 2015<\/span><b> au <\/b><span class=\"petitnouveau\">22 JUN 2015<\/span><\/td>\n<\/tr>\n<\/tbody>\n<\/table>\n<\/td>\n<\/tr>\n<\/tbody>\n<\/table>\n<table border=\"0\" width=\"552\" cellspacing=\"0\" cellpadding=\"0\">\n<tbody>\n<tr>\n<td class=\"encours\" width=\"532\"><a href=\"https:\/\/www.sia.aviation-civile.gouv.fr\/dossier\/supaipmetro\/SUP_2015_042_FR.pdf\" target=\"_blank\">FIR Paris LFFF, AD Enghien Moisselles LFFE<\/a><\/td>\n<td rowspan=\"2\" align=\"center\" valign=\"middle\" width=\"20\"><img loading=\"lazy\" decoding=\"async\" src=\"https:\/\/www.sia.aviation-civile.gouv.fr\/img\/ptrans.gif\" alt=\"\" width=\"20\" height=\"30\" \/><\/td>\n<\/tr>\n<tr>\n<td class=\"encours\" width=\"532\">Cr\u00e9ation d\u2019une zone r\u00e9glement\u00e9e temporaire (ZRT) en CTR et zone LF-R 275 PARIS<\/td>\n<\/tr>\n<tr>\n<td colspan=\"2\">\n<table border=\"0\" width=\"552\" cellspacing=\"0\" cellpadding=\"0\">\n<tbody>\n<tr bgcolor=\"#E8EEFA\">\n<td class=\"petitencours\" width=\"8\"><\/td>\n<td><img loading=\"lazy\" decoding=\"async\" src=\"https:\/\/www.sia.aviation-civile.gouv.fr\/img\/ptrans.gif\" alt=\"\" width=\"8\" height=\"8\" \/><\/td>\n<td class=\"petitencours\" width=\"45\"><b>042\/15<\/b><\/td>\n<td class=\"petitencours\" width=\"155\"><b>Diffusion : <\/b>IFR &#8211; VFR<\/td>\n<td class=\"petitencours\" width=\"80\"><b>Poids : <\/b>507Ko<\/td>\n<td class=\"petitencours\" width=\"20\"><img loading=\"lazy\" decoding=\"async\" src=\"https:\/\/www.sia.aviation-civile.gouv.fr\/img\/ptrans.gif\" alt=\"\" width=\"20\" height=\"1\" \/><\/td>\n<td class=\"petitencours\" width=\"244\"><b>Valide du <\/b><span class=\"petitencours\">02 APR 2015<\/span><b> au <\/b><span class=\"petitencours\">11 NOV 2015<\/span><\/td>\n<\/tr>\n<\/tbody>\n<\/table>\n<\/td>\n<\/tr>\n<\/tbody>\n<\/table>\n<table border=\"0\" width=\"552\" cellspacing=\"0\" cellpadding=\"0\">\n<tbody>\n<tr>\n<td class=\"encours\" width=\"532\"><a href=\"https:\/\/www.sia.aviation-civile.gouv.fr\/dossier\/supaipmetro\/SUP_2015_041_FR.pdf\" target=\"_blank\">FIR Paris LFFF<\/a><\/td>\n<td rowspan=\"2\" align=\"center\" valign=\"middle\" width=\"20\"><img loading=\"lazy\" decoding=\"async\" src=\"https:\/\/www.sia.aviation-civile.gouv.fr\/img\/ptrans.gif\" alt=\"\" width=\"20\" height=\"30\" \/><\/td>\n<\/tr>\n<tr>\n<td class=\"encours\" width=\"532\">Cr\u00e9ation d\u2019une zone r\u00e9glement\u00e9e temporaire (ZRT) en r\u00e9gion parisienne (ZRT veille 120.075 MHz) (FIR Paris LFFF)<\/td>\n<\/tr>\n<tr>\n<td colspan=\"2\">\n<table border=\"0\" width=\"552\" cellspacing=\"0\" cellpadding=\"0\">\n<tbody>\n<tr bgcolor=\"#E8EEFA\">\n<td class=\"petitencours\" width=\"8\"><\/td>\n<td><img loading=\"lazy\" decoding=\"async\" src=\"https:\/\/www.sia.aviation-civile.gouv.fr\/img\/ptrans.gif\" alt=\"\" width=\"8\" height=\"8\" \/><\/td>\n<td class=\"petitencours\" width=\"45\"><b>041\/15<\/b><\/td>\n<td class=\"petitencours\" width=\"155\"><b>Diffusion : <\/b>VFR<\/td>\n<td class=\"petitencours\" width=\"80\"><b>Poids : <\/b>945Ko<\/td>\n<td class=\"petitencours\" width=\"20\"><img loading=\"lazy\" decoding=\"async\" src=\"https:\/\/www.sia.aviation-civile.gouv.fr\/img\/ptrans.gif\" alt=\"\" width=\"20\" height=\"1\" \/><\/td>\n<td class=\"petitencours\" width=\"244\"><b>Valide du <\/b><span class=\"petitencours\">02 APR 2015<\/span><b> au <\/b><span class=\"petitencours\">11 NOV 2015<\/span><\/td>\n<\/tr>\n<\/tbody>\n<\/table>\n<\/td>\n<\/tr>\n<\/tbody>\n<\/table>\n<table border=\"0\" width=\"552\" cellspacing=\"0\" cellpadding=\"0\">\n<tbody>\n<tr>\n<td class=\"encours\" width=\"532\"><a href=\"https:\/\/www.sia.aviation-civile.gouv.fr\/dossier\/supaipmetro\/SUP_2015_039_FR.pdf\" target=\"_blank\">AD Saint Cyr L\u2019Ecole LFPZ<\/a><\/td>\n<td rowspan=\"2\" align=\"center\" valign=\"middle\" width=\"20\"><img loading=\"lazy\" decoding=\"async\" src=\"https:\/\/www.sia.aviation-civile.gouv.fr\/img\/ptrans.gif\" alt=\"\" width=\"20\" height=\"30\" \/><\/td>\n<\/tr>\n<tr>\n<td class=\"encours\" width=\"532\">Modification \u00e0 titre exp\u00e9rimental du circuit h\u00e9licopt\u00e8res et des consignes particuli\u00e8res de l\u2019AD Saint Cyr L\u2019Ecole LFPZ<\/td>\n<\/tr>\n<tr>\n<td colspan=\"2\">\n<table border=\"0\" width=\"552\" cellspacing=\"0\" cellpadding=\"0\">\n<tbody>\n<tr bgcolor=\"#E8EEFA\">\n<td class=\"petitencours\" width=\"8\"><\/td>\n<td><img loading=\"lazy\" decoding=\"async\" src=\"https:\/\/www.sia.aviation-civile.gouv.fr\/img\/ptrans.gif\" alt=\"\" width=\"8\" height=\"8\" \/><\/td>\n<td class=\"petitencours\" width=\"45\"><b>039\/15<\/b><\/td>\n<td class=\"petitencours\" width=\"155\"><b>Diffusion : <\/b>VFR<\/td>\n<td class=\"petitencours\" width=\"80\"><b>Poids : <\/b>259Ko<\/td>\n<td class=\"petitencours\" width=\"20\"><img loading=\"lazy\" decoding=\"async\" src=\"https:\/\/www.sia.aviation-civile.gouv.fr\/img\/ptrans.gif\" alt=\"\" width=\"20\" height=\"1\" \/><\/td>\n<td class=\"petitencours\" width=\"244\"><b>Valide du <\/b><span class=\"petitencours\">30 APR 2015<\/span><b> au <\/b><span class=\"petitencours\">16 SEP 2015<\/span><\/td>\n<\/tr>\n<\/tbody>\n<\/table>\n<\/td>\n<\/tr>\n<\/tbody>\n<\/table>\n<p>Voir tous les SUP\/AIP en vigueur au 18\/06\/2015<\/p>\n<p><!--more--><\/p>\n<table border=\"0\" width=\"572\" cellspacing=\"0\" cellpadding=\"0\">\n<tbody>\n<tr>\n<td width=\"360\"><span class=\"titre2\">LISTE DES SUPPLEMENTS AIP &#8211; FRANCE<\/span><\/td>\n<td align=\"right\" valign=\"middle\">\n<table border=\"0\" width=\"212\" cellspacing=\"0\" cellpadding=\"0\">\n<tbody>\n<tr>\n<td width=\"132\"><img loading=\"lazy\" decoding=\"async\" src=\"https:\/\/www.sia.aviation-civile.gouv.fr\/img\/pre_date.gif\" alt=\"\" width=\"132\" height=\"14\" \/><\/td>\n<td class=\"normal\" bgcolor=\"#F0F0F0\" width=\"80\"><\/td>\n<\/tr>\n<\/tbody>\n<\/table>\n<\/td>\n<\/tr>\n<tr>\n<td width=\"360\"><span class=\"titre3\">(derni\u00e8re mise \u00e0 jour : 18 JUN 2015)<\/span><\/td>\n<td rowspan=\"3\" align=\"right\" valign=\"bottom\"><a href=\"http:\/\/www.adobe.fr\/products\/acrobat\/readstep.html\" target=\"_blank\"><img loading=\"lazy\" decoding=\"async\" src=\"https:\/\/www.sia.aviation-civile.gouv.fr\/img\/getacro.gif\" alt=\"T\u00e9l\u00e9chargez Acrobat Reader\" width=\"88\" height=\"31\" border=\"0\" \/><\/a><img loading=\"lazy\" decoding=\"async\" src=\"https:\/\/www.sia.aviation-civile.gouv.fr\/img\/ptrans.gif\" alt=\"\" width=\"20\" height=\"1\" \/><\/td>\n<\/tr>\n<tr>\n<td width=\"360\"><span class=\"petit\"><span style=\"color: #666666;\">Les Sup AIP peuvent \u00eatre modifi\u00e9s par Notam<\/span><\/span><\/td>\n<\/tr>\n<\/tbody>\n<\/table>\n<p>&nbsp;<\/p>\n<table border=\"0\" width=\"552\" cellspacing=\"0\" cellpadding=\"0\">\n<tbody>\n<tr bgcolor=\"#1345A4\">\n<td colspan=\"1\"><img loading=\"lazy\" decoding=\"async\" src=\"https:\/\/www.sia.aviation-civile.gouv.fr\/img\/ptrans.gif\" alt=\"\" width=\"1\" height=\"1\" \/><\/td>\n<\/tr>\n<tr>\n<td>\n<div class=\"nomtitre0\" align=\"center\"><span style=\"color: #666666;\">Liste de tous les SUP AIP publi\u00e9s<\/span><\/div>\n<\/td>\n<\/tr>\n<tr bgcolor=\"#1345A4\">\n<td colspan=\"1\"><img loading=\"lazy\" decoding=\"async\" src=\"https:\/\/www.sia.aviation-civile.gouv.fr\/img\/ptrans.gif\" alt=\"\" width=\"1\" height=\"1\" \/><\/td>\n<\/tr>\n<\/tbody>\n<\/table>\n<p>&nbsp;<\/p>\n<form action=\"https:\/\/www.sia.aviation-civile.gouv.fr\/asp_ssl\/recherche_sup_aip.asp?langue=fr\" method=\"post\" name=\"recherche\" target=\"mainFrame\">\n<table border=\"0\" width=\"552\" cellspacing=\"0\" cellpadding=\"0\">\n<tbody>\n<tr>\n<td bgcolor=\"#004689\" width=\"60\"><img loading=\"lazy\" decoding=\"async\" src=\"https:\/\/www.sia.aviation-civile.gouv.fr\/img\/ptrans.gif\" alt=\"\" width=\"1\" height=\"1\" \/><\/td>\n<td class=\"titre3\" bgcolor=\"#004689\" width=\"334\"><img loading=\"lazy\" decoding=\"async\" src=\"https:\/\/www.sia.aviation-civile.gouv.fr\/img\/ptrans.gif\" alt=\"\" width=\"1\" height=\"1\" \/><\/td>\n<td bgcolor=\"#004689\" width=\"98\"><img loading=\"lazy\" decoding=\"async\" src=\"https:\/\/www.sia.aviation-civile.gouv.fr\/img\/ptrans.gif\" alt=\"\" width=\"1\" height=\"1\" \/><\/td>\n<td bgcolor=\"#004689\" width=\"80\"><img loading=\"lazy\" decoding=\"async\" src=\"https:\/\/www.sia.aviation-civile.gouv.fr\/img\/ptrans.gif\" alt=\"\" width=\"1\" height=\"1\" \/><\/td>\n<\/tr>\n<\/tbody>\n<\/table>\n<table border=\"0\" width=\"552\" cellspacing=\"0\" cellpadding=\"0\">\n<tbody>\n<tr>\n<td class=\"titre3\" align=\"center\" bgcolor=\"#E6EEFF\">Rechercher\u00a0\u00a0 <input class=\"titre3\" maxlength=\"100\" name=\"texte\" size=\"30\" type=\"text\" value=\"\" \/> (<a>aide<\/a>)<br \/>\n<input class=\"titre3\" name=\"Submit\" type=\"submit\" value=\"Ok\" \/><\/td>\n<\/tr>\n<\/tbody>\n<\/table>\n<table border=\"0\" width=\"552\" cellspacing=\"0\" cellpadding=\"0\">\n<tbody>\n<tr>\n<td bgcolor=\"#004689\" width=\"60\"><img loading=\"lazy\" decoding=\"async\" src=\"https:\/\/www.sia.aviation-civile.gouv.fr\/img\/ptrans.gif\" alt=\"\" width=\"1\" height=\"1\" \/><\/td>\n<td class=\"titre3\" bgcolor=\"#004689\" width=\"334\"><img loading=\"lazy\" decoding=\"async\" src=\"https:\/\/www.sia.aviation-civile.gouv.fr\/img\/ptrans.gif\" alt=\"\" width=\"1\" height=\"1\" \/><\/td>\n<td bgcolor=\"#004689\" width=\"98\"><img loading=\"lazy\" decoding=\"async\" src=\"https:\/\/www.sia.aviation-civile.gouv.fr\/img\/ptrans.gif\" alt=\"\" width=\"1\" height=\"1\" \/><\/td>\n<td bgcolor=\"#004689\" width=\"80\"><img loading=\"lazy\" decoding=\"async\" src=\"https:\/\/www.sia.aviation-civile.gouv.fr\/img\/ptrans.gif\" alt=\"\" width=\"1\" height=\"1\" \/><\/td>\n<\/tr>\n<\/tbody>\n<\/table>\n<\/form>\n<p>&nbsp;<\/p>\n<table border=\"0\" width=\"572\" cellspacing=\"0\" cellpadding=\"0\">\n<tbody>\n<tr>\n<td valign=\"top\" width=\"552\">\n<table border=\"0\" width=\"552\" cellspacing=\"0\" cellpadding=\"0\">\n<tbody>\n<tr>\n<td class=\"nouveau\" width=\"532\"><a href=\"https:\/\/www.sia.aviation-civile.gouv.fr\/dossier\/supaipmetro\/SUP_2015_140_FR.pdf\" target=\"_blank\">FIR Brest LFRR, AD Coetquidan LFXQ<\/a><\/td>\n<td rowspan=\"2\" align=\"center\" valign=\"middle\" width=\"20\"><img loading=\"lazy\" decoding=\"async\" src=\"https:\/\/www.sia.aviation-civile.gouv.fr\/img\/ptrans.gif\" alt=\"\" width=\"20\" height=\"30\" \/><\/td>\n<\/tr>\n<tr>\n<td class=\"nouveau\" width=\"532\">Cr\u00e9ation d\u2019une zone r\u00e9glement\u00e9e temporaire (ZRT) SYDEREC \u00e0 AD Coetquidan (FIR Brest LFRR)<\/td>\n<\/tr>\n<tr>\n<td colspan=\"2\">\n<table border=\"0\" width=\"552\" cellspacing=\"0\" cellpadding=\"0\">\n<tbody>\n<tr bgcolor=\"#E8EEFA\">\n<td class=\"petitencours\" width=\"8\"><\/td>\n<td><img loading=\"lazy\" decoding=\"async\" src=\"https:\/\/www.sia.aviation-civile.gouv.fr\/img\/ptrans.gif\" alt=\"\" width=\"8\" height=\"8\" \/><\/td>\n<td class=\"petitencours\" width=\"45\"><b>140\/15<\/b><\/td>\n<td class=\"petitencours\" width=\"155\"><b>Diffusion : <\/b>IFR &#8211; VFR<\/td>\n<td class=\"petitencours\" width=\"80\"><b>Poids : <\/b>237Ko<\/td>\n<td class=\"petitencours\" width=\"20\"><img loading=\"lazy\" decoding=\"async\" src=\"https:\/\/www.sia.aviation-civile.gouv.fr\/img\/ptrans.gif\" alt=\"\" width=\"20\" height=\"1\" \/><\/td>\n<td class=\"petitencours\" width=\"244\"><b>Valide du <\/b><span class=\"petitnouveau\">02 JUL 2015<\/span><b> au <\/b><span class=\"petitnouveau\">30 DEC 2015<\/span><\/td>\n<\/tr>\n<\/tbody>\n<\/table>\n<table border=\"0\" width=\"552\" cellspacing=\"0\" cellpadding=\"0\">\n<tbody>\n<tr>\n<td bgcolor=\"#E8EEFA\" width=\"100%\"><\/td>\n<\/tr>\n<\/tbody>\n<\/table>\n<\/td>\n<\/tr>\n<tr bgcolor=\"#1345A4\">\n<td colspan=\"2\"><img loading=\"lazy\" decoding=\"async\" src=\"https:\/\/www.sia.aviation-civile.gouv.fr\/img\/ptrans.gif\" alt=\"\" width=\"1\" height=\"1\" \/><\/td>\n<\/tr>\n<tr>\n<td colspan=\"2\"><img loading=\"lazy\" decoding=\"async\" src=\"https:\/\/www.sia.aviation-civile.gouv.fr\/img\/ptrans.gif\" alt=\"\" width=\"1\" height=\"5\" \/><\/td>\n<\/tr>\n<tr>\n<td class=\"nouveau\" width=\"532\"><a href=\"https:\/\/www.sia.aviation-civile.gouv.fr\/dossier\/supaipmetro\/SUP_2015_139_FR.pdf\" target=\"_blank\">FIR Marseille LFMM, AD Aix les Milles LFMA, AD Marseille Provence LFML<\/a><\/td>\n<td rowspan=\"2\" align=\"center\" valign=\"middle\" width=\"20\"><img loading=\"lazy\" decoding=\"async\" src=\"https:\/\/www.sia.aviation-civile.gouv.fr\/img\/ptrans.gif\" alt=\"\" width=\"20\" height=\"30\" \/><\/td>\n<\/tr>\n<tr>\n<td class=\"nouveau\" width=\"532\">Cr\u00e9ation d\u2019une zone r\u00e9glement\u00e9e temporaire (ZRT) PUYRICARD<\/td>\n<\/tr>\n<tr>\n<td colspan=\"2\">\n<table border=\"0\" width=\"552\" cellspacing=\"0\" cellpadding=\"0\">\n<tbody>\n<tr bgcolor=\"#E8EEFA\">\n<td class=\"petitencours\" width=\"8\"><\/td>\n<td><img loading=\"lazy\" decoding=\"async\" src=\"https:\/\/www.sia.aviation-civile.gouv.fr\/img\/ptrans.gif\" alt=\"\" width=\"8\" height=\"8\" \/><\/td>\n<td class=\"petitencours\" width=\"45\"><b>139\/15<\/b><\/td>\n<td class=\"petitencours\" width=\"155\"><b>Diffusion : <\/b>IFR &#8211; VFR<\/td>\n<td class=\"petitencours\" width=\"80\"><b>Poids : <\/b>617Ko<\/td>\n<td class=\"petitencours\" width=\"20\"><img loading=\"lazy\" decoding=\"async\" src=\"https:\/\/www.sia.aviation-civile.gouv.fr\/img\/ptrans.gif\" alt=\"\" width=\"20\" height=\"1\" \/><\/td>\n<td class=\"petitencours\" width=\"244\"><b>Valide du <\/b><span class=\"petitnouveau\">02 JUL 2015<\/span><b> au <\/b><span class=\"petitnouveau\">30 NOV 2015<\/span><\/td>\n<\/tr>\n<\/tbody>\n<\/table>\n<table border=\"0\" width=\"552\" cellspacing=\"0\" cellpadding=\"0\">\n<tbody>\n<tr>\n<td bgcolor=\"#E8EEFA\" width=\"100%\"><\/td>\n<\/tr>\n<\/tbody>\n<\/table>\n<\/td>\n<\/tr>\n<tr bgcolor=\"#1345A4\">\n<td colspan=\"2\"><img loading=\"lazy\" decoding=\"async\" src=\"https:\/\/www.sia.aviation-civile.gouv.fr\/img\/ptrans.gif\" alt=\"\" width=\"1\" height=\"1\" \/><\/td>\n<\/tr>\n<tr>\n<td colspan=\"2\"><img loading=\"lazy\" decoding=\"async\" src=\"https:\/\/www.sia.aviation-civile.gouv.fr\/img\/ptrans.gif\" alt=\"\" width=\"1\" height=\"5\" \/><\/td>\n<\/tr>\n<tr>\n<td class=\"nouveau\" width=\"532\"><a href=\"https:\/\/www.sia.aviation-civile.gouv.fr\/dossier\/supaipmetro\/SUP_2015_138_FR.pdf\" target=\"_blank\">FIR Bordeaux LFBB, FIR Brest LFRR, FIR Marseille LFMM, FIR Reims LFEE et AD : Ajaccio Napol\u00e9on Bonaparte LFKJ, Solenzara LFKS<\/a><\/td>\n<td rowspan=\"2\" align=\"center\" valign=\"middle\" width=\"20\"><img loading=\"lazy\" decoding=\"async\" src=\"https:\/\/www.sia.aviation-civile.gouv.fr\/img\/ptrans.gif\" alt=\"\" width=\"20\" height=\"30\" \/><\/td>\n<\/tr>\n<tr>\n<td class=\"nouveau\" width=\"532\">Cr\u00e9ation de zones r\u00e9glement\u00e9es temporaires (ZRT) et zones dangereuses temporaires (ZDT) pour l\u2019Exercice BELOTE 2015-02<\/td>\n<\/tr>\n<tr>\n<td colspan=\"2\">\n<table border=\"0\" width=\"552\" cellspacing=\"0\" cellpadding=\"0\">\n<tbody>\n<tr bgcolor=\"#E8EEFA\">\n<td class=\"petitencours\" width=\"8\"><\/td>\n<td><img loading=\"lazy\" decoding=\"async\" src=\"https:\/\/www.sia.aviation-civile.gouv.fr\/img\/ptrans.gif\" alt=\"\" width=\"8\" height=\"8\" \/><\/td>\n<td class=\"petitencours\" width=\"45\"><b>138\/15<\/b><\/td>\n<td class=\"petitencours\" width=\"155\"><b>Diffusion : <\/b>IFR &#8211; VFR<\/td>\n<td class=\"petitencours\" width=\"80\"><b>Poids : <\/b>4817Ko<\/td>\n<td class=\"petitencours\" width=\"20\"><img loading=\"lazy\" decoding=\"async\" src=\"https:\/\/www.sia.aviation-civile.gouv.fr\/img\/ptrans.gif\" alt=\"\" width=\"20\" height=\"1\" \/><\/td>\n<td class=\"petitencours\" width=\"244\"><b>Valide du <\/b><span class=\"petitnouveau\">07 JUL 2015<\/span><b> au <\/b><span class=\"petitnouveau\">09 JUL 2015<\/span><\/td>\n<\/tr>\n<\/tbody>\n<\/table>\n<table border=\"0\" width=\"552\" cellspacing=\"0\" cellpadding=\"0\">\n<tbody>\n<tr>\n<td bgcolor=\"#E8EEFA\" width=\"100%\"><\/td>\n<\/tr>\n<\/tbody>\n<\/table>\n<\/td>\n<\/tr>\n<tr bgcolor=\"#1345A4\">\n<td colspan=\"2\"><img loading=\"lazy\" decoding=\"async\" src=\"https:\/\/www.sia.aviation-civile.gouv.fr\/img\/ptrans.gif\" alt=\"\" width=\"1\" height=\"1\" \/><\/td>\n<\/tr>\n<tr>\n<td colspan=\"2\"><img loading=\"lazy\" decoding=\"async\" src=\"https:\/\/www.sia.aviation-civile.gouv.fr\/img\/ptrans.gif\" alt=\"\" width=\"1\" height=\"5\" \/><\/td>\n<\/tr>\n<tr>\n<td class=\"nouveau\" width=\"532\"><a href=\"https:\/\/www.sia.aviation-civile.gouv.fr\/dossier\/supaipmetro\/SUP_2015_137_FR.pdf\" target=\"_blank\">UIR France, FIR Bordeaux LFBB, FIR Brest LFRR<\/a><\/td>\n<td rowspan=\"2\" align=\"center\" valign=\"middle\" width=\"20\"><img loading=\"lazy\" decoding=\"async\" src=\"https:\/\/www.sia.aviation-civile.gouv.fr\/img\/ptrans.gif\" alt=\"\" width=\"20\" height=\"30\" \/><\/td>\n<\/tr>\n<tr>\n<td class=\"nouveau\" width=\"532\">Cr\u00e9ation de deux zones r\u00e9glement\u00e9es et dangereuses temporaires (ZRT\/ZDT) dans le cadre de l\u2019op\u00e9ration METEOR en UIR France, FIR Bordeaux LFBB, FIR Brest LFRR<\/td>\n<\/tr>\n<tr>\n<td colspan=\"2\">\n<table border=\"0\" width=\"552\" cellspacing=\"0\" cellpadding=\"0\">\n<tbody>\n<tr bgcolor=\"#E8EEFA\">\n<td class=\"petitencours\" width=\"8\"><\/td>\n<td><img loading=\"lazy\" decoding=\"async\" src=\"https:\/\/www.sia.aviation-civile.gouv.fr\/img\/ptrans.gif\" alt=\"\" width=\"8\" height=\"8\" \/><\/td>\n<td class=\"petitencours\" width=\"45\"><b>137\/15<\/b><\/td>\n<td class=\"petitencours\" width=\"155\"><b>Diffusion : <\/b>IFR &#8211; VFR<\/td>\n<td class=\"petitencours\" width=\"80\"><b>Poids : <\/b>150Ko<\/td>\n<td class=\"petitencours\" width=\"20\"><img loading=\"lazy\" decoding=\"async\" src=\"https:\/\/www.sia.aviation-civile.gouv.fr\/img\/ptrans.gif\" alt=\"\" width=\"20\" height=\"1\" \/><\/td>\n<td class=\"petitencours\" width=\"244\"><b>Valide du <\/b><span class=\"petitnouveau\">06 JUL 2015<\/span><b> au <\/b><span class=\"petitnouveau\">30 JUL 2015<\/span><\/td>\n<\/tr>\n<\/tbody>\n<\/table>\n<table border=\"0\" width=\"552\" cellspacing=\"0\" cellpadding=\"0\">\n<tbody>\n<tr>\n<td bgcolor=\"#E8EEFA\" width=\"100%\"><\/td>\n<\/tr>\n<\/tbody>\n<\/table>\n<\/td>\n<\/tr>\n<tr bgcolor=\"#1345A4\">\n<td colspan=\"2\"><img loading=\"lazy\" decoding=\"async\" src=\"https:\/\/www.sia.aviation-civile.gouv.fr\/img\/ptrans.gif\" alt=\"\" width=\"1\" height=\"1\" \/><\/td>\n<\/tr>\n<tr>\n<td colspan=\"2\"><img loading=\"lazy\" decoding=\"async\" src=\"https:\/\/www.sia.aviation-civile.gouv.fr\/img\/ptrans.gif\" alt=\"\" width=\"1\" height=\"5\" \/><\/td>\n<\/tr>\n<tr>\n<td class=\"nouveau\" width=\"532\"><a href=\"https:\/\/www.sia.aviation-civile.gouv.fr\/dossier\/supaipmetro\/SUP_2015_136_FR.pdf\" target=\"_blank\">UIR France<\/a><\/td>\n<td rowspan=\"2\" align=\"center\" valign=\"middle\" width=\"20\"><img loading=\"lazy\" decoding=\"async\" src=\"https:\/\/www.sia.aviation-civile.gouv.fr\/img\/ptrans.gif\" alt=\"\" width=\"20\" height=\"30\" \/><\/td>\n<\/tr>\n<tr>\n<td class=\"nouveau\" width=\"532\">Cr\u00e9ation de 2 zones dangereuses temporaires (ZDT) OHP ALPHA et OHP BRAVO en UIR France<\/td>\n<\/tr>\n<tr>\n<td colspan=\"2\">\n<table border=\"0\" width=\"552\" cellspacing=\"0\" cellpadding=\"0\">\n<tbody>\n<tr bgcolor=\"#E8EEFA\">\n<td class=\"petitencours\" width=\"8\"><\/td>\n<td><img loading=\"lazy\" decoding=\"async\" src=\"https:\/\/www.sia.aviation-civile.gouv.fr\/img\/ptrans.gif\" alt=\"\" width=\"8\" height=\"8\" \/><\/td>\n<td class=\"petitencours\" width=\"45\"><b>136\/15<\/b><\/td>\n<td class=\"petitencours\" width=\"155\"><b>Diffusion : <\/b>IFR<\/td>\n<td class=\"petitencours\" width=\"80\"><b>Poids : <\/b>134Ko<\/td>\n<td class=\"petitencours\" width=\"20\"><img loading=\"lazy\" decoding=\"async\" src=\"https:\/\/www.sia.aviation-civile.gouv.fr\/img\/ptrans.gif\" alt=\"\" width=\"20\" height=\"1\" \/><\/td>\n<td class=\"petitencours\" width=\"244\"><b>Valide du <\/b><span class=\"petitnouveau\">05 JUL 2015<\/span><b> au <\/b><span class=\"petitnouveau\">11 NOV 2015<\/span><\/td>\n<\/tr>\n<\/tbody>\n<\/table>\n<table border=\"0\" width=\"552\" cellspacing=\"0\" cellpadding=\"0\">\n<tbody>\n<tr>\n<td bgcolor=\"#E8EEFA\" width=\"100%\"><\/td>\n<\/tr>\n<\/tbody>\n<\/table>\n<\/td>\n<\/tr>\n<tr bgcolor=\"#1345A4\">\n<td colspan=\"2\"><img loading=\"lazy\" decoding=\"async\" src=\"https:\/\/www.sia.aviation-civile.gouv.fr\/img\/ptrans.gif\" alt=\"\" width=\"1\" height=\"1\" \/><\/td>\n<\/tr>\n<tr>\n<td colspan=\"2\"><img loading=\"lazy\" decoding=\"async\" src=\"https:\/\/www.sia.aviation-civile.gouv.fr\/img\/ptrans.gif\" alt=\"\" width=\"1\" height=\"5\" \/><\/td>\n<\/tr>\n<tr>\n<td class=\"nouveau\" width=\"532\"><a href=\"https:\/\/www.sia.aviation-civile.gouv.fr\/dossier\/supaipmetro\/SUP_2015_135_FR.pdf\" target=\"_blank\">FIR Marseille LFMM, AD Valence Chabeuil LFLU<\/a><\/td>\n<td rowspan=\"2\" align=\"center\" valign=\"middle\" width=\"20\"><img loading=\"lazy\" decoding=\"async\" src=\"https:\/\/www.sia.aviation-civile.gouv.fr\/img\/ptrans.gif\" alt=\"\" width=\"20\" height=\"30\" \/><\/td>\n<\/tr>\n<tr>\n<td class=\"nouveau\" width=\"532\">Cr\u00e9ation d\u2019une Zone R\u00e9glement\u00e9e Temporaire (ZRT) \u00e0 l\u2019occasion d\u2019une manifestation a\u00e9rienne sur l\u2019AD Valence Chabeuil LFLU (FIR Marseille LFMM)<\/td>\n<\/tr>\n<tr>\n<td colspan=\"2\">\n<table border=\"0\" width=\"552\" cellspacing=\"0\" cellpadding=\"0\">\n<tbody>\n<tr bgcolor=\"#E8EEFA\">\n<td class=\"petitencours\" width=\"8\"><\/td>\n<td><img loading=\"lazy\" decoding=\"async\" src=\"https:\/\/www.sia.aviation-civile.gouv.fr\/img\/ptrans.gif\" alt=\"\" width=\"8\" height=\"8\" \/><\/td>\n<td class=\"petitencours\" width=\"45\"><b>135\/15<\/b><\/td>\n<td class=\"petitencours\" width=\"155\"><b>Diffusion : <\/b>IFR &#8211; VFR<\/td>\n<td class=\"petitencours\" width=\"80\"><b>Poids : <\/b>1297Ko<\/td>\n<td class=\"petitencours\" width=\"20\"><img loading=\"lazy\" decoding=\"async\" src=\"https:\/\/www.sia.aviation-civile.gouv.fr\/img\/ptrans.gif\" alt=\"\" width=\"20\" height=\"1\" \/><\/td>\n<td class=\"petitencours\" width=\"244\"><b>Valide du <\/b><span class=\"petitnouveau\">03 JUL 2015<\/span><b> au <\/b><span class=\"petitnouveau\">05 JUL 2015<\/span><\/td>\n<\/tr>\n<\/tbody>\n<\/table>\n<table border=\"0\" width=\"552\" cellspacing=\"0\" cellpadding=\"0\">\n<tbody>\n<tr>\n<td bgcolor=\"#E8EEFA\" width=\"100%\"><\/td>\n<\/tr>\n<\/tbody>\n<\/table>\n<\/td>\n<\/tr>\n<tr bgcolor=\"#1345A4\">\n<td colspan=\"2\"><img loading=\"lazy\" decoding=\"async\" src=\"https:\/\/www.sia.aviation-civile.gouv.fr\/img\/ptrans.gif\" alt=\"\" width=\"1\" height=\"1\" \/><\/td>\n<\/tr>\n<tr>\n<td colspan=\"2\"><img loading=\"lazy\" decoding=\"async\" src=\"https:\/\/www.sia.aviation-civile.gouv.fr\/img\/ptrans.gif\" alt=\"\" width=\"1\" height=\"5\" \/><\/td>\n<\/tr>\n<tr>\n<td class=\"nouveau\" width=\"532\"><a href=\"https:\/\/www.sia.aviation-civile.gouv.fr\/dossier\/supaipmetro\/SUP_2015_134_FR.pdf\" target=\"_blank\">FIR Bordeaux LFBB<\/a><\/td>\n<td rowspan=\"2\" align=\"center\" valign=\"middle\" width=\"20\"><img loading=\"lazy\" decoding=\"async\" src=\"https:\/\/www.sia.aviation-civile.gouv.fr\/img\/ptrans.gif\" alt=\"\" width=\"20\" height=\"30\" \/><\/td>\n<\/tr>\n<tr>\n<td class=\"nouveau\" width=\"532\">Cr\u00e9ation d\u2019une zone interdite temporaire (ZIT) \u00e0 ROSNAY (FIR Bordeaux LFBB)<\/td>\n<\/tr>\n<tr>\n<td colspan=\"2\">\n<table border=\"0\" width=\"552\" cellspacing=\"0\" cellpadding=\"0\">\n<tbody>\n<tr bgcolor=\"#E8EEFA\">\n<td class=\"petitencours\" width=\"8\"><\/td>\n<td><img loading=\"lazy\" decoding=\"async\" src=\"https:\/\/www.sia.aviation-civile.gouv.fr\/img\/ptrans.gif\" alt=\"\" width=\"8\" height=\"8\" \/><\/td>\n<td class=\"petitencours\" width=\"45\"><b>134\/15<\/b><\/td>\n<td class=\"petitencours\" width=\"155\"><b>Diffusion : <\/b>IFR &#8211; VFR<\/td>\n<td class=\"petitencours\" width=\"80\"><b>Poids : <\/b>316Ko<\/td>\n<td class=\"petitencours\" width=\"20\"><img loading=\"lazy\" decoding=\"async\" src=\"https:\/\/www.sia.aviation-civile.gouv.fr\/img\/ptrans.gif\" alt=\"\" width=\"20\" height=\"1\" \/><\/td>\n<td class=\"petitencours\" width=\"244\"><b>Valide du <\/b><span class=\"petitnouveau\">06 JUL 2015<\/span><b> au <\/b><span class=\"petitnouveau\">31 DEC 2015<\/span><\/td>\n<\/tr>\n<\/tbody>\n<\/table>\n<table border=\"0\" width=\"552\" cellspacing=\"0\" cellpadding=\"0\">\n<tbody>\n<tr>\n<td bgcolor=\"#E8EEFA\" width=\"100%\"><\/td>\n<\/tr>\n<\/tbody>\n<\/table>\n<\/td>\n<\/tr>\n<tr bgcolor=\"#1345A4\">\n<td colspan=\"2\"><img loading=\"lazy\" decoding=\"async\" src=\"https:\/\/www.sia.aviation-civile.gouv.fr\/img\/ptrans.gif\" alt=\"\" width=\"1\" height=\"1\" \/><\/td>\n<\/tr>\n<tr>\n<td colspan=\"2\"><img loading=\"lazy\" decoding=\"async\" src=\"https:\/\/www.sia.aviation-civile.gouv.fr\/img\/ptrans.gif\" alt=\"\" width=\"1\" height=\"5\" \/><\/td>\n<\/tr>\n<tr>\n<td class=\"encours\" width=\"532\"><a href=\"https:\/\/www.sia.aviation-civile.gouv.fr\/dossier\/supaipmetro\/SUP_2014_200_FR.pdf\" target=\"_blank\">AD Lyon Saint Exup\u00e9ry LFLL<\/a><\/td>\n<td rowspan=\"2\" align=\"center\" valign=\"middle\" width=\"20\"><img loading=\"lazy\" decoding=\"async\" src=\"https:\/\/www.sia.aviation-civile.gouv.fr\/img\/ptrans.gif\" alt=\"\" width=\"20\" height=\"30\" \/><\/td>\n<\/tr>\n<tr>\n<td class=\"encours\" width=\"532\">Evaluation de l&rsquo;exploitation de proc\u00e9dures d&rsquo;approches en descente Continue sur l\u2019AD Lyon Saint Exup\u00e9ry LFLL<\/td>\n<\/tr>\n<tr>\n<td colspan=\"2\">\n<table border=\"0\" width=\"552\" cellspacing=\"0\" cellpadding=\"0\">\n<tbody>\n<tr bgcolor=\"#E8EEFA\">\n<td class=\"petitencours\" width=\"8\"><\/td>\n<td><img loading=\"lazy\" decoding=\"async\" src=\"https:\/\/www.sia.aviation-civile.gouv.fr\/img\/ptrans.gif\" alt=\"\" width=\"8\" height=\"8\" \/><\/td>\n<td class=\"petitencours\" width=\"45\"><b>200\/14<\/b><\/td>\n<td class=\"petitencours\" width=\"155\"><b>Diffusion : <\/b>IFR<\/td>\n<td class=\"petitencours\" width=\"80\"><b>Poids : <\/b>1582Ko<\/td>\n<td class=\"petitencours\" width=\"20\"><img loading=\"lazy\" decoding=\"async\" src=\"https:\/\/www.sia.aviation-civile.gouv.fr\/img\/ptrans.gif\" alt=\"\" width=\"20\" height=\"1\" \/><\/td>\n<td class=\"petitencours\" width=\"244\"><b>Valide du <\/b><span class=\"petitencours\">01 JAN 2015<\/span><b> au <\/b><span class=\"petitnouveau\">24 JUN 2015<\/span><\/td>\n<\/tr>\n<\/tbody>\n<\/table>\n<table border=\"0\" width=\"552\" cellspacing=\"0\" cellpadding=\"0\">\n<tbody>\n<tr>\n<td bgcolor=\"#E8EEFA\" width=\"100%\"><\/td>\n<\/tr>\n<\/tbody>\n<\/table>\n<\/td>\n<\/tr>\n<tr bgcolor=\"#1345A4\">\n<td colspan=\"2\"><img loading=\"lazy\" decoding=\"async\" src=\"https:\/\/www.sia.aviation-civile.gouv.fr\/img\/ptrans.gif\" alt=\"\" width=\"1\" height=\"1\" \/><\/td>\n<\/tr>\n<tr>\n<td colspan=\"2\"><img loading=\"lazy\" decoding=\"async\" src=\"https:\/\/www.sia.aviation-civile.gouv.fr\/img\/ptrans.gif\" alt=\"\" width=\"1\" height=\"5\" \/><\/td>\n<\/tr>\n<tr>\n<td class=\"encours\" width=\"532\"><a href=\"https:\/\/www.sia.aviation-civile.gouv.fr\/dossier\/supaipmetro\/SUP_2015_133_FR.pdf\" target=\"_blank\">AD Figari Sud Corse LFKF<\/a><\/td>\n<td rowspan=\"2\" align=\"center\" valign=\"middle\" width=\"20\"><img loading=\"lazy\" decoding=\"async\" src=\"https:\/\/www.sia.aviation-civile.gouv.fr\/img\/ptrans.gif\" alt=\"\" width=\"20\" height=\"30\" \/><\/td>\n<\/tr>\n<tr>\n<td class=\"encours\" width=\"532\">Consignes particuli\u00e8res des STAR et SID de l\u2019AD Figari Sud Corse LFKF<\/td>\n<\/tr>\n<tr>\n<td colspan=\"2\">\n<table border=\"0\" width=\"552\" cellspacing=\"0\" cellpadding=\"0\">\n<tbody>\n<tr bgcolor=\"#E8EEFA\">\n<td class=\"petitencours\" width=\"8\"><\/td>\n<td><img loading=\"lazy\" decoding=\"async\" src=\"https:\/\/www.sia.aviation-civile.gouv.fr\/img\/ptrans.gif\" alt=\"\" width=\"8\" height=\"8\" \/><\/td>\n<td class=\"petitencours\" width=\"45\"><b>133\/15<\/b><\/td>\n<td class=\"petitencours\" width=\"155\"><b>Diffusion : <\/b>IFR<\/td>\n<td class=\"petitencours\" width=\"80\"><b>Poids : <\/b>135Ko<\/td>\n<td class=\"petitencours\" width=\"20\"><img loading=\"lazy\" decoding=\"async\" src=\"https:\/\/www.sia.aviation-civile.gouv.fr\/img\/ptrans.gif\" alt=\"\" width=\"20\" height=\"1\" \/><\/td>\n<td class=\"petitencours\" width=\"244\"><b>Valide du <\/b><span class=\"petitencours\">25 JUN 2015<\/span><b> au <\/b><span class=\"petitencours\">19 AUG 2015<\/span><\/td>\n<\/tr>\n<\/tbody>\n<\/table>\n<table border=\"0\" width=\"552\" cellspacing=\"0\" cellpadding=\"0\">\n<tbody>\n<tr>\n<td bgcolor=\"#E8EEFA\" width=\"100%\"><\/td>\n<\/tr>\n<\/tbody>\n<\/table>\n<\/td>\n<\/tr>\n<tr bgcolor=\"#1345A4\">\n<td colspan=\"2\"><img loading=\"lazy\" decoding=\"async\" src=\"https:\/\/www.sia.aviation-civile.gouv.fr\/img\/ptrans.gif\" alt=\"\" width=\"1\" height=\"1\" \/><\/td>\n<\/tr>\n<tr>\n<td colspan=\"2\"><img loading=\"lazy\" decoding=\"async\" src=\"https:\/\/www.sia.aviation-civile.gouv.fr\/img\/ptrans.gif\" alt=\"\" width=\"1\" height=\"5\" \/><\/td>\n<\/tr>\n<tr>\n<td class=\"encours\" width=\"532\"><a href=\"https:\/\/www.sia.aviation-civile.gouv.fr\/dossier\/supaipmetro\/SUP_2015_132_FR.pdf\" target=\"_blank\">AD Berre La Farre LFNR<\/a><\/td>\n<td rowspan=\"2\" align=\"center\" valign=\"middle\" width=\"20\"><img loading=\"lazy\" decoding=\"async\" src=\"https:\/\/www.sia.aviation-civile.gouv.fr\/img\/ptrans.gif\" alt=\"\" width=\"20\" height=\"30\" \/><\/td>\n<\/tr>\n<tr>\n<td class=\"encours\" width=\"532\">Cr\u00e9ation d\u2019une zone r\u00e9glement\u00e9e temporaire (ZRT) PAF SALON pour le bapt\u00eame des promotions 2015 sur l\u2019AD Berre La Farre LFNR<\/td>\n<\/tr>\n<tr>\n<td colspan=\"2\">\n<table border=\"0\" width=\"552\" cellspacing=\"0\" cellpadding=\"0\">\n<tbody>\n<tr bgcolor=\"#E8EEFA\">\n<td class=\"petitencours\" width=\"8\"><\/td>\n<td><img loading=\"lazy\" decoding=\"async\" src=\"https:\/\/www.sia.aviation-civile.gouv.fr\/img\/ptrans.gif\" alt=\"\" width=\"8\" height=\"8\" \/><\/td>\n<td class=\"petitencours\" width=\"45\"><b>132\/15<\/b><\/td>\n<td class=\"petitencours\" width=\"155\"><b>Diffusion : <\/b>IFR &#8211; VFR<\/td>\n<td class=\"petitencours\" width=\"80\"><b>Poids : <\/b>371Ko<\/td>\n<td class=\"petitencours\" width=\"20\"><img loading=\"lazy\" decoding=\"async\" src=\"https:\/\/www.sia.aviation-civile.gouv.fr\/img\/ptrans.gif\" alt=\"\" width=\"20\" height=\"1\" \/><\/td>\n<td class=\"petitencours\" width=\"244\"><b>Valide du <\/b><span class=\"petitencours\">01 JUL 2015<\/span><b> au <\/b><span class=\"petitencours\">03 JUL 2015<\/span><\/td>\n<\/tr>\n<\/tbody>\n<\/table>\n<table border=\"0\" width=\"552\" cellspacing=\"0\" cellpadding=\"0\">\n<tbody>\n<tr>\n<td bgcolor=\"#E8EEFA\" width=\"100%\"><\/td>\n<\/tr>\n<\/tbody>\n<\/table>\n<\/td>\n<\/tr>\n<tr bgcolor=\"#1345A4\">\n<td colspan=\"2\"><img loading=\"lazy\" decoding=\"async\" src=\"https:\/\/www.sia.aviation-civile.gouv.fr\/img\/ptrans.gif\" alt=\"\" width=\"1\" height=\"1\" \/><\/td>\n<\/tr>\n<tr>\n<td colspan=\"2\"><img loading=\"lazy\" decoding=\"async\" src=\"https:\/\/www.sia.aviation-civile.gouv.fr\/img\/ptrans.gif\" alt=\"\" width=\"1\" height=\"5\" \/><\/td>\n<\/tr>\n<tr>\n<td class=\"encours\" width=\"532\"><a href=\"https:\/\/www.sia.aviation-civile.gouv.fr\/dossier\/supaipmetro\/SUP_2015_131_FR.pdf\" target=\"_blank\">AD La Mole LFTZ<\/a><\/td>\n<td rowspan=\"2\" align=\"center\" valign=\"middle\" width=\"20\"><img loading=\"lazy\" decoding=\"async\" src=\"https:\/\/www.sia.aviation-civile.gouv.fr\/img\/ptrans.gif\" alt=\"\" width=\"20\" height=\"30\" \/><\/td>\n<\/tr>\n<tr>\n<td class=\"encours\" width=\"532\">Cr\u00e9ation Itin\u00e9raire VFR recommand\u00e9 pour ARR et DEP des h\u00e9licopt\u00e8res sur l\u2019AD La Mole LFTZ<\/td>\n<\/tr>\n<tr>\n<td colspan=\"2\">\n<table border=\"0\" width=\"552\" cellspacing=\"0\" cellpadding=\"0\">\n<tbody>\n<tr bgcolor=\"#E8EEFA\">\n<td class=\"petitencours\" width=\"8\"><\/td>\n<td><img loading=\"lazy\" decoding=\"async\" src=\"https:\/\/www.sia.aviation-civile.gouv.fr\/img\/ptrans.gif\" alt=\"\" width=\"8\" height=\"8\" \/><\/td>\n<td class=\"petitencours\" width=\"45\"><b>131\/15<\/b><\/td>\n<td class=\"petitencours\" width=\"155\"><b>Diffusion : <\/b>IFR &#8211; VFR<\/td>\n<td class=\"petitencours\" width=\"80\"><b>Poids : <\/b>596Ko<\/td>\n<td class=\"petitencours\" width=\"20\"><img loading=\"lazy\" decoding=\"async\" src=\"https:\/\/www.sia.aviation-civile.gouv.fr\/img\/ptrans.gif\" alt=\"\" width=\"20\" height=\"1\" \/><\/td>\n<td class=\"petitencours\" width=\"244\"><b>Valide du <\/b><span class=\"petitencours\">25 JUN 2015<\/span><b> au <\/b><span class=\"petitencours\">15 NOV 2015<\/span><\/td>\n<\/tr>\n<\/tbody>\n<\/table>\n<table border=\"0\" width=\"552\" cellspacing=\"0\" cellpadding=\"0\">\n<tbody>\n<tr>\n<td bgcolor=\"#E8EEFA\" width=\"100%\"><\/td>\n<\/tr>\n<\/tbody>\n<\/table>\n<\/td>\n<\/tr>\n<tr bgcolor=\"#1345A4\">\n<td colspan=\"2\"><img loading=\"lazy\" decoding=\"async\" src=\"https:\/\/www.sia.aviation-civile.gouv.fr\/img\/ptrans.gif\" alt=\"\" width=\"1\" height=\"1\" \/><\/td>\n<\/tr>\n<tr>\n<td colspan=\"2\"><img loading=\"lazy\" decoding=\"async\" src=\"https:\/\/www.sia.aviation-civile.gouv.fr\/img\/ptrans.gif\" alt=\"\" width=\"1\" height=\"5\" \/><\/td>\n<\/tr>\n<tr>\n<td class=\"encours\" width=\"532\"><a href=\"https:\/\/www.sia.aviation-civile.gouv.fr\/dossier\/supaipmetro\/SUP_2015_130_FR.pdf\" target=\"_blank\">FIR Bordeaux LFBB<\/a><\/td>\n<td rowspan=\"2\" align=\"center\" valign=\"middle\" width=\"20\"><img loading=\"lazy\" decoding=\"async\" src=\"https:\/\/www.sia.aviation-civile.gouv.fr\/img\/ptrans.gif\" alt=\"\" width=\"20\" height=\"30\" \/><\/td>\n<\/tr>\n<tr>\n<td class=\"encours\" width=\"532\">Cr\u00e9ation de 2 zones r\u00e9glement\u00e9es temporaires (ZRT) CAYLUS ALPHA et BRAVO dans la FIR Bordeaux LFBB<\/td>\n<\/tr>\n<tr>\n<td colspan=\"2\">\n<table border=\"0\" width=\"552\" cellspacing=\"0\" cellpadding=\"0\">\n<tbody>\n<tr bgcolor=\"#E8EEFA\">\n<td class=\"petitencours\" width=\"8\"><\/td>\n<td><img loading=\"lazy\" decoding=\"async\" src=\"https:\/\/www.sia.aviation-civile.gouv.fr\/img\/ptrans.gif\" alt=\"\" width=\"8\" height=\"8\" \/><\/td>\n<td class=\"petitencours\" width=\"45\"><b>130\/15<\/b><\/td>\n<td class=\"petitencours\" width=\"155\"><b>Diffusion : <\/b>IFR &#8211; VFR<\/td>\n<td class=\"petitencours\" width=\"80\"><b>Poids : <\/b>509Ko<\/td>\n<td class=\"petitencours\" width=\"20\"><img loading=\"lazy\" decoding=\"async\" src=\"https:\/\/www.sia.aviation-civile.gouv.fr\/img\/ptrans.gif\" alt=\"\" width=\"20\" height=\"1\" \/><\/td>\n<td class=\"petitencours\" width=\"244\"><b>Valide du <\/b><span class=\"petitencours\">01 JUL 2015<\/span><b> au <\/b><span class=\"petitencours\">11 NOV 2015<\/span><\/td>\n<\/tr>\n<\/tbody>\n<\/table>\n<table border=\"0\" width=\"552\" cellspacing=\"0\" cellpadding=\"0\">\n<tbody>\n<tr>\n<td bgcolor=\"#E8EEFA\" width=\"100%\"><\/td>\n<\/tr>\n<\/tbody>\n<\/table>\n<\/td>\n<\/tr>\n<tr bgcolor=\"#1345A4\">\n<td colspan=\"2\"><img loading=\"lazy\" decoding=\"async\" src=\"https:\/\/www.sia.aviation-civile.gouv.fr\/img\/ptrans.gif\" alt=\"\" width=\"1\" height=\"1\" \/><\/td>\n<\/tr>\n<tr>\n<td colspan=\"2\"><img loading=\"lazy\" decoding=\"async\" src=\"https:\/\/www.sia.aviation-civile.gouv.fr\/img\/ptrans.gif\" alt=\"\" width=\"1\" height=\"5\" \/><\/td>\n<\/tr>\n<tr>\n<td class=\"encours\" width=\"532\"><a href=\"https:\/\/www.sia.aviation-civile.gouv.fr\/dossier\/supaipmetro\/SUP_2015_129_FR.pdf\" target=\"_blank\">FIR Bordeaux LFBB<\/a><\/td>\n<td rowspan=\"2\" align=\"center\" valign=\"middle\" width=\"20\"><img loading=\"lazy\" decoding=\"async\" src=\"https:\/\/www.sia.aviation-civile.gouv.fr\/img\/ptrans.gif\" alt=\"\" width=\"20\" height=\"30\" \/><\/td>\n<\/tr>\n<tr>\n<td class=\"encours\" width=\"532\">Cr\u00e9ation d\u2019une Zone R\u00e9glement\u00e9e Temporaire (ZRT) pour une campagne de mesures atmosph\u00e9riques avec des drones ultra l\u00e9gers \u00e0 Lannemezan (FIR Bordeaux LFBB)<\/td>\n<\/tr>\n<tr>\n<td colspan=\"2\">\n<table border=\"0\" width=\"552\" cellspacing=\"0\" cellpadding=\"0\">\n<tbody>\n<tr bgcolor=\"#E8EEFA\">\n<td class=\"petitencours\" width=\"8\"><\/td>\n<td><img loading=\"lazy\" decoding=\"async\" src=\"https:\/\/www.sia.aviation-civile.gouv.fr\/img\/ptrans.gif\" alt=\"\" width=\"8\" height=\"8\" \/><\/td>\n<td class=\"petitencours\" width=\"45\"><b>129\/15<\/b><\/td>\n<td class=\"petitencours\" width=\"155\"><b>Diffusion : <\/b>IFR &#8211; VFR<\/td>\n<td class=\"petitencours\" width=\"80\"><b>Poids : <\/b>453Ko<\/td>\n<td class=\"petitencours\" width=\"20\"><img loading=\"lazy\" decoding=\"async\" src=\"https:\/\/www.sia.aviation-civile.gouv.fr\/img\/ptrans.gif\" alt=\"\" width=\"20\" height=\"1\" \/><\/td>\n<td class=\"petitencours\" width=\"244\"><b>Valide du <\/b><span class=\"petitencours\">29 JUN 2015<\/span><b> au <\/b><span class=\"petitencours\">10 JUL 2015<\/span><\/td>\n<\/tr>\n<\/tbody>\n<\/table>\n<table border=\"0\" width=\"552\" cellspacing=\"0\" cellpadding=\"0\">\n<tbody>\n<tr>\n<td bgcolor=\"#E8EEFA\" width=\"100%\"><\/td>\n<\/tr>\n<\/tbody>\n<\/table>\n<\/td>\n<\/tr>\n<tr bgcolor=\"#1345A4\">\n<td colspan=\"2\"><img loading=\"lazy\" decoding=\"async\" src=\"https:\/\/www.sia.aviation-civile.gouv.fr\/img\/ptrans.gif\" alt=\"\" width=\"1\" height=\"1\" \/><\/td>\n<\/tr>\n<tr>\n<td colspan=\"2\"><img loading=\"lazy\" decoding=\"async\" src=\"https:\/\/www.sia.aviation-civile.gouv.fr\/img\/ptrans.gif\" alt=\"\" width=\"1\" height=\"5\" \/><\/td>\n<\/tr>\n<tr>\n<td class=\"encours\" width=\"532\"><a href=\"https:\/\/www.sia.aviation-civile.gouv.fr\/dossier\/supaipmetro\/SUP_2015_128_FR.pdf\" target=\"_blank\">FIR Bordeaux LFBB et AD : Mont De Marsan LFBM, Nogaro LFCN, Aire sur l\u2019Adour LFDA, Condom Valence sur Ba\u00efse LFID<\/a><\/td>\n<td rowspan=\"2\" align=\"center\" valign=\"middle\" width=\"20\"><img loading=\"lazy\" decoding=\"async\" src=\"https:\/\/www.sia.aviation-civile.gouv.fr\/img\/ptrans.gif\" alt=\"\" width=\"20\" height=\"30\" \/><\/td>\n<\/tr>\n<tr>\n<td class=\"encours\" width=\"532\">Cr\u00e9ation de trois zones r\u00e9glement\u00e9es temporaires (ZRT) au profit d\u2019activit\u00e9 Vol \u00e0 Voile dans les zones de Mont de Marsan<\/td>\n<\/tr>\n<tr>\n<td colspan=\"2\">\n<table border=\"0\" width=\"552\" cellspacing=\"0\" cellpadding=\"0\">\n<tbody>\n<tr bgcolor=\"#E8EEFA\">\n<td class=\"petitencours\" width=\"8\"><\/td>\n<td><img loading=\"lazy\" decoding=\"async\" src=\"https:\/\/www.sia.aviation-civile.gouv.fr\/img\/ptrans.gif\" alt=\"\" width=\"8\" height=\"8\" \/><\/td>\n<td class=\"petitencours\" width=\"45\"><b>128\/15<\/b><\/td>\n<td class=\"petitencours\" width=\"155\"><b>Diffusion : <\/b>IFR &#8211; VFR<\/td>\n<td class=\"petitencours\" width=\"80\"><b>Poids : <\/b>600Ko<\/td>\n<td class=\"petitencours\" width=\"20\"><img loading=\"lazy\" decoding=\"async\" src=\"https:\/\/www.sia.aviation-civile.gouv.fr\/img\/ptrans.gif\" alt=\"\" width=\"20\" height=\"1\" \/><\/td>\n<td class=\"petitencours\" width=\"244\"><b>Valide du <\/b><span class=\"petitencours\">01 JUL 2015<\/span><b> au <\/b><span class=\"petitencours\">31 DEC 2015<\/span><\/td>\n<\/tr>\n<\/tbody>\n<\/table>\n<table border=\"0\" width=\"552\" cellspacing=\"0\" cellpadding=\"0\">\n<tbody>\n<tr>\n<td bgcolor=\"#E8EEFA\" width=\"100%\"><\/td>\n<\/tr>\n<\/tbody>\n<\/table>\n<\/td>\n<\/tr>\n<tr bgcolor=\"#1345A4\">\n<td colspan=\"2\"><img loading=\"lazy\" decoding=\"async\" src=\"https:\/\/www.sia.aviation-civile.gouv.fr\/img\/ptrans.gif\" alt=\"\" width=\"1\" height=\"1\" \/><\/td>\n<\/tr>\n<tr>\n<td colspan=\"2\"><img loading=\"lazy\" decoding=\"async\" src=\"https:\/\/www.sia.aviation-civile.gouv.fr\/img\/ptrans.gif\" alt=\"\" width=\"1\" height=\"5\" \/><\/td>\n<\/tr>\n<tr>\n<td class=\"encours\" width=\"532\"><a href=\"https:\/\/www.sia.aviation-civile.gouv.fr\/dossier\/supaipmetro\/SUP_2015_127_FR.pdf\" target=\"_blank\">AD Paris Charles de Gaulle LFPG<\/a><\/td>\n<td rowspan=\"2\" align=\"center\" valign=\"middle\" width=\"20\"><img loading=\"lazy\" decoding=\"async\" src=\"https:\/\/www.sia.aviation-civile.gouv.fr\/img\/ptrans.gif\" alt=\"\" width=\"20\" height=\"30\" \/><\/td>\n<\/tr>\n<tr>\n<td class=\"encours\" width=\"532\">Travaux de r\u00e9fection de la couche de roulement sur la voie Q de l\u2019AD Paris Charles de Gaulle LFPG<\/td>\n<\/tr>\n<tr>\n<td colspan=\"2\">\n<table border=\"0\" width=\"552\" cellspacing=\"0\" cellpadding=\"0\">\n<tbody>\n<tr bgcolor=\"#E8EEFA\">\n<td class=\"petitencours\" width=\"8\"><\/td>\n<td><img loading=\"lazy\" decoding=\"async\" src=\"https:\/\/www.sia.aviation-civile.gouv.fr\/img\/ptrans.gif\" alt=\"\" width=\"8\" height=\"8\" \/><\/td>\n<td class=\"petitencours\" width=\"45\"><b>127\/15<\/b><\/td>\n<td class=\"petitencours\" width=\"155\"><b>Diffusion : <\/b>IFR &#8211; VFR<\/td>\n<td class=\"petitencours\" width=\"80\"><b>Poids : <\/b>178Ko<\/td>\n<td class=\"petitencours\" width=\"20\"><img loading=\"lazy\" decoding=\"async\" src=\"https:\/\/www.sia.aviation-civile.gouv.fr\/img\/ptrans.gif\" alt=\"\" width=\"20\" height=\"1\" \/><\/td>\n<td class=\"petitencours\" width=\"244\"><b>Valide du <\/b><span class=\"petitencours\">23 JUL 2015<\/span><b> au <\/b><span class=\"petitencours\">07 AUG 2015<\/span><\/td>\n<\/tr>\n<\/tbody>\n<\/table>\n<table border=\"0\" width=\"552\" cellspacing=\"0\" cellpadding=\"0\">\n<tbody>\n<tr>\n<td bgcolor=\"#E8EEFA\" width=\"100%\"><\/td>\n<\/tr>\n<\/tbody>\n<\/table>\n<\/td>\n<\/tr>\n<tr bgcolor=\"#1345A4\">\n<td colspan=\"2\"><img loading=\"lazy\" decoding=\"async\" src=\"https:\/\/www.sia.aviation-civile.gouv.fr\/img\/ptrans.gif\" alt=\"\" width=\"1\" height=\"1\" \/><\/td>\n<\/tr>\n<tr>\n<td colspan=\"2\"><img loading=\"lazy\" decoding=\"async\" src=\"https:\/\/www.sia.aviation-civile.gouv.fr\/img\/ptrans.gif\" alt=\"\" width=\"1\" height=\"5\" \/><\/td>\n<\/tr>\n<tr>\n<td class=\"encours\" width=\"532\"><a href=\"https:\/\/www.sia.aviation-civile.gouv.fr\/dossier\/supaipmetro\/SUP_2015_126_FR.pdf\" target=\"_blank\">FIR Bordeaux LFBB, AD Egletons LFDE<\/a><\/td>\n<td rowspan=\"2\" align=\"center\" valign=\"middle\" width=\"20\"><img loading=\"lazy\" decoding=\"async\" src=\"https:\/\/www.sia.aviation-civile.gouv.fr\/img\/ptrans.gif\" alt=\"\" width=\"20\" height=\"30\" \/><\/td>\n<\/tr>\n<tr>\n<td class=\"encours\" width=\"532\">Cr\u00e9ation d\u2019une zone r\u00e9glement\u00e9e temporaire (ZRT) \u00e0 EGLETONS<\/td>\n<\/tr>\n<tr>\n<td colspan=\"2\">\n<table border=\"0\" width=\"552\" cellspacing=\"0\" cellpadding=\"0\">\n<tbody>\n<tr bgcolor=\"#E8EEFA\">\n<td class=\"petitencours\" width=\"8\"><\/td>\n<td><img loading=\"lazy\" decoding=\"async\" src=\"https:\/\/www.sia.aviation-civile.gouv.fr\/img\/ptrans.gif\" alt=\"\" width=\"8\" height=\"8\" \/><\/td>\n<td class=\"petitencours\" width=\"45\"><b>126\/15<\/b><\/td>\n<td class=\"petitencours\" width=\"155\"><b>Diffusion : <\/b>IFR &#8211; VFR<\/td>\n<td class=\"petitencours\" width=\"80\"><b>Poids : <\/b>570Ko<\/td>\n<td class=\"petitencours\" width=\"20\"><img loading=\"lazy\" decoding=\"async\" src=\"https:\/\/www.sia.aviation-civile.gouv.fr\/img\/ptrans.gif\" alt=\"\" width=\"20\" height=\"1\" \/><\/td>\n<td class=\"petitencours\" width=\"244\"><b>Valide du <\/b><span class=\"petitencours\">01 JUL 2015<\/span><b> au <\/b><span class=\"petitencours\">31 DEC 2015<\/span><\/td>\n<\/tr>\n<\/tbody>\n<\/table>\n<table border=\"0\" width=\"552\" cellspacing=\"0\" cellpadding=\"0\">\n<tbody>\n<tr>\n<td bgcolor=\"#E8EEFA\" width=\"100%\"><\/td>\n<\/tr>\n<\/tbody>\n<\/table>\n<\/td>\n<\/tr>\n<tr bgcolor=\"#1345A4\">\n<td colspan=\"2\"><img loading=\"lazy\" decoding=\"async\" src=\"https:\/\/www.sia.aviation-civile.gouv.fr\/img\/ptrans.gif\" alt=\"\" width=\"1\" height=\"1\" \/><\/td>\n<\/tr>\n<tr>\n<td colspan=\"2\"><img loading=\"lazy\" decoding=\"async\" src=\"https:\/\/www.sia.aviation-civile.gouv.fr\/img\/ptrans.gif\" alt=\"\" width=\"1\" height=\"5\" \/><\/td>\n<\/tr>\n<tr>\n<td class=\"encours\" width=\"532\"><a href=\"https:\/\/www.sia.aviation-civile.gouv.fr\/dossier\/supaipmetro\/SUP_2015_125_FR.pdf\" target=\"_blank\">FIR Bordeaux LFBB, AD Biscarosse LFBS<\/a><\/td>\n<td rowspan=\"2\" align=\"center\" valign=\"middle\" width=\"20\"><img loading=\"lazy\" decoding=\"async\" src=\"https:\/\/www.sia.aviation-civile.gouv.fr\/img\/ptrans.gif\" alt=\"\" width=\"20\" height=\"30\" \/><\/td>\n<\/tr>\n<tr>\n<td class=\"encours\" width=\"532\">Cr\u00e9ation d\u2019une zone interdite temporaire (ZIT) \u00e0 Biscarrosse<\/td>\n<\/tr>\n<tr>\n<td colspan=\"2\">\n<table border=\"0\" width=\"552\" cellspacing=\"0\" cellpadding=\"0\">\n<tbody>\n<tr bgcolor=\"#E8EEFA\">\n<td class=\"petitencours\" width=\"8\"><\/td>\n<td><img loading=\"lazy\" decoding=\"async\" src=\"https:\/\/www.sia.aviation-civile.gouv.fr\/img\/ptrans.gif\" alt=\"\" width=\"8\" height=\"8\" \/><\/td>\n<td class=\"petitencours\" width=\"45\"><b>125\/15<\/b><\/td>\n<td class=\"petitencours\" width=\"155\"><b>Diffusion : <\/b>IFR &#8211; VFR<\/td>\n<td class=\"petitencours\" width=\"80\"><b>Poids : <\/b>252Ko<\/td>\n<td class=\"petitencours\" width=\"20\"><img loading=\"lazy\" decoding=\"async\" src=\"https:\/\/www.sia.aviation-civile.gouv.fr\/img\/ptrans.gif\" alt=\"\" width=\"20\" height=\"1\" \/><\/td>\n<td class=\"petitencours\" width=\"244\"><b>Valide du <\/b><span class=\"petitencours\">29 JUN 2015<\/span><b> au <\/b><span class=\"petitencours\">31 DEC 2015<\/span><\/td>\n<\/tr>\n<\/tbody>\n<\/table>\n<table border=\"0\" width=\"552\" cellspacing=\"0\" cellpadding=\"0\">\n<tbody>\n<tr>\n<td bgcolor=\"#E8EEFA\" width=\"100%\"><\/td>\n<\/tr>\n<\/tbody>\n<\/table>\n<\/td>\n<\/tr>\n<tr bgcolor=\"#1345A4\">\n<td colspan=\"2\"><img loading=\"lazy\" decoding=\"async\" src=\"https:\/\/www.sia.aviation-civile.gouv.fr\/img\/ptrans.gif\" alt=\"\" width=\"1\" height=\"1\" \/><\/td>\n<\/tr>\n<tr>\n<td colspan=\"2\"><img loading=\"lazy\" decoding=\"async\" src=\"https:\/\/www.sia.aviation-civile.gouv.fr\/img\/ptrans.gif\" alt=\"\" width=\"1\" height=\"5\" \/><\/td>\n<\/tr>\n<tr>\n<td class=\"encours\" width=\"532\"><a href=\"https:\/\/www.sia.aviation-civile.gouv.fr\/dossier\/supaipmetro\/SUP_2015_124_FR.pdf\" target=\"_blank\">AD Ch\u00e2teauroux D\u00e9ols LFLX<\/a><\/td>\n<td rowspan=\"2\" align=\"center\" valign=\"middle\" width=\"20\"><img loading=\"lazy\" decoding=\"async\" src=\"https:\/\/www.sia.aviation-civile.gouv.fr\/img\/ptrans.gif\" alt=\"\" width=\"20\" height=\"30\" \/><\/td>\n<\/tr>\n<tr>\n<td class=\"encours\" width=\"532\">Cr\u00e9ation de 2 zones r\u00e9glement\u00e9es temporaires (ZRT) en CTR CHATEAUROUX et TMA POITIERS, lors du Championnat du Monde de voltige et du meeting a\u00e9rien FFA 2015 sur l\u2019AD Ch\u00e2teauroux D\u00e9ols LFLX<\/td>\n<\/tr>\n<tr>\n<td colspan=\"2\">\n<table border=\"0\" width=\"552\" cellspacing=\"0\" cellpadding=\"0\">\n<tbody>\n<tr bgcolor=\"#E8EEFA\">\n<td class=\"petitencours\" width=\"8\"><\/td>\n<td><img loading=\"lazy\" decoding=\"async\" src=\"https:\/\/www.sia.aviation-civile.gouv.fr\/img\/ptrans.gif\" alt=\"\" width=\"8\" height=\"8\" \/><\/td>\n<td class=\"petitencours\" width=\"45\"><b>124\/15<\/b><\/td>\n<td class=\"petitencours\" width=\"155\"><b>Diffusion : <\/b>IFR &#8211; VFR<\/td>\n<td class=\"petitencours\" width=\"80\"><b>Poids : <\/b>454Ko<\/td>\n<td class=\"petitencours\" width=\"20\"><img loading=\"lazy\" decoding=\"async\" src=\"https:\/\/www.sia.aviation-civile.gouv.fr\/img\/ptrans.gif\" alt=\"\" width=\"20\" height=\"1\" \/><\/td>\n<td class=\"petitencours\" width=\"244\"><b>Valide du <\/b><span class=\"petitencours\">15 AUG 2015<\/span><b> au <\/b><span class=\"petitencours\">29 AUG 2015<\/span><\/td>\n<\/tr>\n<\/tbody>\n<\/table>\n<table border=\"0\" width=\"552\" cellspacing=\"0\" cellpadding=\"0\">\n<tbody>\n<tr>\n<td bgcolor=\"#E8EEFA\" width=\"100%\"><\/td>\n<\/tr>\n<\/tbody>\n<\/table>\n<\/td>\n<\/tr>\n<tr bgcolor=\"#1345A4\">\n<td colspan=\"2\"><img loading=\"lazy\" decoding=\"async\" src=\"https:\/\/www.sia.aviation-civile.gouv.fr\/img\/ptrans.gif\" alt=\"\" width=\"1\" height=\"1\" \/><\/td>\n<\/tr>\n<tr>\n<td colspan=\"2\"><img loading=\"lazy\" decoding=\"async\" src=\"https:\/\/www.sia.aviation-civile.gouv.fr\/img\/ptrans.gif\" alt=\"\" width=\"1\" height=\"5\" \/><\/td>\n<\/tr>\n<tr>\n<td class=\"encours\" width=\"532\"><a href=\"https:\/\/www.sia.aviation-civile.gouv.fr\/dossier\/supaipmetro\/SUP_2015_123_FR.pdf\" target=\"_blank\">FIR Paris LFFF<\/a><\/td>\n<td rowspan=\"2\" align=\"center\" valign=\"middle\" width=\"20\"><img loading=\"lazy\" decoding=\"async\" src=\"https:\/\/www.sia.aviation-civile.gouv.fr\/img\/ptrans.gif\" alt=\"\" width=\"20\" height=\"30\" \/><\/td>\n<\/tr>\n<tr>\n<td class=\"encours\" width=\"532\">Cr\u00e9ation de 2 zones r\u00e8glement\u00e9es temporaires (ZRT) pour l\u2019exercice COOPERATION CESAR SDTI en FIR Paris LFFF<\/td>\n<\/tr>\n<tr>\n<td colspan=\"2\">\n<table border=\"0\" width=\"552\" cellspacing=\"0\" cellpadding=\"0\">\n<tbody>\n<tr bgcolor=\"#E8EEFA\">\n<td class=\"petitencours\" width=\"8\"><\/td>\n<td><img loading=\"lazy\" decoding=\"async\" src=\"https:\/\/www.sia.aviation-civile.gouv.fr\/img\/ptrans.gif\" alt=\"\" width=\"8\" height=\"8\" \/><\/td>\n<td class=\"petitencours\" width=\"45\"><b>123\/15<\/b><\/td>\n<td class=\"petitencours\" width=\"155\"><b>Diffusion : <\/b>IFR &#8211; VFR<\/td>\n<td class=\"petitencours\" width=\"80\"><b>Poids : <\/b>191Ko<\/td>\n<td class=\"petitencours\" width=\"20\"><img loading=\"lazy\" decoding=\"async\" src=\"https:\/\/www.sia.aviation-civile.gouv.fr\/img\/ptrans.gif\" alt=\"\" width=\"20\" height=\"1\" \/><\/td>\n<td class=\"petitencours\" width=\"244\"><b>Valide du <\/b><span class=\"petitencours\">29 JUN 2015<\/span><b> au <\/b><span class=\"petitencours\">03 JUL 2015<\/span><\/td>\n<\/tr>\n<\/tbody>\n<\/table>\n<table border=\"0\" width=\"552\" cellspacing=\"0\" cellpadding=\"0\">\n<tbody>\n<tr>\n<td bgcolor=\"#E8EEFA\" width=\"100%\"><\/td>\n<\/tr>\n<\/tbody>\n<\/table>\n<\/td>\n<\/tr>\n<tr bgcolor=\"#1345A4\">\n<td colspan=\"2\"><img loading=\"lazy\" decoding=\"async\" src=\"https:\/\/www.sia.aviation-civile.gouv.fr\/img\/ptrans.gif\" alt=\"\" width=\"1\" height=\"1\" \/><\/td>\n<\/tr>\n<tr>\n<td colspan=\"2\"><img loading=\"lazy\" decoding=\"async\" src=\"https:\/\/www.sia.aviation-civile.gouv.fr\/img\/ptrans.gif\" alt=\"\" width=\"1\" height=\"5\" \/><\/td>\n<\/tr>\n<tr>\n<td class=\"encours\" width=\"532\"><a href=\"https:\/\/www.sia.aviation-civile.gouv.fr\/dossier\/supaipmetro\/SUP_2015_122_FR.pdf\" target=\"_blank\">FIR Bordeaux LFBB, FIR Paris LFFF, FIR Marseille LFMM et AD : Aurillac LFLW, Brive Souillac LFSL, Ussel Thalamy LFCU, Egletons LFDE, Montlu\u00e7on Gu\u00e9ret LFBK<\/a><\/td>\n<td rowspan=\"2\" align=\"center\" valign=\"middle\" width=\"20\"><img loading=\"lazy\" decoding=\"async\" src=\"https:\/\/www.sia.aviation-civile.gouv.fr\/img\/ptrans.gif\" alt=\"\" width=\"20\" height=\"30\" \/><\/td>\n<\/tr>\n<tr>\n<td class=\"encours\" width=\"532\">Cr\u00e9ation de six zones r\u00e9glement\u00e9es temporaires (ZRT) dans la r\u00e9gion Centre pour l\u2019exercice MICA 15-11<\/td>\n<\/tr>\n<tr>\n<td colspan=\"2\">\n<table border=\"0\" width=\"552\" cellspacing=\"0\" cellpadding=\"0\">\n<tbody>\n<tr bgcolor=\"#E8EEFA\">\n<td class=\"petitencours\" width=\"8\"><\/td>\n<td><img loading=\"lazy\" decoding=\"async\" src=\"https:\/\/www.sia.aviation-civile.gouv.fr\/img\/ptrans.gif\" alt=\"\" width=\"8\" height=\"8\" \/><\/td>\n<td class=\"petitencours\" width=\"45\"><b>122\/15<\/b><\/td>\n<td class=\"petitencours\" width=\"155\"><b>Diffusion : <\/b>IFR &#8211; VFR<\/td>\n<td class=\"petitencours\" width=\"80\"><b>Poids : <\/b>1068Ko<\/td>\n<td class=\"petitencours\" width=\"20\"><img loading=\"lazy\" decoding=\"async\" src=\"https:\/\/www.sia.aviation-civile.gouv.fr\/img\/ptrans.gif\" alt=\"\" width=\"20\" height=\"1\" \/><\/td>\n<td class=\"petitencours\" width=\"244\"><b>Valide du <\/b><span class=\"petitencours\">25 JUN 2015<\/span><b> au <\/b><span class=\"petitencours\">25 JUN 2015<\/span><\/td>\n<\/tr>\n<\/tbody>\n<\/table>\n<table border=\"0\" width=\"552\" cellspacing=\"0\" cellpadding=\"0\">\n<tbody>\n<tr>\n<td bgcolor=\"#E8EEFA\" width=\"100%\"><\/td>\n<\/tr>\n<\/tbody>\n<\/table>\n<\/td>\n<\/tr>\n<tr bgcolor=\"#1345A4\">\n<td colspan=\"2\"><img loading=\"lazy\" decoding=\"async\" src=\"https:\/\/www.sia.aviation-civile.gouv.fr\/img\/ptrans.gif\" alt=\"\" width=\"1\" height=\"1\" \/><\/td>\n<\/tr>\n<tr>\n<td colspan=\"2\"><img loading=\"lazy\" decoding=\"async\" src=\"https:\/\/www.sia.aviation-civile.gouv.fr\/img\/ptrans.gif\" alt=\"\" width=\"1\" height=\"5\" \/><\/td>\n<\/tr>\n<tr>\n<td class=\"encours\" width=\"532\"><a href=\"https:\/\/www.sia.aviation-civile.gouv.fr\/dossier\/supaipmetro\/SUP_2015_121_FR.pdf\" target=\"_blank\">AD Bordeaux M\u00e9rignac LFBD<\/a><\/td>\n<td rowspan=\"2\" align=\"center\" valign=\"middle\" width=\"20\"><img loading=\"lazy\" decoding=\"async\" src=\"https:\/\/www.sia.aviation-civile.gouv.fr\/img\/ptrans.gif\" alt=\"\" width=\"20\" height=\"30\" \/><\/td>\n<\/tr>\n<tr>\n<td class=\"encours\" width=\"532\">Travaux sur l\u2019aire de mouvement de l\u2019AD Bordeaux M\u00e9rignac LFBD<\/td>\n<\/tr>\n<tr>\n<td colspan=\"2\">\n<table border=\"0\" width=\"552\" cellspacing=\"0\" cellpadding=\"0\">\n<tbody>\n<tr bgcolor=\"#E8EEFA\">\n<td class=\"petitencours\" width=\"8\"><\/td>\n<td><img loading=\"lazy\" decoding=\"async\" src=\"https:\/\/www.sia.aviation-civile.gouv.fr\/img\/ptrans.gif\" alt=\"\" width=\"8\" height=\"8\" \/><\/td>\n<td class=\"petitencours\" width=\"45\"><b>121\/15<\/b><\/td>\n<td class=\"petitencours\" width=\"155\"><b>Diffusion : <\/b>IFR &#8211; VFR<\/td>\n<td class=\"petitencours\" width=\"80\"><b>Poids : <\/b>147Ko<\/td>\n<td class=\"petitencours\" width=\"20\"><img loading=\"lazy\" decoding=\"async\" src=\"https:\/\/www.sia.aviation-civile.gouv.fr\/img\/ptrans.gif\" alt=\"\" width=\"20\" height=\"1\" \/><\/td>\n<td class=\"petitencours\" width=\"244\"><b>Valide du <\/b><span class=\"petitencours\">27 JUL 2015<\/span><b> au <\/b><span class=\"petitencours\">06 SEP 2015<\/span><\/td>\n<\/tr>\n<\/tbody>\n<\/table>\n<table border=\"0\" width=\"552\" cellspacing=\"0\" cellpadding=\"0\">\n<tbody>\n<tr>\n<td bgcolor=\"#E8EEFA\" width=\"100%\"><\/td>\n<\/tr>\n<\/tbody>\n<\/table>\n<\/td>\n<\/tr>\n<tr bgcolor=\"#1345A4\">\n<td colspan=\"2\"><img loading=\"lazy\" decoding=\"async\" src=\"https:\/\/www.sia.aviation-civile.gouv.fr\/img\/ptrans.gif\" alt=\"\" width=\"1\" height=\"1\" \/><\/td>\n<\/tr>\n<tr>\n<td colspan=\"2\"><img loading=\"lazy\" decoding=\"async\" src=\"https:\/\/www.sia.aviation-civile.gouv.fr\/img\/ptrans.gif\" alt=\"\" width=\"1\" height=\"5\" \/><\/td>\n<\/tr>\n<tr>\n<td class=\"encours\" width=\"532\"><a href=\"https:\/\/www.sia.aviation-civile.gouv.fr\/dossier\/supaipmetro\/SUP_2015_120_FR.pdf\" target=\"_blank\">FIR Paris LFFF, FIR Brest LFRR et AD : Ch\u00e2teaudun LFOC, Orl\u00e9ans Bricy LFOJ, Orl\u00e9ans Saint Denis de l&rsquo;H\u00f4tel LFOZ, Le Mans Arnage LFRM, Mortagne au Perche LFAX, Laval Entrammes LFOV<\/a><\/td>\n<td rowspan=\"2\" align=\"center\" valign=\"middle\" width=\"20\"><img loading=\"lazy\" decoding=\"async\" src=\"https:\/\/www.sia.aviation-civile.gouv.fr\/img\/ptrans.gif\" alt=\"\" width=\"20\" height=\"30\" \/><\/td>\n<\/tr>\n<tr>\n<td class=\"encours\" width=\"532\">Cr\u00e9ation d\u2019une zone r\u00e9glement\u00e9e temporaire (ZRT) pour l\u2019entra\u00eenement au d\u00e9fil\u00e9 a\u00e9rien du14 juillet dans la r\u00e9gion des a\u00e9rodromes de Ch\u00e2teaudun et Orl\u00e9ans Bricy<\/td>\n<\/tr>\n<tr>\n<td colspan=\"2\">\n<table border=\"0\" width=\"552\" cellspacing=\"0\" cellpadding=\"0\">\n<tbody>\n<tr bgcolor=\"#E8EEFA\">\n<td class=\"petitencours\" width=\"8\"><\/td>\n<td><img loading=\"lazy\" decoding=\"async\" src=\"https:\/\/www.sia.aviation-civile.gouv.fr\/img\/ptrans.gif\" alt=\"\" width=\"8\" height=\"8\" \/><\/td>\n<td class=\"petitencours\" width=\"45\"><b>120\/15<\/b><\/td>\n<td class=\"petitencours\" width=\"155\"><b>Diffusion : <\/b>IFR &#8211; VFR<\/td>\n<td class=\"petitencours\" width=\"80\"><b>Poids : <\/b>729Ko<\/td>\n<td class=\"petitencours\" width=\"20\"><img loading=\"lazy\" decoding=\"async\" src=\"https:\/\/www.sia.aviation-civile.gouv.fr\/img\/ptrans.gif\" alt=\"\" width=\"20\" height=\"1\" \/><\/td>\n<td class=\"petitencours\" width=\"244\"><b>Valide du <\/b><span class=\"petitencours\">23 JUN 2015<\/span><b> au <\/b><span class=\"petitencours\">26 JUN 2015<\/span><\/td>\n<\/tr>\n<\/tbody>\n<\/table>\n<table border=\"0\" width=\"552\" cellspacing=\"0\" cellpadding=\"0\">\n<tbody>\n<tr>\n<td bgcolor=\"#E8EEFA\" width=\"100%\"><\/td>\n<\/tr>\n<\/tbody>\n<\/table>\n<\/td>\n<\/tr>\n<tr bgcolor=\"#1345A4\">\n<td colspan=\"2\"><img loading=\"lazy\" decoding=\"async\" src=\"https:\/\/www.sia.aviation-civile.gouv.fr\/img\/ptrans.gif\" alt=\"\" width=\"1\" height=\"1\" \/><\/td>\n<\/tr>\n<tr>\n<td colspan=\"2\"><img loading=\"lazy\" decoding=\"async\" src=\"https:\/\/www.sia.aviation-civile.gouv.fr\/img\/ptrans.gif\" alt=\"\" width=\"1\" height=\"5\" \/><\/td>\n<\/tr>\n<tr>\n<td class=\"encours\" width=\"532\"><a href=\"https:\/\/www.sia.aviation-civile.gouv.fr\/dossier\/supaipmetro\/SUP_2015_119_FR.pdf\" target=\"_blank\">FIR Bordeaux LFBB, FIR Paris LFFF, FIR Marseille LFMM, et AD : Aurillac LFLW, Brive Souillac LFSL, Ussel Thalamy LFCU, Egletons LFDE, Montlu\u00e7on Gu\u00e9ret LFBK<\/a><\/td>\n<td rowspan=\"2\" align=\"center\" valign=\"middle\" width=\"20\"><img loading=\"lazy\" decoding=\"async\" src=\"https:\/\/www.sia.aviation-civile.gouv.fr\/img\/ptrans.gif\" alt=\"\" width=\"20\" height=\"30\" \/><\/td>\n<\/tr>\n<tr>\n<td class=\"encours\" width=\"532\">Cr\u00e9ation de 6 zones r\u00e9glement\u00e9es temporaires (ZRT) dans la r\u00e9gion Centre pour l\u2019exercice BASIC TFR CHAMPAGNE 15-04<\/td>\n<\/tr>\n<tr>\n<td colspan=\"2\">\n<table border=\"0\" width=\"552\" cellspacing=\"0\" cellpadding=\"0\">\n<tbody>\n<tr bgcolor=\"#E8EEFA\">\n<td class=\"petitencours\" width=\"8\"><\/td>\n<td><img loading=\"lazy\" decoding=\"async\" src=\"https:\/\/www.sia.aviation-civile.gouv.fr\/img\/ptrans.gif\" alt=\"\" width=\"8\" height=\"8\" \/><\/td>\n<td class=\"petitencours\" width=\"45\"><b>119\/15<\/b><\/td>\n<td class=\"petitencours\" width=\"155\"><b>Diffusion : <\/b>IFR &#8211; VFR<\/td>\n<td class=\"petitencours\" width=\"80\"><b>Poids : <\/b>1203Ko<\/td>\n<td class=\"petitencours\" width=\"20\"><img loading=\"lazy\" decoding=\"async\" src=\"https:\/\/www.sia.aviation-civile.gouv.fr\/img\/ptrans.gif\" alt=\"\" width=\"20\" height=\"1\" \/><\/td>\n<td class=\"petitencours\" width=\"244\"><b>Valide du <\/b><span class=\"petitencours\">23 JUN 2015<\/span><b> au <\/b><span class=\"petitencours\">23 JUN 2015<\/span><\/td>\n<\/tr>\n<\/tbody>\n<\/table>\n<table border=\"0\" width=\"552\" cellspacing=\"0\" cellpadding=\"0\">\n<tbody>\n<tr>\n<td bgcolor=\"#E8EEFA\" width=\"100%\"><\/td>\n<\/tr>\n<\/tbody>\n<\/table>\n<\/td>\n<\/tr>\n<tr bgcolor=\"#1345A4\">\n<td colspan=\"2\"><img loading=\"lazy\" decoding=\"async\" src=\"https:\/\/www.sia.aviation-civile.gouv.fr\/img\/ptrans.gif\" alt=\"\" width=\"1\" height=\"1\" \/><\/td>\n<\/tr>\n<tr>\n<td colspan=\"2\"><img loading=\"lazy\" decoding=\"async\" src=\"https:\/\/www.sia.aviation-civile.gouv.fr\/img\/ptrans.gif\" alt=\"\" width=\"1\" height=\"5\" \/><\/td>\n<\/tr>\n<tr>\n<td class=\"encours\" width=\"532\"><a href=\"https:\/\/www.sia.aviation-civile.gouv.fr\/dossier\/supaipmetro\/SUP_2015_118_FR.pdf\" target=\"_blank\">FIR Bordeaux LFBB, FIR Paris LFFF, FIR Marseille LFMM et AD : Aurillac LFLW, Brive Souillac LFSL, Ussel Thalamy LFCU, Egletons LFDE, Montlu\u00e7on Gu\u00e9ret LFBK<\/a><\/td>\n<td rowspan=\"2\" align=\"center\" valign=\"middle\" width=\"20\"><img loading=\"lazy\" decoding=\"async\" src=\"https:\/\/www.sia.aviation-civile.gouv.fr\/img\/ptrans.gif\" alt=\"\" width=\"20\" height=\"30\" \/><\/td>\n<\/tr>\n<tr>\n<td class=\"encours\" width=\"532\">Cr\u00e9ation de six zones r\u00e9glement\u00e9es temporaires (ZRT) dans la r\u00e9gion Centre pour l\u2019exercice MICA 15-10<\/td>\n<\/tr>\n<tr>\n<td colspan=\"2\">\n<table border=\"0\" width=\"552\" cellspacing=\"0\" cellpadding=\"0\">\n<tbody>\n<tr bgcolor=\"#E8EEFA\">\n<td class=\"petitencours\" width=\"8\"><\/td>\n<td><img loading=\"lazy\" decoding=\"async\" src=\"https:\/\/www.sia.aviation-civile.gouv.fr\/img\/ptrans.gif\" alt=\"\" width=\"8\" height=\"8\" \/><\/td>\n<td class=\"petitencours\" width=\"45\"><b>118\/15<\/b><\/td>\n<td class=\"petitencours\" width=\"155\"><b>Diffusion : <\/b>IFR &#8211; VFR<\/td>\n<td class=\"petitencours\" width=\"80\"><b>Poids : <\/b>1134Ko<\/td>\n<td class=\"petitencours\" width=\"20\"><img loading=\"lazy\" decoding=\"async\" src=\"https:\/\/www.sia.aviation-civile.gouv.fr\/img\/ptrans.gif\" alt=\"\" width=\"20\" height=\"1\" \/><\/td>\n<td class=\"petitencours\" width=\"244\"><b>Valide du <\/b><span class=\"petitencours\">18 JUN 2015<\/span><b> au <\/b><span class=\"petitencours\">18 JUN 2015<\/span><\/td>\n<\/tr>\n<\/tbody>\n<\/table>\n<table border=\"0\" width=\"552\" cellspacing=\"0\" cellpadding=\"0\">\n<tbody>\n<tr>\n<td bgcolor=\"#E8EEFA\" width=\"100%\"><\/td>\n<\/tr>\n<\/tbody>\n<\/table>\n<\/td>\n<\/tr>\n<tr bgcolor=\"#1345A4\">\n<td colspan=\"2\"><img loading=\"lazy\" decoding=\"async\" src=\"https:\/\/www.sia.aviation-civile.gouv.fr\/img\/ptrans.gif\" alt=\"\" width=\"1\" height=\"1\" \/><\/td>\n<\/tr>\n<tr>\n<td colspan=\"2\"><img loading=\"lazy\" decoding=\"async\" src=\"https:\/\/www.sia.aviation-civile.gouv.fr\/img\/ptrans.gif\" alt=\"\" width=\"1\" height=\"5\" \/><\/td>\n<\/tr>\n<tr>\n<td class=\"encours\" width=\"532\"><a href=\"https:\/\/www.sia.aviation-civile.gouv.fr\/dossier\/supaipmetro\/SUP_2015_117_FR.pdf\" target=\"_blank\">FIR Marseille LFMM<\/a><\/td>\n<td rowspan=\"2\" align=\"center\" valign=\"middle\" width=\"20\"><img loading=\"lazy\" decoding=\"async\" src=\"https:\/\/www.sia.aviation-civile.gouv.fr\/img\/ptrans.gif\" alt=\"\" width=\"20\" height=\"30\" \/><\/td>\n<\/tr>\n<tr>\n<td class=\"encours\" width=\"532\">Cr\u00e9ation de deux zones r\u00e9glement\u00e9es temporaires (ZRT) en moyenne altitude \u00e0 l\u2019occasion de la 20e \u00e9tape du tour de France cycliste 2015 (\u00e9tape Modane &gt; Alpe d\u2019Huez) en FIR Marseille LFMM<\/td>\n<\/tr>\n<tr>\n<td colspan=\"2\">\n<table border=\"0\" width=\"552\" cellspacing=\"0\" cellpadding=\"0\">\n<tbody>\n<tr bgcolor=\"#E8EEFA\">\n<td class=\"petitencours\" width=\"8\"><\/td>\n<td><img loading=\"lazy\" decoding=\"async\" src=\"https:\/\/www.sia.aviation-civile.gouv.fr\/img\/ptrans.gif\" alt=\"\" width=\"8\" height=\"8\" \/><\/td>\n<td class=\"petitencours\" width=\"45\"><b>117\/15<\/b><\/td>\n<td class=\"petitencours\" width=\"155\"><b>Diffusion : <\/b>IFR &#8211; VFR<\/td>\n<td class=\"petitencours\" width=\"80\"><b>Poids : <\/b>650Ko<\/td>\n<td class=\"petitencours\" width=\"20\"><img loading=\"lazy\" decoding=\"async\" src=\"https:\/\/www.sia.aviation-civile.gouv.fr\/img\/ptrans.gif\" alt=\"\" width=\"20\" height=\"1\" \/><\/td>\n<td class=\"petitencours\" width=\"244\"><b>Valide du <\/b><span class=\"petitencours\">25 JUL 2015<\/span><b> au <\/b><span class=\"petitencours\">25 JUL 2015<\/span><\/td>\n<\/tr>\n<\/tbody>\n<\/table>\n<table border=\"0\" width=\"552\" cellspacing=\"0\" cellpadding=\"0\">\n<tbody>\n<tr>\n<td bgcolor=\"#E8EEFA\" width=\"100%\"><\/td>\n<\/tr>\n<\/tbody>\n<\/table>\n<\/td>\n<\/tr>\n<tr bgcolor=\"#1345A4\">\n<td colspan=\"2\"><img loading=\"lazy\" decoding=\"async\" src=\"https:\/\/www.sia.aviation-civile.gouv.fr\/img\/ptrans.gif\" alt=\"\" width=\"1\" height=\"1\" \/><\/td>\n<\/tr>\n<tr>\n<td colspan=\"2\"><img loading=\"lazy\" decoding=\"async\" src=\"https:\/\/www.sia.aviation-civile.gouv.fr\/img\/ptrans.gif\" alt=\"\" width=\"1\" height=\"5\" \/><\/td>\n<\/tr>\n<tr>\n<td class=\"encours\" width=\"532\"><a href=\"https:\/\/www.sia.aviation-civile.gouv.fr\/dossier\/supaipmetro\/SUP_2015_116_FR.pdf\" target=\"_blank\">FIR Marseille LFMM<\/a><\/td>\n<td rowspan=\"2\" align=\"center\" valign=\"middle\" width=\"20\"><img loading=\"lazy\" decoding=\"async\" src=\"https:\/\/www.sia.aviation-civile.gouv.fr\/img\/ptrans.gif\" alt=\"\" width=\"20\" height=\"30\" \/><\/td>\n<\/tr>\n<tr>\n<td class=\"encours\" width=\"532\">Cr\u00e9ation de 2 zones r\u00e9glement\u00e9es temporaires(ZRT) Basse Altitude,\u00e0 l\u2019occasion de la 20e \u00e9tape du Tour de France cycliste 2015 (\u00e9tape Modane &gt; Alpe d\u2019Huez) en FIR Marseille LFMM<\/td>\n<\/tr>\n<tr>\n<td colspan=\"2\">\n<table border=\"0\" width=\"552\" cellspacing=\"0\" cellpadding=\"0\">\n<tbody>\n<tr bgcolor=\"#E8EEFA\">\n<td class=\"petitencours\" width=\"8\"><\/td>\n<td><img loading=\"lazy\" decoding=\"async\" src=\"https:\/\/www.sia.aviation-civile.gouv.fr\/img\/ptrans.gif\" alt=\"\" width=\"8\" height=\"8\" \/><\/td>\n<td class=\"petitencours\" width=\"45\"><b>116\/15<\/b><\/td>\n<td class=\"petitencours\" width=\"155\"><b>Diffusion : <\/b>IFR &#8211; VFR<\/td>\n<td class=\"petitencours\" width=\"80\"><b>Poids : <\/b>237Ko<\/td>\n<td class=\"petitencours\" width=\"20\"><img loading=\"lazy\" decoding=\"async\" src=\"https:\/\/www.sia.aviation-civile.gouv.fr\/img\/ptrans.gif\" alt=\"\" width=\"20\" height=\"1\" \/><\/td>\n<td class=\"petitencours\" width=\"244\"><b>Valide du <\/b><span class=\"petitencours\">25 JUL 2015<\/span><b> au <\/b><span class=\"petitencours\">25 JUL 2015<\/span><\/td>\n<\/tr>\n<\/tbody>\n<\/table>\n<table border=\"0\" width=\"552\" cellspacing=\"0\" cellpadding=\"0\">\n<tbody>\n<tr>\n<td bgcolor=\"#E8EEFA\" width=\"100%\"><\/td>\n<\/tr>\n<\/tbody>\n<\/table>\n<\/td>\n<\/tr>\n<tr bgcolor=\"#1345A4\">\n<td colspan=\"2\"><img loading=\"lazy\" decoding=\"async\" src=\"https:\/\/www.sia.aviation-civile.gouv.fr\/img\/ptrans.gif\" alt=\"\" width=\"1\" height=\"1\" \/><\/td>\n<\/tr>\n<tr>\n<td colspan=\"2\"><img loading=\"lazy\" decoding=\"async\" src=\"https:\/\/www.sia.aviation-civile.gouv.fr\/img\/ptrans.gif\" alt=\"\" width=\"1\" height=\"5\" \/><\/td>\n<\/tr>\n<tr>\n<td class=\"encours\" width=\"532\"><a href=\"https:\/\/www.sia.aviation-civile.gouv.fr\/dossier\/supaipmetro\/SUP_2015_115_FR.pdf\" target=\"_blank\">FIR Marseille LFMM<\/a><\/td>\n<td rowspan=\"2\" align=\"center\" valign=\"middle\" width=\"20\"><img loading=\"lazy\" decoding=\"async\" src=\"https:\/\/www.sia.aviation-civile.gouv.fr\/img\/ptrans.gif\" alt=\"\" width=\"20\" height=\"30\" \/><\/td>\n<\/tr>\n<tr>\n<td class=\"encours\" width=\"532\">Cr\u00e9ation de deux zones r\u00e9glement\u00e9es temporaires (ZRT) en moyenne altitude \u00e0 l\u2019occasion de la 19e \u00e9tape du Tour de France cycliste 2015 (\u00e9tape Saint-Jean-de-Maurienne &gt; La Toussuire-les Sybelles) en FIR Marseille LFMM<\/td>\n<\/tr>\n<tr>\n<td colspan=\"2\">\n<table border=\"0\" width=\"552\" cellspacing=\"0\" cellpadding=\"0\">\n<tbody>\n<tr bgcolor=\"#E8EEFA\">\n<td class=\"petitencours\" width=\"8\"><\/td>\n<td><img loading=\"lazy\" decoding=\"async\" src=\"https:\/\/www.sia.aviation-civile.gouv.fr\/img\/ptrans.gif\" alt=\"\" width=\"8\" height=\"8\" \/><\/td>\n<td class=\"petitencours\" width=\"45\"><b>115\/15<\/b><\/td>\n<td class=\"petitencours\" width=\"155\"><b>Diffusion : <\/b>IFR &#8211; VFR<\/td>\n<td class=\"petitencours\" width=\"80\"><b>Poids : <\/b>656Ko<\/td>\n<td class=\"petitencours\" width=\"20\"><img loading=\"lazy\" decoding=\"async\" src=\"https:\/\/www.sia.aviation-civile.gouv.fr\/img\/ptrans.gif\" alt=\"\" width=\"20\" height=\"1\" \/><\/td>\n<td class=\"petitencours\" width=\"244\"><b>Valide du <\/b><span class=\"petitencours\">24 JUL 2015<\/span><b> au <\/b><span class=\"petitencours\">24 JUL 2015<\/span><\/td>\n<\/tr>\n<\/tbody>\n<\/table>\n<table border=\"0\" width=\"552\" cellspacing=\"0\" cellpadding=\"0\">\n<tbody>\n<tr>\n<td bgcolor=\"#E8EEFA\" width=\"100%\"><\/td>\n<\/tr>\n<\/tbody>\n<\/table>\n<\/td>\n<\/tr>\n<tr bgcolor=\"#1345A4\">\n<td colspan=\"2\"><img loading=\"lazy\" decoding=\"async\" src=\"https:\/\/www.sia.aviation-civile.gouv.fr\/img\/ptrans.gif\" alt=\"\" width=\"1\" height=\"1\" \/><\/td>\n<\/tr>\n<tr>\n<td colspan=\"2\"><img loading=\"lazy\" decoding=\"async\" src=\"https:\/\/www.sia.aviation-civile.gouv.fr\/img\/ptrans.gif\" alt=\"\" width=\"1\" height=\"5\" \/><\/td>\n<\/tr>\n<tr>\n<td class=\"encours\" width=\"532\"><a href=\"https:\/\/www.sia.aviation-civile.gouv.fr\/dossier\/supaipmetro\/SUP_2015_114_FR.pdf\" target=\"_blank\">FIR Marseille LFMM<\/a><\/td>\n<td rowspan=\"2\" align=\"center\" valign=\"middle\" width=\"20\"><img loading=\"lazy\" decoding=\"async\" src=\"https:\/\/www.sia.aviation-civile.gouv.fr\/img\/ptrans.gif\" alt=\"\" width=\"20\" height=\"30\" \/><\/td>\n<\/tr>\n<tr>\n<td class=\"encours\" width=\"532\">Cr\u00e9ation de deux zones r\u00e9glement\u00e9es temporaires (ZRT) basse altitude, \u00e0 l\u2019occasion de la 19e \u00e9tape du tour de France cycliste 2015 (\u00e9tape Saint-Jean-de-Maurienne &gt; La Toussuire-les-Sybelles) en FIR Marseille LFMM<\/td>\n<\/tr>\n<tr>\n<td colspan=\"2\">\n<table border=\"0\" width=\"552\" cellspacing=\"0\" cellpadding=\"0\">\n<tbody>\n<tr bgcolor=\"#E8EEFA\">\n<td class=\"petitencours\" width=\"8\"><\/td>\n<td><img loading=\"lazy\" decoding=\"async\" src=\"https:\/\/www.sia.aviation-civile.gouv.fr\/img\/ptrans.gif\" alt=\"\" width=\"8\" height=\"8\" \/><\/td>\n<td class=\"petitencours\" width=\"45\"><b>114\/15<\/b><\/td>\n<td class=\"petitencours\" width=\"155\"><b>Diffusion : <\/b>IFR &#8211; VFR<\/td>\n<td class=\"petitencours\" width=\"80\"><b>Poids : <\/b>253Ko<\/td>\n<td class=\"petitencours\" width=\"20\"><img loading=\"lazy\" decoding=\"async\" src=\"https:\/\/www.sia.aviation-civile.gouv.fr\/img\/ptrans.gif\" alt=\"\" width=\"20\" height=\"1\" \/><\/td>\n<td class=\"petitencours\" width=\"244\"><b>Valide du <\/b><span class=\"petitencours\">24 JUL 2015<\/span><b> au <\/b><span class=\"petitencours\">24 JUL 2015<\/span><\/td>\n<\/tr>\n<\/tbody>\n<\/table>\n<table border=\"0\" width=\"552\" cellspacing=\"0\" cellpadding=\"0\">\n<tbody>\n<tr>\n<td bgcolor=\"#E8EEFA\" width=\"100%\"><\/td>\n<\/tr>\n<\/tbody>\n<\/table>\n<\/td>\n<\/tr>\n<tr bgcolor=\"#1345A4\">\n<td colspan=\"2\"><img loading=\"lazy\" decoding=\"async\" src=\"https:\/\/www.sia.aviation-civile.gouv.fr\/img\/ptrans.gif\" alt=\"\" width=\"1\" height=\"1\" \/><\/td>\n<\/tr>\n<tr>\n<td colspan=\"2\"><img loading=\"lazy\" decoding=\"async\" src=\"https:\/\/www.sia.aviation-civile.gouv.fr\/img\/ptrans.gif\" alt=\"\" width=\"1\" height=\"5\" \/><\/td>\n<\/tr>\n<tr>\n<td class=\"encours\" width=\"532\"><a href=\"https:\/\/www.sia.aviation-civile.gouv.fr\/dossier\/supaipmetro\/SUP_2015_113_FR.pdf\" target=\"_blank\">FIR Marseille LFMM<\/a><\/td>\n<td rowspan=\"2\" align=\"center\" valign=\"middle\" width=\"20\"><img loading=\"lazy\" decoding=\"async\" src=\"https:\/\/www.sia.aviation-civile.gouv.fr\/img\/ptrans.gif\" alt=\"\" width=\"20\" height=\"30\" \/><\/td>\n<\/tr>\n<tr>\n<td class=\"encours\" width=\"532\">Cr\u00e9ation de quatre zones r\u00e9glement\u00e9es temporaires (ZRT) en Moyenne Altitude \u00e0 l\u2019occasion de la 18e \u00e9tape du Tour de France cycliste 2015 (\u00e9tape Gap &gt; Saint Jean de Maurienne)<\/td>\n<\/tr>\n<tr>\n<td colspan=\"2\">\n<table border=\"0\" width=\"552\" cellspacing=\"0\" cellpadding=\"0\">\n<tbody>\n<tr bgcolor=\"#E8EEFA\">\n<td class=\"petitencours\" width=\"8\"><\/td>\n<td><img loading=\"lazy\" decoding=\"async\" src=\"https:\/\/www.sia.aviation-civile.gouv.fr\/img\/ptrans.gif\" alt=\"\" width=\"8\" height=\"8\" \/><\/td>\n<td class=\"petitencours\" width=\"45\"><b>113\/15<\/b><\/td>\n<td class=\"petitencours\" width=\"155\"><b>Diffusion : <\/b>IFR &#8211; VFR<\/td>\n<td class=\"petitencours\" width=\"80\"><b>Poids : <\/b>836Ko<\/td>\n<td class=\"petitencours\" width=\"20\"><img loading=\"lazy\" decoding=\"async\" src=\"https:\/\/www.sia.aviation-civile.gouv.fr\/img\/ptrans.gif\" alt=\"\" width=\"20\" height=\"1\" \/><\/td>\n<td class=\"petitencours\" width=\"244\"><b>Valide du <\/b><span class=\"petitencours\">23 JUL 2015<\/span><b> au <\/b><span class=\"petitencours\">23 JUL 2015<\/span><\/td>\n<\/tr>\n<\/tbody>\n<\/table>\n<table border=\"0\" width=\"552\" cellspacing=\"0\" cellpadding=\"0\">\n<tbody>\n<tr>\n<td bgcolor=\"#E8EEFA\" width=\"100%\"><\/td>\n<\/tr>\n<\/tbody>\n<\/table>\n<\/td>\n<\/tr>\n<tr bgcolor=\"#1345A4\">\n<td colspan=\"2\"><img loading=\"lazy\" decoding=\"async\" src=\"https:\/\/www.sia.aviation-civile.gouv.fr\/img\/ptrans.gif\" alt=\"\" width=\"1\" height=\"1\" \/><\/td>\n<\/tr>\n<tr>\n<td colspan=\"2\"><img loading=\"lazy\" decoding=\"async\" src=\"https:\/\/www.sia.aviation-civile.gouv.fr\/img\/ptrans.gif\" alt=\"\" width=\"1\" height=\"5\" \/><\/td>\n<\/tr>\n<tr>\n<td class=\"encours\" width=\"532\"><a href=\"https:\/\/www.sia.aviation-civile.gouv.fr\/dossier\/supaipmetro\/SUP_2015_112_FR.pdf\" target=\"_blank\">FIR Marseille LFMM<\/a><\/td>\n<td rowspan=\"2\" align=\"center\" valign=\"middle\" width=\"20\"><img loading=\"lazy\" decoding=\"async\" src=\"https:\/\/www.sia.aviation-civile.gouv.fr\/img\/ptrans.gif\" alt=\"\" width=\"20\" height=\"30\" \/><\/td>\n<\/tr>\n<tr>\n<td class=\"encours\" width=\"532\">Cr\u00e9ation de 2 zones r\u00e9glement\u00e9es temporaires (ZRT) Basse Altitude, \u00e0 l\u2019occasion de la 18e \u00e9tape du tour de France cycliste 2015 (\u00e9tape Gap &gt; Saint-Jean-de-Maurienne) en FIR Marseille LFMM<\/td>\n<\/tr>\n<tr>\n<td colspan=\"2\">\n<table border=\"0\" width=\"552\" cellspacing=\"0\" cellpadding=\"0\">\n<tbody>\n<tr bgcolor=\"#E8EEFA\">\n<td class=\"petitencours\" width=\"8\"><\/td>\n<td><img loading=\"lazy\" decoding=\"async\" src=\"https:\/\/www.sia.aviation-civile.gouv.fr\/img\/ptrans.gif\" alt=\"\" width=\"8\" height=\"8\" \/><\/td>\n<td class=\"petitencours\" width=\"45\"><b>112\/15<\/b><\/td>\n<td class=\"petitencours\" width=\"155\"><b>Diffusion : <\/b>IFR &#8211; VFR<\/td>\n<td class=\"petitencours\" width=\"80\"><b>Poids : <\/b>963Ko<\/td>\n<td class=\"petitencours\" width=\"20\"><img loading=\"lazy\" decoding=\"async\" src=\"https:\/\/www.sia.aviation-civile.gouv.fr\/img\/ptrans.gif\" alt=\"\" width=\"20\" height=\"1\" \/><\/td>\n<td class=\"petitencours\" width=\"244\"><b>Valide du <\/b><span class=\"petitencours\">23 JUL 2015<\/span><b> au <\/b><span class=\"petitencours\">23 JUL 2015<\/span><\/td>\n<\/tr>\n<\/tbody>\n<\/table>\n<table border=\"0\" width=\"552\" cellspacing=\"0\" cellpadding=\"0\">\n<tbody>\n<tr>\n<td bgcolor=\"#E8EEFA\" width=\"100%\"><\/td>\n<\/tr>\n<\/tbody>\n<\/table>\n<\/td>\n<\/tr>\n<tr bgcolor=\"#1345A4\">\n<td colspan=\"2\"><img loading=\"lazy\" decoding=\"async\" src=\"https:\/\/www.sia.aviation-civile.gouv.fr\/img\/ptrans.gif\" alt=\"\" width=\"1\" height=\"1\" \/><\/td>\n<\/tr>\n<tr>\n<td colspan=\"2\"><img loading=\"lazy\" decoding=\"async\" src=\"https:\/\/www.sia.aviation-civile.gouv.fr\/img\/ptrans.gif\" alt=\"\" width=\"1\" height=\"5\" \/><\/td>\n<\/tr>\n<tr>\n<td class=\"encours\" width=\"532\"><a href=\"https:\/\/www.sia.aviation-civile.gouv.fr\/dossier\/supaipmetro\/SUP_2015_111_FR.pdf\" target=\"_blank\">FIR Marseille LFMM<\/a><\/td>\n<td rowspan=\"2\" align=\"center\" valign=\"middle\" width=\"20\"><img loading=\"lazy\" decoding=\"async\" src=\"https:\/\/www.sia.aviation-civile.gouv.fr\/img\/ptrans.gif\" alt=\"\" width=\"20\" height=\"30\" \/><\/td>\n<\/tr>\n<tr>\n<td class=\"encours\" width=\"532\">Cr\u00e9ation de trois zones r\u00e9glement\u00e9es temporaires(ZRT) en Moyenne Altitude \u00e0 l\u2019occasion de la 17e \u00e9tape du tour de France cycliste 2015 (\u00e9tape Digne-les-Bains &gt; Pra-Loup) en FIR Marseille LFMM<\/td>\n<\/tr>\n<tr>\n<td colspan=\"2\">\n<table border=\"0\" width=\"552\" cellspacing=\"0\" cellpadding=\"0\">\n<tbody>\n<tr bgcolor=\"#E8EEFA\">\n<td class=\"petitencours\" width=\"8\"><\/td>\n<td><img loading=\"lazy\" decoding=\"async\" src=\"https:\/\/www.sia.aviation-civile.gouv.fr\/img\/ptrans.gif\" alt=\"\" width=\"8\" height=\"8\" \/><\/td>\n<td class=\"petitencours\" width=\"45\"><b>111\/15<\/b><\/td>\n<td class=\"petitencours\" width=\"155\"><b>Diffusion : <\/b>IFR &#8211; VFR<\/td>\n<td class=\"petitencours\" width=\"80\"><b>Poids : <\/b>704Ko<\/td>\n<td class=\"petitencours\" width=\"20\"><img loading=\"lazy\" decoding=\"async\" src=\"https:\/\/www.sia.aviation-civile.gouv.fr\/img\/ptrans.gif\" alt=\"\" width=\"20\" height=\"1\" \/><\/td>\n<td class=\"petitencours\" width=\"244\"><b>Valide du <\/b><span class=\"petitencours\">22 JUL 2015<\/span><b> au <\/b><span class=\"petitencours\">22 JUL 2015<\/span><\/td>\n<\/tr>\n<\/tbody>\n<\/table>\n<table border=\"0\" width=\"552\" cellspacing=\"0\" cellpadding=\"0\">\n<tbody>\n<tr>\n<td bgcolor=\"#E8EEFA\" width=\"100%\"><\/td>\n<\/tr>\n<\/tbody>\n<\/table>\n<\/td>\n<\/tr>\n<tr bgcolor=\"#1345A4\">\n<td colspan=\"2\"><img loading=\"lazy\" decoding=\"async\" src=\"https:\/\/www.sia.aviation-civile.gouv.fr\/img\/ptrans.gif\" alt=\"\" width=\"1\" height=\"1\" \/><\/td>\n<\/tr>\n<tr>\n<td colspan=\"2\"><img loading=\"lazy\" decoding=\"async\" src=\"https:\/\/www.sia.aviation-civile.gouv.fr\/img\/ptrans.gif\" alt=\"\" width=\"1\" height=\"5\" \/><\/td>\n<\/tr>\n<tr>\n<td class=\"encours\" width=\"532\"><a href=\"https:\/\/www.sia.aviation-civile.gouv.fr\/dossier\/supaipmetro\/SUP_2015_110_FR.pdf\" target=\"_blank\">FIR Marseille LFMM<\/a><\/td>\n<td rowspan=\"2\" align=\"center\" valign=\"middle\" width=\"20\"><img loading=\"lazy\" decoding=\"async\" src=\"https:\/\/www.sia.aviation-civile.gouv.fr\/img\/ptrans.gif\" alt=\"\" width=\"20\" height=\"30\" \/><\/td>\n<\/tr>\n<tr>\n<td class=\"encours\" width=\"532\">Cr\u00e9ation de quatre zones r\u00e9glement\u00e9es temporaires (ZRT) Basse Altitude, \u00e0 l\u2019occasion de la 17e \u00e9tape du Tour de France cycliste (\u00e9tape Digne-les-Bains &gt; Pra-Loup) en FIR Marseille LFMM<\/td>\n<\/tr>\n<tr>\n<td colspan=\"2\">\n<table border=\"0\" width=\"552\" cellspacing=\"0\" cellpadding=\"0\">\n<tbody>\n<tr bgcolor=\"#E8EEFA\">\n<td class=\"petitencours\" width=\"8\"><\/td>\n<td><img loading=\"lazy\" decoding=\"async\" src=\"https:\/\/www.sia.aviation-civile.gouv.fr\/img\/ptrans.gif\" alt=\"\" width=\"8\" height=\"8\" \/><\/td>\n<td class=\"petitencours\" width=\"45\"><b>110\/15<\/b><\/td>\n<td class=\"petitencours\" width=\"155\"><b>Diffusion : <\/b>IFR &#8211; VFR<\/td>\n<td class=\"petitencours\" width=\"80\"><b>Poids : <\/b>834Ko<\/td>\n<td class=\"petitencours\" width=\"20\"><img loading=\"lazy\" decoding=\"async\" src=\"https:\/\/www.sia.aviation-civile.gouv.fr\/img\/ptrans.gif\" alt=\"\" width=\"20\" height=\"1\" \/><\/td>\n<td class=\"petitencours\" width=\"244\"><b>Valide du <\/b><span class=\"petitencours\">22 JUL 2015<\/span><b> au <\/b><span class=\"petitencours\">22 JUL 2015<\/span><\/td>\n<\/tr>\n<\/tbody>\n<\/table>\n<table border=\"0\" width=\"552\" cellspacing=\"0\" cellpadding=\"0\">\n<tbody>\n<tr>\n<td bgcolor=\"#E8EEFA\" width=\"100%\"><\/td>\n<\/tr>\n<\/tbody>\n<\/table>\n<\/td>\n<\/tr>\n<tr bgcolor=\"#1345A4\">\n<td colspan=\"2\"><img loading=\"lazy\" decoding=\"async\" src=\"https:\/\/www.sia.aviation-civile.gouv.fr\/img\/ptrans.gif\" alt=\"\" width=\"1\" height=\"1\" \/><\/td>\n<\/tr>\n<tr>\n<td colspan=\"2\"><img loading=\"lazy\" decoding=\"async\" src=\"https:\/\/www.sia.aviation-civile.gouv.fr\/img\/ptrans.gif\" alt=\"\" width=\"1\" height=\"5\" \/><\/td>\n<\/tr>\n<tr>\n<td class=\"encours\" width=\"532\"><a href=\"https:\/\/www.sia.aviation-civile.gouv.fr\/dossier\/supaipmetro\/SUP_2015_109_FR.pdf\" target=\"_blank\">FIR Marseille LFMM<\/a><\/td>\n<td rowspan=\"2\" align=\"center\" valign=\"middle\" width=\"20\"><img loading=\"lazy\" decoding=\"async\" src=\"https:\/\/www.sia.aviation-civile.gouv.fr\/img\/ptrans.gif\" alt=\"\" width=\"20\" height=\"30\" \/><\/td>\n<\/tr>\n<tr>\n<td class=\"encours\" width=\"532\">Cr\u00e9ation de 2 zones r\u00e9glement\u00e9es temporaires (ZRT) Moyenne Altitude \u00e0 l\u2019occasion de la 16e \u00e9tape du Tour de France cycliste 2015 (\u00e9tape Bourg-de-P\u00e9age &gt; Gap) en FIR Marseille LFMM<\/td>\n<\/tr>\n<tr>\n<td colspan=\"2\">\n<table border=\"0\" width=\"552\" cellspacing=\"0\" cellpadding=\"0\">\n<tbody>\n<tr bgcolor=\"#E8EEFA\">\n<td class=\"petitencours\" width=\"8\"><\/td>\n<td><img loading=\"lazy\" decoding=\"async\" src=\"https:\/\/www.sia.aviation-civile.gouv.fr\/img\/ptrans.gif\" alt=\"\" width=\"8\" height=\"8\" \/><\/td>\n<td class=\"petitencours\" width=\"45\"><b>109\/15<\/b><\/td>\n<td class=\"petitencours\" width=\"155\"><b>Diffusion : <\/b>IFR &#8211; VFR<\/td>\n<td class=\"petitencours\" width=\"80\"><b>Poids : <\/b>679Ko<\/td>\n<td class=\"petitencours\" width=\"20\"><img loading=\"lazy\" decoding=\"async\" src=\"https:\/\/www.sia.aviation-civile.gouv.fr\/img\/ptrans.gif\" alt=\"\" width=\"20\" height=\"1\" \/><\/td>\n<td class=\"petitencours\" width=\"244\"><b>Valide du <\/b><span class=\"petitencours\">20 JUL 2015<\/span><b> au <\/b><span class=\"petitencours\">20 JUL 2015<\/span><\/td>\n<\/tr>\n<\/tbody>\n<\/table>\n<table border=\"0\" width=\"552\" cellspacing=\"0\" cellpadding=\"0\">\n<tbody>\n<tr>\n<td bgcolor=\"#E8EEFA\" width=\"100%\"><\/td>\n<\/tr>\n<\/tbody>\n<\/table>\n<\/td>\n<\/tr>\n<tr bgcolor=\"#1345A4\">\n<td colspan=\"2\"><img loading=\"lazy\" decoding=\"async\" src=\"https:\/\/www.sia.aviation-civile.gouv.fr\/img\/ptrans.gif\" alt=\"\" width=\"1\" height=\"1\" \/><\/td>\n<\/tr>\n<tr>\n<td colspan=\"2\"><img loading=\"lazy\" decoding=\"async\" src=\"https:\/\/www.sia.aviation-civile.gouv.fr\/img\/ptrans.gif\" alt=\"\" width=\"1\" height=\"5\" \/><\/td>\n<\/tr>\n<tr>\n<td class=\"encours\" width=\"532\"><a href=\"https:\/\/www.sia.aviation-civile.gouv.fr\/dossier\/supaipmetro\/SUP_2015_108_FR.pdf\" target=\"_blank\">FIR Marseille LFMM<\/a><\/td>\n<td rowspan=\"2\" align=\"center\" valign=\"middle\" width=\"20\"><img loading=\"lazy\" decoding=\"async\" src=\"https:\/\/www.sia.aviation-civile.gouv.fr\/img\/ptrans.gif\" alt=\"\" width=\"20\" height=\"30\" \/><\/td>\n<\/tr>\n<tr>\n<td class=\"encours\" width=\"532\">Cr\u00e9ation d\u2019une zone r\u00e9glement\u00e9e temporaire (ZRT) Basse Altitude \u00e0 l\u2019occasion de la 16e \u00e9tape du Tour de France cycliste 2015 (\u00e9tape Bourg-de-P\u00e9age \u2013 Gap) en FIR Marseille LFMM<\/td>\n<\/tr>\n<tr>\n<td colspan=\"2\">\n<table border=\"0\" width=\"552\" cellspacing=\"0\" cellpadding=\"0\">\n<tbody>\n<tr bgcolor=\"#E8EEFA\">\n<td class=\"petitencours\" width=\"8\"><\/td>\n<td><img loading=\"lazy\" decoding=\"async\" src=\"https:\/\/www.sia.aviation-civile.gouv.fr\/img\/ptrans.gif\" alt=\"\" width=\"8\" height=\"8\" \/><\/td>\n<td class=\"petitencours\" width=\"45\"><b>108\/15<\/b><\/td>\n<td class=\"petitencours\" width=\"155\"><b>Diffusion : <\/b>IFR &#8211; VFR<\/td>\n<td class=\"petitencours\" width=\"80\"><b>Poids : <\/b>342Ko<\/td>\n<td class=\"petitencours\" width=\"20\"><img loading=\"lazy\" decoding=\"async\" src=\"https:\/\/www.sia.aviation-civile.gouv.fr\/img\/ptrans.gif\" alt=\"\" width=\"20\" height=\"1\" \/><\/td>\n<td class=\"petitencours\" width=\"244\"><b>Valide du <\/b><span class=\"petitencours\">20 JUL 2015<\/span><b> au <\/b><span class=\"petitencours\">20 JUL 2015<\/span><\/td>\n<\/tr>\n<\/tbody>\n<\/table>\n<table border=\"0\" width=\"552\" cellspacing=\"0\" cellpadding=\"0\">\n<tbody>\n<tr>\n<td bgcolor=\"#E8EEFA\" width=\"100%\"><\/td>\n<\/tr>\n<\/tbody>\n<\/table>\n<\/td>\n<\/tr>\n<tr bgcolor=\"#1345A4\">\n<td colspan=\"2\"><img loading=\"lazy\" decoding=\"async\" src=\"https:\/\/www.sia.aviation-civile.gouv.fr\/img\/ptrans.gif\" alt=\"\" width=\"1\" height=\"1\" \/><\/td>\n<\/tr>\n<tr>\n<td colspan=\"2\"><img loading=\"lazy\" decoding=\"async\" src=\"https:\/\/www.sia.aviation-civile.gouv.fr\/img\/ptrans.gif\" alt=\"\" width=\"1\" height=\"5\" \/><\/td>\n<\/tr>\n<tr>\n<td class=\"encours\" width=\"532\"><a href=\"https:\/\/www.sia.aviation-civile.gouv.fr\/dossier\/supaipmetro\/SUP_2015_107_FR.pdf\" target=\"_blank\">FIR Bordeaux LFBB et AD : Rochefort Charente Maritime LFDN, Saintes Th\u00e9nac LFXB, Saint Jean d\u2019Ang\u00e9ly Saint Denis du Pin LFIY, Angoul\u00eame Brie Champniers LFBU<\/a><\/td>\n<td rowspan=\"2\" align=\"center\" valign=\"middle\" width=\"20\"><img loading=\"lazy\" decoding=\"async\" src=\"https:\/\/www.sia.aviation-civile.gouv.fr\/img\/ptrans.gif\" alt=\"\" width=\"20\" height=\"30\" \/><\/td>\n<\/tr>\n<tr>\n<td class=\"encours\" width=\"532\">Cr\u00e9ation de 3 zones r\u00e9glement\u00e9es temporaires (ZRT) ST JEAN D\u2019ANGELY, ROCHEFORT et ANGOULEME pour l\u2019exercice ALBATROS 2015-02<\/td>\n<\/tr>\n<tr>\n<td colspan=\"2\">\n<table border=\"0\" width=\"552\" cellspacing=\"0\" cellpadding=\"0\">\n<tbody>\n<tr bgcolor=\"#E8EEFA\">\n<td class=\"petitencours\" width=\"8\"><\/td>\n<td><img loading=\"lazy\" decoding=\"async\" src=\"https:\/\/www.sia.aviation-civile.gouv.fr\/img\/ptrans.gif\" alt=\"\" width=\"8\" height=\"8\" \/><\/td>\n<td class=\"petitencours\" width=\"45\"><b>107\/15<\/b><\/td>\n<td class=\"petitencours\" width=\"155\"><b>Diffusion : <\/b>IFR &#8211; VFR<\/td>\n<td class=\"petitencours\" width=\"80\"><b>Poids : <\/b>536Ko<\/td>\n<td class=\"petitencours\" width=\"20\"><img loading=\"lazy\" decoding=\"async\" src=\"https:\/\/www.sia.aviation-civile.gouv.fr\/img\/ptrans.gif\" alt=\"\" width=\"20\" height=\"1\" \/><\/td>\n<td class=\"petitencours\" width=\"244\"><b>Valide du <\/b><span class=\"petitencours\">15 JUN 2015<\/span><b> au <\/b><span class=\"petitencours\">26 JUN 2015<\/span><\/td>\n<\/tr>\n<\/tbody>\n<\/table>\n<table border=\"0\" width=\"552\" cellspacing=\"0\" cellpadding=\"0\">\n<tbody>\n<tr>\n<td bgcolor=\"#E8EEFA\" width=\"100%\"><\/td>\n<\/tr>\n<\/tbody>\n<\/table>\n<\/td>\n<\/tr>\n<tr bgcolor=\"#1345A4\">\n<td colspan=\"2\"><img loading=\"lazy\" decoding=\"async\" src=\"https:\/\/www.sia.aviation-civile.gouv.fr\/img\/ptrans.gif\" alt=\"\" width=\"1\" height=\"1\" \/><\/td>\n<\/tr>\n<tr>\n<td colspan=\"2\"><img loading=\"lazy\" decoding=\"async\" src=\"https:\/\/www.sia.aviation-civile.gouv.fr\/img\/ptrans.gif\" alt=\"\" width=\"1\" height=\"5\" \/><\/td>\n<\/tr>\n<tr>\n<td class=\"encours\" width=\"532\"><a href=\"https:\/\/www.sia.aviation-civile.gouv.fr\/dossier\/supaipmetro\/SUP_2015_105_FR.pdf\" target=\"_blank\">FIR Paris LFFF et AD : Reims Prunay LFQA, Saint-Dizier Robinson LFSI, Chalons Ecury LFQK<\/a><\/td>\n<td rowspan=\"2\" align=\"center\" valign=\"middle\" width=\"20\"><img loading=\"lazy\" decoding=\"async\" src=\"https:\/\/www.sia.aviation-civile.gouv.fr\/img\/ptrans.gif\" alt=\"\" width=\"20\" height=\"30\" \/><\/td>\n<\/tr>\n<tr>\n<td class=\"encours\" width=\"532\">Cr\u00e9ation de 2 zones r\u00e9glement\u00e9es temporaires (ZRT) pour l\u2019exercice SUIPPEX 2015-01<\/td>\n<\/tr>\n<tr>\n<td colspan=\"2\">\n<table border=\"0\" width=\"552\" cellspacing=\"0\" cellpadding=\"0\">\n<tbody>\n<tr bgcolor=\"#E8EEFA\">\n<td class=\"petitencours\" width=\"8\"><\/td>\n<td><img loading=\"lazy\" decoding=\"async\" src=\"https:\/\/www.sia.aviation-civile.gouv.fr\/img\/ptrans.gif\" alt=\"\" width=\"8\" height=\"8\" \/><\/td>\n<td class=\"petitencours\" width=\"45\"><b>105\/15<\/b><\/td>\n<td class=\"petitencours\" width=\"155\"><b>Diffusion : <\/b>IFR &#8211; VFR<\/td>\n<td class=\"petitencours\" width=\"80\"><b>Poids : <\/b>231Ko<\/td>\n<td class=\"petitencours\" width=\"20\"><img loading=\"lazy\" decoding=\"async\" src=\"https:\/\/www.sia.aviation-civile.gouv.fr\/img\/ptrans.gif\" alt=\"\" width=\"20\" height=\"1\" \/><\/td>\n<td class=\"petitencours\" width=\"244\"><b>Valide du <\/b><span class=\"petitencours\">16 JUN 2015<\/span><b> au <\/b><span class=\"petitencours\">18 JUN 2015<\/span><\/td>\n<\/tr>\n<\/tbody>\n<\/table>\n<table border=\"0\" width=\"552\" cellspacing=\"0\" cellpadding=\"0\">\n<tbody>\n<tr>\n<td bgcolor=\"#E8EEFA\" width=\"100%\"><\/td>\n<\/tr>\n<\/tbody>\n<\/table>\n<\/td>\n<\/tr>\n<tr bgcolor=\"#1345A4\">\n<td colspan=\"2\"><img loading=\"lazy\" decoding=\"async\" src=\"https:\/\/www.sia.aviation-civile.gouv.fr\/img\/ptrans.gif\" alt=\"\" width=\"1\" height=\"1\" \/><\/td>\n<\/tr>\n<tr>\n<td colspan=\"2\"><img loading=\"lazy\" decoding=\"async\" src=\"https:\/\/www.sia.aviation-civile.gouv.fr\/img\/ptrans.gif\" alt=\"\" width=\"1\" height=\"5\" \/><\/td>\n<\/tr>\n<tr>\n<td class=\"encours\" width=\"532\"><a href=\"https:\/\/www.sia.aviation-civile.gouv.fr\/dossier\/supaipmetro\/SUP_2015_103_FR.pdf\" target=\"_blank\">FIR Bordeaux LFBB<\/a><\/td>\n<td rowspan=\"2\" align=\"center\" valign=\"middle\" width=\"20\"><img loading=\"lazy\" decoding=\"async\" src=\"https:\/\/www.sia.aviation-civile.gouv.fr\/img\/ptrans.gif\" alt=\"\" width=\"20\" height=\"30\" \/><\/td>\n<\/tr>\n<tr>\n<td class=\"encours\" width=\"532\">Cr\u00e9ation de 6 Zones R\u00e9glement\u00e9es Temporaires (ZRT) pour la 12\u00e8me Etape du Tour de France cycliste 2015 en FIR Bordeaux LFBB<\/td>\n<\/tr>\n<tr>\n<td colspan=\"2\">\n<table border=\"0\" width=\"552\" cellspacing=\"0\" cellpadding=\"0\">\n<tbody>\n<tr bgcolor=\"#E8EEFA\">\n<td class=\"petitencours\" width=\"8\"><\/td>\n<td><img loading=\"lazy\" decoding=\"async\" src=\"https:\/\/www.sia.aviation-civile.gouv.fr\/img\/ptrans.gif\" alt=\"\" width=\"8\" height=\"8\" \/><\/td>\n<td class=\"petitencours\" width=\"45\"><b>103\/15<\/b><\/td>\n<td class=\"petitencours\" width=\"155\"><b>Diffusion : <\/b>IFR &#8211; VFR<\/td>\n<td class=\"petitencours\" width=\"80\"><b>Poids : <\/b>1142Ko<\/td>\n<td class=\"petitencours\" width=\"20\"><img loading=\"lazy\" decoding=\"async\" src=\"https:\/\/www.sia.aviation-civile.gouv.fr\/img\/ptrans.gif\" alt=\"\" width=\"20\" height=\"1\" \/><\/td>\n<td class=\"petitencours\" width=\"244\"><b>Valide du <\/b><span class=\"petitencours\">16 JUL 2015<\/span><b> au <\/b><span class=\"petitencours\">16 JUL 2015<\/span><\/td>\n<\/tr>\n<\/tbody>\n<\/table>\n<table border=\"0\" width=\"552\" cellspacing=\"0\" cellpadding=\"0\">\n<tbody>\n<tr>\n<td bgcolor=\"#E8EEFA\" width=\"100%\"><\/td>\n<\/tr>\n<\/tbody>\n<\/table>\n<\/td>\n<\/tr>\n<tr bgcolor=\"#1345A4\">\n<td colspan=\"2\"><img loading=\"lazy\" decoding=\"async\" src=\"https:\/\/www.sia.aviation-civile.gouv.fr\/img\/ptrans.gif\" alt=\"\" width=\"1\" height=\"1\" \/><\/td>\n<\/tr>\n<tr>\n<td colspan=\"2\"><img loading=\"lazy\" decoding=\"async\" src=\"https:\/\/www.sia.aviation-civile.gouv.fr\/img\/ptrans.gif\" alt=\"\" width=\"1\" height=\"5\" \/><\/td>\n<\/tr>\n<tr>\n<td class=\"encours\" width=\"532\"><a href=\"https:\/\/www.sia.aviation-civile.gouv.fr\/dossier\/supaipmetro\/SUP_2015_102_FR.pdf\" target=\"_blank\">FIR Bordeaux LFBB<\/a><\/td>\n<td rowspan=\"2\" align=\"center\" valign=\"middle\" width=\"20\"><img loading=\"lazy\" decoding=\"async\" src=\"https:\/\/www.sia.aviation-civile.gouv.fr\/img\/ptrans.gif\" alt=\"\" width=\"20\" height=\"30\" \/><\/td>\n<\/tr>\n<tr>\n<td class=\"encours\" width=\"532\">Cr\u00e9ation de 4 Zones R\u00e9glement\u00e9es Temporaires (ZRT) pour la 11\u00e8me Etape du Tour de France cycliste 2015 en FIR Bordeaux LFBB<\/td>\n<\/tr>\n<tr>\n<td colspan=\"2\">\n<table border=\"0\" width=\"552\" cellspacing=\"0\" cellpadding=\"0\">\n<tbody>\n<tr bgcolor=\"#E8EEFA\">\n<td class=\"petitencours\" width=\"8\"><\/td>\n<td><img loading=\"lazy\" decoding=\"async\" src=\"https:\/\/www.sia.aviation-civile.gouv.fr\/img\/ptrans.gif\" alt=\"\" width=\"8\" height=\"8\" \/><\/td>\n<td class=\"petitencours\" width=\"45\"><b>102\/15<\/b><\/td>\n<td class=\"petitencours\" width=\"155\"><b>Diffusion : <\/b>IFR &#8211; VFR<\/td>\n<td class=\"petitencours\" width=\"80\"><b>Poids : <\/b>938Ko<\/td>\n<td class=\"petitencours\" width=\"20\"><img loading=\"lazy\" decoding=\"async\" src=\"https:\/\/www.sia.aviation-civile.gouv.fr\/img\/ptrans.gif\" alt=\"\" width=\"20\" height=\"1\" \/><\/td>\n<td class=\"petitencours\" width=\"244\"><b>Valide du <\/b><span class=\"petitencours\">15 JUL 2015<\/span><b> au <\/b><span class=\"petitencours\">15 JUL 2015<\/span><\/td>\n<\/tr>\n<\/tbody>\n<\/table>\n<table border=\"0\" width=\"552\" cellspacing=\"0\" cellpadding=\"0\">\n<tbody>\n<tr>\n<td bgcolor=\"#E8EEFA\" width=\"100%\"><\/td>\n<\/tr>\n<\/tbody>\n<\/table>\n<\/td>\n<\/tr>\n<tr bgcolor=\"#1345A4\">\n<td colspan=\"2\"><img loading=\"lazy\" decoding=\"async\" src=\"https:\/\/www.sia.aviation-civile.gouv.fr\/img\/ptrans.gif\" alt=\"\" width=\"1\" height=\"1\" \/><\/td>\n<\/tr>\n<tr>\n<td colspan=\"2\"><img loading=\"lazy\" decoding=\"async\" src=\"https:\/\/www.sia.aviation-civile.gouv.fr\/img\/ptrans.gif\" alt=\"\" width=\"1\" height=\"5\" \/><\/td>\n<\/tr>\n<tr>\n<td class=\"encours\" width=\"532\"><a href=\"https:\/\/www.sia.aviation-civile.gouv.fr\/dossier\/supaipmetro\/SUP_2015_101_FR.pdf\" target=\"_blank\">FIR Bordeaux LFBB<\/a><\/td>\n<td rowspan=\"2\" align=\"center\" valign=\"middle\" width=\"20\"><img loading=\"lazy\" decoding=\"async\" src=\"https:\/\/www.sia.aviation-civile.gouv.fr\/img\/ptrans.gif\" alt=\"\" width=\"20\" height=\"30\" \/><\/td>\n<\/tr>\n<tr>\n<td class=\"encours\" width=\"532\">Cr\u00e9ation de 2 Zones R\u00e9glement\u00e9es Temporaires (ZRT) pour la 10\u00e8me Etape du Tour de France cycliste 2015 en FIR Bordeaux LFBB<\/td>\n<\/tr>\n<tr>\n<td colspan=\"2\">\n<table border=\"0\" width=\"552\" cellspacing=\"0\" cellpadding=\"0\">\n<tbody>\n<tr bgcolor=\"#E8EEFA\">\n<td class=\"petitencours\" width=\"8\"><\/td>\n<td><img loading=\"lazy\" decoding=\"async\" src=\"https:\/\/www.sia.aviation-civile.gouv.fr\/img\/ptrans.gif\" alt=\"\" width=\"8\" height=\"8\" \/><\/td>\n<td class=\"petitencours\" width=\"45\"><b>101\/15<\/b><\/td>\n<td class=\"petitencours\" width=\"155\"><b>Diffusion : <\/b>IFR &#8211; VFR<\/td>\n<td class=\"petitencours\" width=\"80\"><b>Poids : <\/b>826Ko<\/td>\n<td class=\"petitencours\" width=\"20\"><img loading=\"lazy\" decoding=\"async\" src=\"https:\/\/www.sia.aviation-civile.gouv.fr\/img\/ptrans.gif\" alt=\"\" width=\"20\" height=\"1\" \/><\/td>\n<td class=\"petitencours\" width=\"244\"><b>Valide du <\/b><span class=\"petitencours\">14 JUL 2015<\/span><b> au <\/b><span class=\"petitencours\">14 JUL 2015<\/span><\/td>\n<\/tr>\n<\/tbody>\n<\/table>\n<table border=\"0\" width=\"552\" cellspacing=\"0\" cellpadding=\"0\">\n<tbody>\n<tr>\n<td bgcolor=\"#E8EEFA\" width=\"100%\"><\/td>\n<\/tr>\n<\/tbody>\n<\/table>\n<\/td>\n<\/tr>\n<tr bgcolor=\"#1345A4\">\n<td colspan=\"2\"><img loading=\"lazy\" decoding=\"async\" src=\"https:\/\/www.sia.aviation-civile.gouv.fr\/img\/ptrans.gif\" alt=\"\" width=\"1\" height=\"1\" \/><\/td>\n<\/tr>\n<tr>\n<td colspan=\"2\"><img loading=\"lazy\" decoding=\"async\" src=\"https:\/\/www.sia.aviation-civile.gouv.fr\/img\/ptrans.gif\" alt=\"\" width=\"1\" height=\"5\" \/><\/td>\n<\/tr>\n<tr>\n<td class=\"encours\" width=\"532\"><a href=\"https:\/\/www.sia.aviation-civile.gouv.fr\/dossier\/supaipmetro\/SUP_2015_098_FR.pdf\" target=\"_blank\">FIR Brest LFRR, AD Vannes Meucon LFRV<\/a><\/td>\n<td rowspan=\"2\" align=\"center\" valign=\"middle\" width=\"20\"><img loading=\"lazy\" decoding=\"async\" src=\"https:\/\/www.sia.aviation-civile.gouv.fr\/img\/ptrans.gif\" alt=\"\" width=\"20\" height=\"30\" \/><\/td>\n<\/tr>\n<tr>\n<td class=\"encours\" width=\"532\">Cr\u00e9ation d\u2019une zone r\u00e9glement\u00e9e temporaire (ZRT) dans les zones r\u00e9glement\u00e9es LF-R 278 VANNES et LF-R 279 VANNES PARA, lors de la 9\u00e8me \u00e9tape du Tour de France cycliste 2015<\/td>\n<\/tr>\n<tr>\n<td colspan=\"2\">\n<table border=\"0\" width=\"552\" cellspacing=\"0\" cellpadding=\"0\">\n<tbody>\n<tr bgcolor=\"#E8EEFA\">\n<td class=\"petitencours\" width=\"8\"><\/td>\n<td><img loading=\"lazy\" decoding=\"async\" src=\"https:\/\/www.sia.aviation-civile.gouv.fr\/img\/ptrans.gif\" alt=\"\" width=\"8\" height=\"8\" \/><\/td>\n<td class=\"petitencours\" width=\"45\"><b>098\/15<\/b><\/td>\n<td class=\"petitencours\" width=\"155\"><b>Diffusion : <\/b>IFR &#8211; VFR<\/td>\n<td class=\"petitencours\" width=\"80\"><b>Poids : <\/b>346Ko<\/td>\n<td class=\"petitencours\" width=\"20\"><img loading=\"lazy\" decoding=\"async\" src=\"https:\/\/www.sia.aviation-civile.gouv.fr\/img\/ptrans.gif\" alt=\"\" width=\"20\" height=\"1\" \/><\/td>\n<td class=\"petitencours\" width=\"244\"><b>Valide du <\/b><span class=\"petitencours\">12 JUL 2015<\/span><b> au <\/b><span class=\"petitencours\">12 JUL 2015<\/span><\/td>\n<\/tr>\n<\/tbody>\n<\/table>\n<table border=\"0\" width=\"552\" cellspacing=\"0\" cellpadding=\"0\">\n<tbody>\n<tr>\n<td bgcolor=\"#E8EEFA\" width=\"100%\"><\/td>\n<\/tr>\n<\/tbody>\n<\/table>\n<\/td>\n<\/tr>\n<tr bgcolor=\"#1345A4\">\n<td colspan=\"2\"><img loading=\"lazy\" decoding=\"async\" src=\"https:\/\/www.sia.aviation-civile.gouv.fr\/img\/ptrans.gif\" alt=\"\" width=\"1\" height=\"1\" \/><\/td>\n<\/tr>\n<tr>\n<td colspan=\"2\"><img loading=\"lazy\" decoding=\"async\" src=\"https:\/\/www.sia.aviation-civile.gouv.fr\/img\/ptrans.gif\" alt=\"\" width=\"1\" height=\"5\" \/><\/td>\n<\/tr>\n<tr>\n<td class=\"encours\" width=\"532\"><a href=\"https:\/\/www.sia.aviation-civile.gouv.fr\/dossier\/supaipmetro\/SUP_2015_094_FR.pdf\" target=\"_blank\">FIR Reims LFEE, AD Luxeuil LFSX<\/a><\/td>\n<td rowspan=\"2\" align=\"center\" valign=\"middle\" width=\"20\"><img loading=\"lazy\" decoding=\"async\" src=\"https:\/\/www.sia.aviation-civile.gouv.fr\/img\/ptrans.gif\" alt=\"\" width=\"20\" height=\"30\" \/><\/td>\n<\/tr>\n<tr>\n<td class=\"encours\" width=\"532\">Cr\u00e9ation d\u2019une zone r\u00e9glement\u00e9e temporaire (ZRT) \u00ab Meeting National de l\u2019Air \u00e0 Luxeuil \u00bb<\/td>\n<\/tr>\n<tr>\n<td colspan=\"2\">\n<table border=\"0\" width=\"552\" cellspacing=\"0\" cellpadding=\"0\">\n<tbody>\n<tr bgcolor=\"#E8EEFA\">\n<td class=\"petitencours\" width=\"8\"><\/td>\n<td><img loading=\"lazy\" decoding=\"async\" src=\"https:\/\/www.sia.aviation-civile.gouv.fr\/img\/ptrans.gif\" alt=\"\" width=\"8\" height=\"8\" \/><\/td>\n<td class=\"petitencours\" width=\"45\"><b>094\/15<\/b><\/td>\n<td class=\"petitencours\" width=\"155\"><b>Diffusion : <\/b>IFR &#8211; VFR<\/td>\n<td class=\"petitencours\" width=\"80\"><b>Poids : <\/b>1492Ko<\/td>\n<td class=\"petitencours\" width=\"20\"><img loading=\"lazy\" decoding=\"async\" src=\"https:\/\/www.sia.aviation-civile.gouv.fr\/img\/ptrans.gif\" alt=\"\" width=\"20\" height=\"1\" \/><\/td>\n<td class=\"petitencours\" width=\"244\"><b>Valide du <\/b><span class=\"petitencours\">26 JUN 2015<\/span><b> au <\/b><span class=\"petitencours\">28 JUN 2015<\/span><\/td>\n<\/tr>\n<\/tbody>\n<\/table>\n<table border=\"0\" width=\"552\" cellspacing=\"0\" cellpadding=\"0\">\n<tbody>\n<tr>\n<td bgcolor=\"#E8EEFA\" width=\"100%\"><\/td>\n<\/tr>\n<\/tbody>\n<\/table>\n<\/td>\n<\/tr>\n<tr bgcolor=\"#1345A4\">\n<td colspan=\"2\"><img loading=\"lazy\" decoding=\"async\" src=\"https:\/\/www.sia.aviation-civile.gouv.fr\/img\/ptrans.gif\" alt=\"\" width=\"1\" height=\"1\" \/><\/td>\n<\/tr>\n<tr>\n<td colspan=\"2\"><img loading=\"lazy\" decoding=\"async\" src=\"https:\/\/www.sia.aviation-civile.gouv.fr\/img\/ptrans.gif\" alt=\"\" width=\"1\" height=\"5\" \/><\/td>\n<\/tr>\n<tr>\n<td class=\"encours\" width=\"532\"><a href=\"https:\/\/www.sia.aviation-civile.gouv.fr\/dossier\/supaipmetro\/SUP_2015_090_FR.pdf\" target=\"_blank\">FIR Brest LFRR, AD Saint-Sulpice des Landes LFSS<\/a><\/td>\n<td rowspan=\"2\" align=\"center\" valign=\"middle\" width=\"20\"><img loading=\"lazy\" decoding=\"async\" src=\"https:\/\/www.sia.aviation-civile.gouv.fr\/img\/ptrans.gif\" alt=\"\" width=\"20\" height=\"30\" \/><\/td>\n<\/tr>\n<tr>\n<td class=\"encours\" width=\"532\">Cr\u00e9ation de deux zones r\u00e9glement\u00e9es temporaires (ZRT) en TMA Nantes et Rennes pour le Championnat de France de Vol \u00e0 Voile \u00e0 Saint-Sulpice des Landes LFSS<\/td>\n<\/tr>\n<tr>\n<td colspan=\"2\">\n<table border=\"0\" width=\"552\" cellspacing=\"0\" cellpadding=\"0\">\n<tbody>\n<tr bgcolor=\"#E8EEFA\">\n<td class=\"petitencours\" width=\"8\"><\/td>\n<td><img loading=\"lazy\" decoding=\"async\" src=\"https:\/\/www.sia.aviation-civile.gouv.fr\/img\/ptrans.gif\" alt=\"\" width=\"8\" height=\"8\" \/><\/td>\n<td class=\"petitencours\" width=\"45\"><b>090\/15<\/b><\/td>\n<td class=\"petitencours\" width=\"155\"><b>Diffusion : <\/b>IFR &#8211; VFR<\/td>\n<td class=\"petitencours\" width=\"80\"><b>Poids : <\/b>472Ko<\/td>\n<td class=\"petitencours\" width=\"20\"><img loading=\"lazy\" decoding=\"async\" src=\"https:\/\/www.sia.aviation-civile.gouv.fr\/img\/ptrans.gif\" alt=\"\" width=\"20\" height=\"1\" \/><\/td>\n<td class=\"petitencours\" width=\"244\"><b>Valide du <\/b><span class=\"petitencours\">15 JUL 2015<\/span><b> au <\/b><span class=\"petitencours\">25 JUL 2015<\/span><\/td>\n<\/tr>\n<\/tbody>\n<\/table>\n<table border=\"0\" width=\"552\" cellspacing=\"0\" cellpadding=\"0\">\n<tbody>\n<tr>\n<td bgcolor=\"#E8EEFA\" width=\"100%\"><\/td>\n<\/tr>\n<\/tbody>\n<\/table>\n<\/td>\n<\/tr>\n<tr bgcolor=\"#1345A4\">\n<td colspan=\"2\"><img loading=\"lazy\" decoding=\"async\" src=\"https:\/\/www.sia.aviation-civile.gouv.fr\/img\/ptrans.gif\" alt=\"\" width=\"1\" height=\"1\" \/><\/td>\n<\/tr>\n<tr>\n<td colspan=\"2\"><img loading=\"lazy\" decoding=\"async\" src=\"https:\/\/www.sia.aviation-civile.gouv.fr\/img\/ptrans.gif\" alt=\"\" width=\"1\" height=\"5\" \/><\/td>\n<\/tr>\n<tr>\n<td class=\"encours\" width=\"532\"><a href=\"https:\/\/www.sia.aviation-civile.gouv.fr\/dossier\/supaipmetro\/SUP_2015_088_FR.pdf\" target=\"_blank\">AD Lyon Saint Exup\u00e9ry LFLL<\/a><\/td>\n<td rowspan=\"2\" align=\"center\" valign=\"middle\" width=\"20\"><img loading=\"lazy\" decoding=\"async\" src=\"https:\/\/www.sia.aviation-civile.gouv.fr\/img\/ptrans.gif\" alt=\"\" width=\"20\" height=\"30\" \/><\/td>\n<\/tr>\n<tr>\n<td class=\"encours\" width=\"532\">Travaux de r\u00e9fection de la voie de circulation TJ sur l\u2019AD Lyon Saint Exup\u00e9ry LFLL<\/td>\n<\/tr>\n<tr>\n<td colspan=\"2\">\n<table border=\"0\" width=\"552\" cellspacing=\"0\" cellpadding=\"0\">\n<tbody>\n<tr bgcolor=\"#E8EEFA\">\n<td class=\"petitencours\" width=\"8\"><\/td>\n<td><img loading=\"lazy\" decoding=\"async\" src=\"https:\/\/www.sia.aviation-civile.gouv.fr\/img\/ptrans.gif\" alt=\"\" width=\"8\" height=\"8\" \/><\/td>\n<td class=\"petitencours\" width=\"45\"><b>088\/15<\/b><\/td>\n<td class=\"petitencours\" width=\"155\"><b>Diffusion : <\/b>IFR &#8211; VFR<\/td>\n<td class=\"petitencours\" width=\"80\"><b>Poids : <\/b>144Ko<\/td>\n<td class=\"petitencours\" width=\"20\"><img loading=\"lazy\" decoding=\"async\" src=\"https:\/\/www.sia.aviation-civile.gouv.fr\/img\/ptrans.gif\" alt=\"\" width=\"20\" height=\"1\" \/><\/td>\n<td class=\"petitencours\" width=\"244\"><b>Valide du <\/b><span class=\"petitencours\">13 JUL 2015<\/span><b> au <\/b><span class=\"petitencours\">30 SEP 2015<\/span><\/td>\n<\/tr>\n<\/tbody>\n<\/table>\n<table border=\"0\" width=\"552\" cellspacing=\"0\" cellpadding=\"0\">\n<tbody>\n<tr>\n<td bgcolor=\"#E8EEFA\" width=\"100%\"><\/td>\n<\/tr>\n<\/tbody>\n<\/table>\n<\/td>\n<\/tr>\n<tr bgcolor=\"#1345A4\">\n<td colspan=\"2\"><img loading=\"lazy\" decoding=\"async\" src=\"https:\/\/www.sia.aviation-civile.gouv.fr\/img\/ptrans.gif\" alt=\"\" width=\"1\" height=\"1\" \/><\/td>\n<\/tr>\n<tr>\n<td colspan=\"2\"><img loading=\"lazy\" decoding=\"async\" src=\"https:\/\/www.sia.aviation-civile.gouv.fr\/img\/ptrans.gif\" alt=\"\" width=\"1\" height=\"5\" \/><\/td>\n<\/tr>\n<tr>\n<td class=\"encours\" width=\"532\"><a href=\"https:\/\/www.sia.aviation-civile.gouv.fr\/dossier\/supaipmetro\/SUP_2015_086_FR.pdf\" target=\"_blank\">AD Toulouse Blagnac LFBO<\/a><\/td>\n<td rowspan=\"2\" align=\"center\" valign=\"middle\" width=\"20\"><img loading=\"lazy\" decoding=\"async\" src=\"https:\/\/www.sia.aviation-civile.gouv.fr\/img\/ptrans.gif\" alt=\"\" width=\"20\" height=\"30\" \/><\/td>\n<\/tr>\n<tr>\n<td class=\"encours\" width=\"532\">R\u00e9fection des voies de circulation avion P et T sur l\u2019AD Toulouse Blagnac LFBO<\/td>\n<\/tr>\n<tr>\n<td colspan=\"2\">\n<table border=\"0\" width=\"552\" cellspacing=\"0\" cellpadding=\"0\">\n<tbody>\n<tr bgcolor=\"#E8EEFA\">\n<td class=\"petitencours\" width=\"8\"><\/td>\n<td><img loading=\"lazy\" decoding=\"async\" src=\"https:\/\/www.sia.aviation-civile.gouv.fr\/img\/ptrans.gif\" alt=\"\" width=\"8\" height=\"8\" \/><\/td>\n<td class=\"petitencours\" width=\"45\"><b>086\/15<\/b><\/td>\n<td class=\"petitencours\" width=\"155\"><b>Diffusion : <\/b>IFR &#8211; VFR<\/td>\n<td class=\"petitencours\" width=\"80\"><b>Poids : <\/b>247Ko<\/td>\n<td class=\"petitencours\" width=\"20\"><img loading=\"lazy\" decoding=\"async\" src=\"https:\/\/www.sia.aviation-civile.gouv.fr\/img\/ptrans.gif\" alt=\"\" width=\"20\" height=\"1\" \/><\/td>\n<td class=\"petitencours\" width=\"244\"><b>Valide du <\/b><span class=\"petitencours\">29 JUN 2015<\/span><b> au <\/b><span class=\"petitencours\">23 SEP 2015<\/span><\/td>\n<\/tr>\n<\/tbody>\n<\/table>\n<table border=\"0\" width=\"552\" cellspacing=\"0\" cellpadding=\"0\">\n<tbody>\n<tr>\n<td bgcolor=\"#E8EEFA\" width=\"100%\"><\/td>\n<\/tr>\n<\/tbody>\n<\/table>\n<\/td>\n<\/tr>\n<tr bgcolor=\"#1345A4\">\n<td colspan=\"2\"><img loading=\"lazy\" decoding=\"async\" src=\"https:\/\/www.sia.aviation-civile.gouv.fr\/img\/ptrans.gif\" alt=\"\" width=\"1\" height=\"1\" \/><\/td>\n<\/tr>\n<tr>\n<td colspan=\"2\"><img loading=\"lazy\" decoding=\"async\" src=\"https:\/\/www.sia.aviation-civile.gouv.fr\/img\/ptrans.gif\" alt=\"\" width=\"1\" height=\"5\" \/><\/td>\n<\/tr>\n<tr>\n<td class=\"encours\" width=\"532\"><a href=\"https:\/\/www.sia.aviation-civile.gouv.fr\/dossier\/supaipmetro\/SUP_2015_085_FR.pdf\" target=\"_blank\">FIR Bordeaux LFBB<\/a><\/td>\n<td rowspan=\"2\" align=\"center\" valign=\"middle\" width=\"20\"><img loading=\"lazy\" decoding=\"async\" src=\"https:\/\/www.sia.aviation-civile.gouv.fr\/img\/ptrans.gif\" alt=\"\" width=\"20\" height=\"30\" \/><\/td>\n<\/tr>\n<tr>\n<td class=\"encours\" width=\"532\">Cr\u00e9ation de deux zones r\u00e9glement\u00e9es temporaires (ZRT) MARC EST et MARC OUEST dans la FIR Bordeaux LFBB<\/td>\n<\/tr>\n<tr>\n<td colspan=\"2\">\n<table border=\"0\" width=\"552\" cellspacing=\"0\" cellpadding=\"0\">\n<tbody>\n<tr bgcolor=\"#E8EEFA\">\n<td class=\"petitencours\" width=\"8\"><\/td>\n<td><img loading=\"lazy\" decoding=\"async\" src=\"https:\/\/www.sia.aviation-civile.gouv.fr\/img\/ptrans.gif\" alt=\"\" width=\"8\" height=\"8\" \/><\/td>\n<td class=\"petitencours\" width=\"45\"><b>085\/15<\/b><\/td>\n<td class=\"petitencours\" width=\"155\"><b>Diffusion : <\/b>IFR &#8211; VFR<\/td>\n<td class=\"petitencours\" width=\"80\"><b>Poids : <\/b>312Ko<\/td>\n<td class=\"petitencours\" width=\"20\"><img loading=\"lazy\" decoding=\"async\" src=\"https:\/\/www.sia.aviation-civile.gouv.fr\/img\/ptrans.gif\" alt=\"\" width=\"20\" height=\"1\" \/><\/td>\n<td class=\"petitencours\" width=\"244\"><b>Valide du <\/b><span class=\"petitencours\">28 MAY 2015<\/span><b> au <\/b><span class=\"petitencours\">25 NOV 2015<\/span><\/td>\n<\/tr>\n<\/tbody>\n<\/table>\n<table border=\"0\" width=\"552\" cellspacing=\"0\" cellpadding=\"0\">\n<tbody>\n<tr>\n<td bgcolor=\"#E8EEFA\" width=\"100%\"><\/td>\n<\/tr>\n<\/tbody>\n<\/table>\n<\/td>\n<\/tr>\n<tr bgcolor=\"#1345A4\">\n<td colspan=\"2\"><img loading=\"lazy\" decoding=\"async\" src=\"https:\/\/www.sia.aviation-civile.gouv.fr\/img\/ptrans.gif\" alt=\"\" width=\"1\" height=\"1\" \/><\/td>\n<\/tr>\n<tr>\n<td colspan=\"2\"><img loading=\"lazy\" decoding=\"async\" src=\"https:\/\/www.sia.aviation-civile.gouv.fr\/img\/ptrans.gif\" alt=\"\" width=\"1\" height=\"5\" \/><\/td>\n<\/tr>\n<tr>\n<td class=\"encours\" width=\"532\"><a href=\"https:\/\/www.sia.aviation-civile.gouv.fr\/dossier\/supaipmetro\/SUP_2015_084_FR.pdf\" target=\"_blank\">AD Nice C\u00f4te d\u2019Azur<\/a><\/td>\n<td rowspan=\"2\" align=\"center\" valign=\"middle\" width=\"20\"><img loading=\"lazy\" decoding=\"async\" src=\"https:\/\/www.sia.aviation-civile.gouv.fr\/img\/ptrans.gif\" alt=\"\" width=\"20\" height=\"30\" \/><\/td>\n<\/tr>\n<tr>\n<td class=\"encours\" width=\"532\">\u00c9valuation de Proc\u00e9dures d\u2019Approche en Descente Continue (CDO) pour l\u2019AD Nice C\u00f4te d\u2019Azur QFU 04<\/td>\n<\/tr>\n<tr>\n<td colspan=\"2\">\n<table border=\"0\" width=\"552\" cellspacing=\"0\" cellpadding=\"0\">\n<tbody>\n<tr bgcolor=\"#E8EEFA\">\n<td class=\"petitencours\" width=\"8\"><\/td>\n<td><img loading=\"lazy\" decoding=\"async\" src=\"https:\/\/www.sia.aviation-civile.gouv.fr\/img\/ptrans.gif\" alt=\"\" width=\"8\" height=\"8\" \/><\/td>\n<td class=\"petitencours\" width=\"45\"><b>084\/15<\/b><\/td>\n<td class=\"petitencours\" width=\"155\"><b>Diffusion : <\/b>IFR<\/td>\n<td class=\"petitencours\" width=\"80\"><b>Poids : <\/b>484Ko<\/td>\n<td class=\"petitencours\" width=\"20\"><img loading=\"lazy\" decoding=\"async\" src=\"https:\/\/www.sia.aviation-civile.gouv.fr\/img\/ptrans.gif\" alt=\"\" width=\"20\" height=\"1\" \/><\/td>\n<td class=\"petitencours\" width=\"244\"><b>Valide du <\/b><span class=\"petitencours\">25 JUN 2015<\/span><b> au <\/b><span class=\"petitencours\">24 DEC 2015<\/span><\/td>\n<\/tr>\n<\/tbody>\n<\/table>\n<table border=\"0\" width=\"552\" cellspacing=\"0\" cellpadding=\"0\">\n<tbody>\n<tr>\n<td bgcolor=\"#E8EEFA\" width=\"100%\"><\/td>\n<\/tr>\n<\/tbody>\n<\/table>\n<\/td>\n<\/tr>\n<tr bgcolor=\"#1345A4\">\n<td colspan=\"2\"><img loading=\"lazy\" decoding=\"async\" src=\"https:\/\/www.sia.aviation-civile.gouv.fr\/img\/ptrans.gif\" alt=\"\" width=\"1\" height=\"1\" \/><\/td>\n<\/tr>\n<tr>\n<td colspan=\"2\"><img loading=\"lazy\" decoding=\"async\" src=\"https:\/\/www.sia.aviation-civile.gouv.fr\/img\/ptrans.gif\" alt=\"\" width=\"1\" height=\"5\" \/><\/td>\n<\/tr>\n<tr>\n<td class=\"encours\" width=\"532\"><a href=\"https:\/\/www.sia.aviation-civile.gouv.fr\/dossier\/supaipmetro\/SUP_2015_083_FR.pdf\" target=\"_blank\">AD Bordeaux M\u00e9rignac LFBD<\/a><\/td>\n<td rowspan=\"2\" align=\"center\" valign=\"middle\" width=\"20\"><img loading=\"lazy\" decoding=\"async\" src=\"https:\/\/www.sia.aviation-civile.gouv.fr\/img\/ptrans.gif\" alt=\"\" width=\"20\" height=\"30\" \/><\/td>\n<\/tr>\n<tr>\n<td class=\"encours\" width=\"532\">Evaluation op\u00e9rationnelle approche \u00e0 vue RNAV VISUAL SOGBO RWY 05 \u00e0 Bordeaux M\u00e9rignac LFBD<\/td>\n<\/tr>\n<tr>\n<td colspan=\"2\">\n<table border=\"0\" width=\"552\" cellspacing=\"0\" cellpadding=\"0\">\n<tbody>\n<tr bgcolor=\"#E8EEFA\">\n<td class=\"petitencours\" width=\"8\"><\/td>\n<td><img loading=\"lazy\" decoding=\"async\" src=\"https:\/\/www.sia.aviation-civile.gouv.fr\/img\/ptrans.gif\" alt=\"\" width=\"8\" height=\"8\" \/><\/td>\n<td class=\"petitencours\" width=\"45\"><b>083\/15<\/b><\/td>\n<td class=\"petitencours\" width=\"155\"><b>Diffusion : <\/b>IFR<\/td>\n<td class=\"petitencours\" width=\"80\"><b>Poids : <\/b>221Ko<\/td>\n<td class=\"petitencours\" width=\"20\"><img loading=\"lazy\" decoding=\"async\" src=\"https:\/\/www.sia.aviation-civile.gouv.fr\/img\/ptrans.gif\" alt=\"\" width=\"20\" height=\"1\" \/><\/td>\n<td class=\"petitencours\" width=\"244\"><b>Valide du <\/b><span class=\"petitencours\">25 JUN 2015<\/span><b> au <\/b><span class=\"petitencours\">09 DEC 2015<\/span><\/td>\n<\/tr>\n<\/tbody>\n<\/table>\n<table border=\"0\" width=\"552\" cellspacing=\"0\" cellpadding=\"0\">\n<tbody>\n<tr>\n<td bgcolor=\"#E8EEFA\" width=\"100%\"><\/td>\n<\/tr>\n<\/tbody>\n<\/table>\n<\/td>\n<\/tr>\n<tr bgcolor=\"#1345A4\">\n<td colspan=\"2\"><img loading=\"lazy\" decoding=\"async\" src=\"https:\/\/www.sia.aviation-civile.gouv.fr\/img\/ptrans.gif\" alt=\"\" width=\"1\" height=\"1\" \/><\/td>\n<\/tr>\n<tr>\n<td colspan=\"2\"><img loading=\"lazy\" decoding=\"async\" src=\"https:\/\/www.sia.aviation-civile.gouv.fr\/img\/ptrans.gif\" alt=\"\" width=\"1\" height=\"5\" \/><\/td>\n<\/tr>\n<tr>\n<td class=\"encours\" width=\"532\"><a href=\"https:\/\/www.sia.aviation-civile.gouv.fr\/dossier\/supaipmetro\/SUP_2015_074_FR.pdf\" target=\"_blank\">FIR Bordeaux LFBB, AD P\u00e9rigueux Bassillac LFBX<\/a><\/td>\n<td rowspan=\"2\" align=\"center\" valign=\"middle\" width=\"20\"><img loading=\"lazy\" decoding=\"async\" src=\"https:\/\/www.sia.aviation-civile.gouv.fr\/img\/ptrans.gif\" alt=\"\" width=\"20\" height=\"30\" \/><\/td>\n<\/tr>\n<tr>\n<td class=\"encours\" width=\"532\">Cr\u00e9ation d\u2019une zone r\u00e9glement\u00e9e temporaire (ZRT) \u00e0 PERIGUEUX<\/td>\n<\/tr>\n<tr>\n<td colspan=\"2\">\n<table border=\"0\" width=\"552\" cellspacing=\"0\" cellpadding=\"0\">\n<tbody>\n<tr bgcolor=\"#E8EEFA\">\n<td class=\"petitencours\" width=\"8\"><\/td>\n<td><img loading=\"lazy\" decoding=\"async\" src=\"https:\/\/www.sia.aviation-civile.gouv.fr\/img\/ptrans.gif\" alt=\"\" width=\"8\" height=\"8\" \/><\/td>\n<td class=\"petitencours\" width=\"45\"><b>074\/15<\/b><\/td>\n<td class=\"petitencours\" width=\"155\"><b>Diffusion : <\/b>IFR &#8211; VFR<\/td>\n<td class=\"petitencours\" width=\"80\"><b>Poids : <\/b>400Ko<\/td>\n<td class=\"petitencours\" width=\"20\"><img loading=\"lazy\" decoding=\"async\" src=\"https:\/\/www.sia.aviation-civile.gouv.fr\/img\/ptrans.gif\" alt=\"\" width=\"20\" height=\"1\" \/><\/td>\n<td class=\"petitencours\" width=\"244\"><b>Valide du <\/b><span class=\"petitencours\">18 MAY 2015<\/span><b> au <\/b><span class=\"petitencours\">11 NOV 2015<\/span><\/td>\n<\/tr>\n<\/tbody>\n<\/table>\n<table border=\"0\" width=\"552\" cellspacing=\"0\" cellpadding=\"0\">\n<tbody>\n<tr>\n<td bgcolor=\"#E8EEFA\" width=\"100%\"><\/td>\n<\/tr>\n<\/tbody>\n<\/table>\n<\/td>\n<\/tr>\n<tr bgcolor=\"#1345A4\">\n<td colspan=\"2\"><img loading=\"lazy\" decoding=\"async\" src=\"https:\/\/www.sia.aviation-civile.gouv.fr\/img\/ptrans.gif\" alt=\"\" width=\"1\" height=\"1\" \/><\/td>\n<\/tr>\n<tr>\n<td colspan=\"2\"><img loading=\"lazy\" decoding=\"async\" src=\"https:\/\/www.sia.aviation-civile.gouv.fr\/img\/ptrans.gif\" alt=\"\" width=\"1\" height=\"5\" \/><\/td>\n<\/tr>\n<tr>\n<td class=\"encours\" width=\"532\"><a href=\"https:\/\/www.sia.aviation-civile.gouv.fr\/dossier\/supaipmetro\/SUP_2015_068_FR.pdf\" target=\"_blank\">AD Paris Orly LFPO<\/a><\/td>\n<td rowspan=\"2\" align=\"center\" valign=\"middle\" width=\"20\"><img loading=\"lazy\" decoding=\"async\" src=\"https:\/\/www.sia.aviation-civile.gouv.fr\/img\/ptrans.gif\" alt=\"\" width=\"20\" height=\"30\" \/><\/td>\n<\/tr>\n<tr>\n<td class=\"encours\" width=\"532\">D\u00e9voiement du taxiway W2 sur l\u2019AD Paris Orly LFPO<\/td>\n<\/tr>\n<tr>\n<td colspan=\"2\">\n<table border=\"0\" width=\"552\" cellspacing=\"0\" cellpadding=\"0\">\n<tbody>\n<tr bgcolor=\"#E8EEFA\">\n<td class=\"petitencours\" width=\"8\"><\/td>\n<td><img loading=\"lazy\" decoding=\"async\" src=\"https:\/\/www.sia.aviation-civile.gouv.fr\/img\/ptrans.gif\" alt=\"\" width=\"8\" height=\"8\" \/><\/td>\n<td class=\"petitencours\" width=\"45\"><b>068\/15<\/b><\/td>\n<td class=\"petitencours\" width=\"155\"><b>Diffusion : <\/b>IFR &#8211; VFR<\/td>\n<td class=\"petitencours\" width=\"80\"><b>Poids : <\/b>183Ko<\/td>\n<td class=\"petitencours\" width=\"20\"><img loading=\"lazy\" decoding=\"async\" src=\"https:\/\/www.sia.aviation-civile.gouv.fr\/img\/ptrans.gif\" alt=\"\" width=\"20\" height=\"1\" \/><\/td>\n<td class=\"petitencours\" width=\"244\"><b>Valide du <\/b><span class=\"petitencours\">15 JUN 2015<\/span><b> au <\/b><span class=\"petitencours\">17 SEP 2015<\/span><\/td>\n<\/tr>\n<\/tbody>\n<\/table>\n<table border=\"0\" width=\"552\" cellspacing=\"0\" cellpadding=\"0\">\n<tbody>\n<tr>\n<td bgcolor=\"#E8EEFA\" width=\"100%\"><\/td>\n<\/tr>\n<\/tbody>\n<\/table>\n<\/td>\n<\/tr>\n<tr bgcolor=\"#1345A4\">\n<td colspan=\"2\"><img loading=\"lazy\" decoding=\"async\" src=\"https:\/\/www.sia.aviation-civile.gouv.fr\/img\/ptrans.gif\" alt=\"\" width=\"1\" height=\"1\" \/><\/td>\n<\/tr>\n<tr>\n<td colspan=\"2\"><img loading=\"lazy\" decoding=\"async\" src=\"https:\/\/www.sia.aviation-civile.gouv.fr\/img\/ptrans.gif\" alt=\"\" width=\"1\" height=\"5\" \/><\/td>\n<\/tr>\n<tr>\n<td class=\"encours\" width=\"532\"><a href=\"https:\/\/www.sia.aviation-civile.gouv.fr\/dossier\/supaipmetro\/SUP_2015_067_FR.pdf\" target=\"_blank\">AD Paris Orly LFPO<\/a><\/td>\n<td rowspan=\"2\" align=\"center\" valign=\"middle\" width=\"20\"><img loading=\"lazy\" decoding=\"async\" src=\"https:\/\/www.sia.aviation-civile.gouv.fr\/img\/ptrans.gif\" alt=\"\" width=\"20\" height=\"30\" \/><\/td>\n<\/tr>\n<tr>\n<td class=\"encours\" width=\"532\">Mise en service du poste de stationnement avion temporaire D20 sur l\u2019AD Paris Orly LFPO<\/td>\n<\/tr>\n<tr>\n<td colspan=\"2\">\n<table border=\"0\" width=\"552\" cellspacing=\"0\" cellpadding=\"0\">\n<tbody>\n<tr bgcolor=\"#E8EEFA\">\n<td class=\"petitencours\" width=\"8\"><\/td>\n<td><img loading=\"lazy\" decoding=\"async\" src=\"https:\/\/www.sia.aviation-civile.gouv.fr\/img\/ptrans.gif\" alt=\"\" width=\"8\" height=\"8\" \/><\/td>\n<td class=\"petitencours\" width=\"45\"><b>067\/15<\/b><\/td>\n<td class=\"petitencours\" width=\"155\"><b>Diffusion : <\/b>IFR &#8211; VFR<\/td>\n<td class=\"petitencours\" width=\"80\"><b>Poids : <\/b>161Ko<\/td>\n<td class=\"petitencours\" width=\"20\"><img loading=\"lazy\" decoding=\"async\" src=\"https:\/\/www.sia.aviation-civile.gouv.fr\/img\/ptrans.gif\" alt=\"\" width=\"20\" height=\"1\" \/><\/td>\n<td class=\"petitencours\" width=\"244\"><b>Valide du <\/b><span class=\"petitencours\">28 MAY 2015<\/span><b> au <\/b><span class=\"petitencours\">06 JAN 2016<\/span><\/td>\n<\/tr>\n<\/tbody>\n<\/table>\n<table border=\"0\" width=\"552\" cellspacing=\"0\" cellpadding=\"0\">\n<tbody>\n<tr>\n<td bgcolor=\"#E8EEFA\" width=\"100%\"><\/td>\n<\/tr>\n<\/tbody>\n<\/table>\n<\/td>\n<\/tr>\n<tr bgcolor=\"#1345A4\">\n<td colspan=\"2\"><img loading=\"lazy\" decoding=\"async\" src=\"https:\/\/www.sia.aviation-civile.gouv.fr\/img\/ptrans.gif\" alt=\"\" width=\"1\" height=\"1\" \/><\/td>\n<\/tr>\n<tr>\n<td colspan=\"2\"><img loading=\"lazy\" decoding=\"async\" src=\"https:\/\/www.sia.aviation-civile.gouv.fr\/img\/ptrans.gif\" alt=\"\" width=\"1\" height=\"5\" \/><\/td>\n<\/tr>\n<tr>\n<td class=\"encours\" width=\"532\"><a href=\"https:\/\/www.sia.aviation-civile.gouv.fr\/dossier\/supaipmetro\/SUP_2015_066_FR.pdf\" target=\"_blank\">AD Marseille Provence LFML<\/a><\/td>\n<td rowspan=\"2\" align=\"center\" valign=\"middle\" width=\"20\"><img loading=\"lazy\" decoding=\"async\" src=\"https:\/\/www.sia.aviation-civile.gouv.fr\/img\/ptrans.gif\" alt=\"\" width=\"20\" height=\"30\" \/><\/td>\n<\/tr>\n<tr>\n<td class=\"encours\" width=\"532\">Modification des d\u00e9parts initiaux des SID FJR 3B et PPG 3B de l\u2019AD Marseille Provence LFML<\/td>\n<\/tr>\n<tr>\n<td colspan=\"2\">\n<table border=\"0\" width=\"552\" cellspacing=\"0\" cellpadding=\"0\">\n<tbody>\n<tr bgcolor=\"#E8EEFA\">\n<td class=\"petitencours\" width=\"8\"><\/td>\n<td><img loading=\"lazy\" decoding=\"async\" src=\"https:\/\/www.sia.aviation-civile.gouv.fr\/img\/ptrans.gif\" alt=\"\" width=\"8\" height=\"8\" \/><\/td>\n<td class=\"petitencours\" width=\"45\"><b>066\/15<\/b><\/td>\n<td class=\"petitencours\" width=\"155\"><b>Diffusion : <\/b>IFR<\/td>\n<td class=\"petitencours\" width=\"80\"><b>Poids : <\/b>281Ko<\/td>\n<td class=\"petitencours\" width=\"20\"><img loading=\"lazy\" decoding=\"async\" src=\"https:\/\/www.sia.aviation-civile.gouv.fr\/img\/ptrans.gif\" alt=\"\" width=\"20\" height=\"1\" \/><\/td>\n<td class=\"petitencours\" width=\"244\"><b>Valide du <\/b><span class=\"petitencours\">28 MAY 2015<\/span><b> au <\/b><span class=\"petitencours\">24 JUN 2015<\/span><\/td>\n<\/tr>\n<\/tbody>\n<\/table>\n<table border=\"0\" width=\"552\" cellspacing=\"0\" cellpadding=\"0\">\n<tbody>\n<tr>\n<td bgcolor=\"#E8EEFA\" width=\"100%\"><\/td>\n<\/tr>\n<\/tbody>\n<\/table>\n<\/td>\n<\/tr>\n<tr bgcolor=\"#1345A4\">\n<td colspan=\"2\"><img loading=\"lazy\" decoding=\"async\" src=\"https:\/\/www.sia.aviation-civile.gouv.fr\/img\/ptrans.gif\" alt=\"\" width=\"1\" height=\"1\" \/><\/td>\n<\/tr>\n<tr>\n<td colspan=\"2\"><img loading=\"lazy\" decoding=\"async\" src=\"https:\/\/www.sia.aviation-civile.gouv.fr\/img\/ptrans.gif\" alt=\"\" width=\"1\" height=\"5\" \/><\/td>\n<\/tr>\n<tr>\n<td class=\"encours\" width=\"532\"><a href=\"https:\/\/www.sia.aviation-civile.gouv.fr\/dossier\/supaipmetro\/SUP_2015_065_FR.pdf\" target=\"_blank\">AD Paris Charles de Gaulle LFPG<\/a><\/td>\n<td rowspan=\"2\" align=\"center\" valign=\"middle\" width=\"20\"><img loading=\"lazy\" decoding=\"async\" src=\"https:\/\/www.sia.aviation-civile.gouv.fr\/img\/ptrans.gif\" alt=\"\" width=\"20\" height=\"30\" \/><\/td>\n<\/tr>\n<tr>\n<td class=\"encours\" width=\"532\">Travaux d&rsquo;am\u00e9nagement d&rsquo;une sur-largeur sur la voie QB1 de l\u2019AD Paris Charles de Gaulle LFPG<\/td>\n<\/tr>\n<tr>\n<td colspan=\"2\">\n<table border=\"0\" width=\"552\" cellspacing=\"0\" cellpadding=\"0\">\n<tbody>\n<tr bgcolor=\"#E8EEFA\">\n<td class=\"petitencours\" width=\"8\"><\/td>\n<td><img loading=\"lazy\" decoding=\"async\" src=\"https:\/\/www.sia.aviation-civile.gouv.fr\/img\/ptrans.gif\" alt=\"\" width=\"8\" height=\"8\" \/><\/td>\n<td class=\"petitencours\" width=\"45\"><b>065\/15<\/b><\/td>\n<td class=\"petitencours\" width=\"155\"><b>Diffusion : <\/b>IFR &#8211; VFR<\/td>\n<td class=\"petitencours\" width=\"80\"><b>Poids : <\/b>174Ko<\/td>\n<td class=\"petitencours\" width=\"20\"><img loading=\"lazy\" decoding=\"async\" src=\"https:\/\/www.sia.aviation-civile.gouv.fr\/img\/ptrans.gif\" alt=\"\" width=\"20\" height=\"1\" \/><\/td>\n<td class=\"petitencours\" width=\"244\"><b>Valide du <\/b><span class=\"petitencours\">15 JUN 2015<\/span><b> au <\/b><span class=\"petitencours\">15 JUL 2015<\/span><\/td>\n<\/tr>\n<\/tbody>\n<\/table>\n<table border=\"0\" width=\"552\" cellspacing=\"0\" cellpadding=\"0\">\n<tbody>\n<tr>\n<td bgcolor=\"#E8EEFA\" width=\"100%\"><\/td>\n<\/tr>\n<\/tbody>\n<\/table>\n<\/td>\n<\/tr>\n<tr bgcolor=\"#1345A4\">\n<td colspan=\"2\"><img loading=\"lazy\" decoding=\"async\" src=\"https:\/\/www.sia.aviation-civile.gouv.fr\/img\/ptrans.gif\" alt=\"\" width=\"1\" height=\"1\" \/><\/td>\n<\/tr>\n<tr>\n<td colspan=\"2\"><img loading=\"lazy\" decoding=\"async\" src=\"https:\/\/www.sia.aviation-civile.gouv.fr\/img\/ptrans.gif\" alt=\"\" width=\"1\" height=\"5\" \/><\/td>\n<\/tr>\n<tr>\n<td class=\"encours\" width=\"532\"><a href=\"https:\/\/www.sia.aviation-civile.gouv.fr\/dossier\/supaipmetro\/SUP_2015_062_FR.pdf\" target=\"_blank\">AD Blois-Le Breuil LFOQ<\/a><\/td>\n<td rowspan=\"2\" align=\"center\" valign=\"middle\" width=\"20\"><img loading=\"lazy\" decoding=\"async\" src=\"https:\/\/www.sia.aviation-civile.gouv.fr\/img\/ptrans.gif\" alt=\"\" width=\"20\" height=\"30\" \/><\/td>\n<\/tr>\n<tr>\n<td class=\"encours\" width=\"532\">Mondial Air Paramoteur (MAP) 2015 : modifications des conditions d\u2019utilisation de l\u2019AD Blois-Le Breuil LFOQ<\/td>\n<\/tr>\n<tr>\n<td colspan=\"2\">\n<table border=\"0\" width=\"552\" cellspacing=\"0\" cellpadding=\"0\">\n<tbody>\n<tr bgcolor=\"#E8EEFA\">\n<td class=\"petitencours\" width=\"8\"><\/td>\n<td><img loading=\"lazy\" decoding=\"async\" src=\"https:\/\/www.sia.aviation-civile.gouv.fr\/img\/ptrans.gif\" alt=\"\" width=\"8\" height=\"8\" \/><\/td>\n<td class=\"petitencours\" width=\"45\"><b>062\/15<\/b><\/td>\n<td class=\"petitencours\" width=\"155\"><b>Diffusion : <\/b>IFR &#8211; VFR<\/td>\n<td class=\"petitencours\" width=\"80\"><b>Poids : <\/b>199Ko<\/td>\n<td class=\"petitencours\" width=\"20\"><img loading=\"lazy\" decoding=\"async\" src=\"https:\/\/www.sia.aviation-civile.gouv.fr\/img\/ptrans.gif\" alt=\"\" width=\"20\" height=\"1\" \/><\/td>\n<td class=\"petitencours\" width=\"244\"><b>Valide du <\/b><span class=\"petitencours\">19 JUN 2015<\/span><b> au <\/b><span class=\"petitencours\">21 JUN 2015<\/span><\/td>\n<\/tr>\n<\/tbody>\n<\/table>\n<table border=\"0\" width=\"552\" cellspacing=\"0\" cellpadding=\"0\">\n<tbody>\n<tr>\n<td bgcolor=\"#E8EEFA\" width=\"100%\"><\/td>\n<\/tr>\n<\/tbody>\n<\/table>\n<\/td>\n<\/tr>\n<tr bgcolor=\"#1345A4\">\n<td colspan=\"2\"><img loading=\"lazy\" decoding=\"async\" src=\"https:\/\/www.sia.aviation-civile.gouv.fr\/img\/ptrans.gif\" alt=\"\" width=\"1\" height=\"1\" \/><\/td>\n<\/tr>\n<tr>\n<td colspan=\"2\"><img loading=\"lazy\" decoding=\"async\" src=\"https:\/\/www.sia.aviation-civile.gouv.fr\/img\/ptrans.gif\" alt=\"\" width=\"1\" height=\"5\" \/><\/td>\n<\/tr>\n<tr>\n<td class=\"encours\" width=\"532\"><a href=\"https:\/\/www.sia.aviation-civile.gouv.fr\/dossier\/supaipmetro\/SUP_2015_060_FR.pdf\" target=\"_blank\">FIR Paris LFFF et AD : Paris Le Bourget LFPB, Paris Charles de Gaulle LFPG, Paris Orly LFPO, Paris Issy les Moulineaux LFPI, Villacoublay V\u00e9lizy LFPV, Chelles le Pin LFPH, Enghien Moisselles LFFE, Lognes Emerainville LFPL, Meaux Esbly LFPE, Toussus Le Nob<\/a><\/td>\n<td rowspan=\"2\" align=\"center\" valign=\"middle\" width=\"20\"><img loading=\"lazy\" decoding=\"async\" src=\"https:\/\/www.sia.aviation-civile.gouv.fr\/img\/ptrans.gif\" alt=\"\" width=\"20\" height=\"30\" \/><\/td>\n<\/tr>\n<tr>\n<td class=\"encours\" width=\"532\">51\u00e8me Salon International de l\u2019A\u00e9ronautique et de l\u2019Espace (SIAE) &#8211; Paris Le Bourget<\/td>\n<\/tr>\n<tr>\n<td colspan=\"2\">\n<table border=\"0\" width=\"552\" cellspacing=\"0\" cellpadding=\"0\">\n<tbody>\n<tr bgcolor=\"#E8EEFA\">\n<td class=\"petitencours\" width=\"8\"><\/td>\n<td><img loading=\"lazy\" decoding=\"async\" src=\"https:\/\/www.sia.aviation-civile.gouv.fr\/img\/ptrans.gif\" alt=\"\" width=\"8\" height=\"8\" \/><\/td>\n<td class=\"petitencours\" width=\"45\"><b>060\/15<\/b><\/td>\n<td class=\"petitencours\" width=\"155\"><b>Diffusion : <\/b>IFR &#8211; VFR<\/td>\n<td class=\"petitencours\" width=\"80\"><b>Poids : <\/b>1931Ko<\/td>\n<td class=\"petitencours\" width=\"20\"><img loading=\"lazy\" decoding=\"async\" src=\"https:\/\/www.sia.aviation-civile.gouv.fr\/img\/ptrans.gif\" alt=\"\" width=\"20\" height=\"1\" \/><\/td>\n<td class=\"petitencours\" width=\"244\"><b>Valide du <\/b><span class=\"petitencours\">10 JUN 2015<\/span><b> au <\/b><span class=\"petitencours\">22 JUN 2015<\/span><\/td>\n<\/tr>\n<\/tbody>\n<\/table>\n<table border=\"0\" width=\"552\" cellspacing=\"0\" cellpadding=\"0\">\n<tbody>\n<tr>\n<td bgcolor=\"#E8EEFA\" width=\"100%\"><\/td>\n<\/tr>\n<\/tbody>\n<\/table>\n<\/td>\n<\/tr>\n<tr bgcolor=\"#1345A4\">\n<td colspan=\"2\"><img loading=\"lazy\" decoding=\"async\" src=\"https:\/\/www.sia.aviation-civile.gouv.fr\/img\/ptrans.gif\" alt=\"\" width=\"1\" height=\"1\" \/><\/td>\n<\/tr>\n<tr>\n<td colspan=\"2\"><img loading=\"lazy\" decoding=\"async\" src=\"https:\/\/www.sia.aviation-civile.gouv.fr\/img\/ptrans.gif\" alt=\"\" width=\"1\" height=\"5\" \/><\/td>\n<\/tr>\n<tr>\n<td class=\"encours\" width=\"532\"><a href=\"https:\/\/www.sia.aviation-civile.gouv.fr\/dossier\/supaipmetro\/SUP_2015_050_FR.pdf\" target=\"_blank\">FIR Bordeaux LFBB et AD Bordeaux M\u00e9rignac LFBD<\/a><\/td>\n<td rowspan=\"2\" align=\"center\" valign=\"middle\" width=\"20\"><img loading=\"lazy\" decoding=\"async\" src=\"https:\/\/www.sia.aviation-civile.gouv.fr\/img\/ptrans.gif\" alt=\"\" width=\"20\" height=\"30\" \/><\/td>\n<\/tr>\n<tr>\n<td class=\"encours\" width=\"532\">Cr\u00e9ation de 2 Zones R\u00e9glement\u00e9es Temporaires (ZRT) 247 A et 247 B SOUGE dans la FIR Bordeaux LFBB<\/td>\n<\/tr>\n<tr>\n<td colspan=\"2\">\n<table border=\"0\" width=\"552\" cellspacing=\"0\" cellpadding=\"0\">\n<tbody>\n<tr bgcolor=\"#E8EEFA\">\n<td class=\"petitencours\" width=\"8\"><\/td>\n<td><img loading=\"lazy\" decoding=\"async\" src=\"https:\/\/www.sia.aviation-civile.gouv.fr\/img\/ptrans.gif\" alt=\"\" width=\"8\" height=\"8\" \/><\/td>\n<td class=\"petitencours\" width=\"45\"><b>050\/15<\/b><\/td>\n<td class=\"petitencours\" width=\"155\"><b>Diffusion : <\/b>IFR &#8211; VFR<\/td>\n<td class=\"petitencours\" width=\"80\"><b>Poids : <\/b>313Ko<\/td>\n<td class=\"petitencours\" width=\"20\"><img loading=\"lazy\" decoding=\"async\" src=\"https:\/\/www.sia.aviation-civile.gouv.fr\/img\/ptrans.gif\" alt=\"\" width=\"20\" height=\"1\" \/><\/td>\n<td class=\"petitencours\" width=\"244\"><b>Valide du <\/b><span class=\"petitencours\">02 APR 2015<\/span><b> au <\/b><span class=\"petitencours\">11 NOV 2015<\/span><\/td>\n<\/tr>\n<\/tbody>\n<\/table>\n<table border=\"0\" width=\"552\" cellspacing=\"0\" cellpadding=\"0\">\n<tbody>\n<tr>\n<td bgcolor=\"#E8EEFA\" width=\"100%\"><\/td>\n<\/tr>\n<\/tbody>\n<\/table>\n<\/td>\n<\/tr>\n<tr bgcolor=\"#1345A4\">\n<td colspan=\"2\"><img loading=\"lazy\" decoding=\"async\" src=\"https:\/\/www.sia.aviation-civile.gouv.fr\/img\/ptrans.gif\" alt=\"\" width=\"1\" height=\"1\" \/><\/td>\n<\/tr>\n<tr>\n<td colspan=\"2\"><img loading=\"lazy\" decoding=\"async\" src=\"https:\/\/www.sia.aviation-civile.gouv.fr\/img\/ptrans.gif\" alt=\"\" width=\"1\" height=\"5\" \/><\/td>\n<\/tr>\n<tr>\n<td class=\"encours\" width=\"532\"><a href=\"https:\/\/www.sia.aviation-civile.gouv.fr\/dossier\/supaipmetro\/SUP_2015_047_FR.pdf\" target=\"_blank\">FIR Bordeaux LFBB, AD Limoges LFBL<\/a><\/td>\n<td rowspan=\"2\" align=\"center\" valign=\"middle\" width=\"20\"><img loading=\"lazy\" decoding=\"async\" src=\"https:\/\/www.sia.aviation-civile.gouv.fr\/img\/ptrans.gif\" alt=\"\" width=\"20\" height=\"30\" \/><\/td>\n<\/tr>\n<tr>\n<td class=\"encours\" width=\"532\">Cr\u00e9ation de 2 zones r\u00e9glement\u00e9es temporaires (ZRT) UAV 1A et 1B dans la r\u00e9gion de Limoges<\/td>\n<\/tr>\n<tr>\n<td colspan=\"2\">\n<table border=\"0\" width=\"552\" cellspacing=\"0\" cellpadding=\"0\">\n<tbody>\n<tr bgcolor=\"#E8EEFA\">\n<td class=\"petitencours\" width=\"8\"><\/td>\n<td><img loading=\"lazy\" decoding=\"async\" src=\"https:\/\/www.sia.aviation-civile.gouv.fr\/img\/ptrans.gif\" alt=\"\" width=\"8\" height=\"8\" \/><\/td>\n<td class=\"petitencours\" width=\"45\"><b>047\/15<\/b><\/td>\n<td class=\"petitencours\" width=\"155\"><b>Diffusion : <\/b>IFR &#8211; VFR<\/td>\n<td class=\"petitencours\" width=\"80\"><b>Poids : <\/b>533Ko<\/td>\n<td class=\"petitencours\" width=\"20\"><img loading=\"lazy\" decoding=\"async\" src=\"https:\/\/www.sia.aviation-civile.gouv.fr\/img\/ptrans.gif\" alt=\"\" width=\"20\" height=\"1\" \/><\/td>\n<td class=\"petitencours\" width=\"244\"><b>Valide du <\/b><span class=\"petitencours\">02 APR 2015<\/span><b> au <\/b><span class=\"petitencours\">11 NOV 2015<\/span><\/td>\n<\/tr>\n<\/tbody>\n<\/table>\n<table border=\"0\" width=\"552\" cellspacing=\"0\" cellpadding=\"0\">\n<tbody>\n<tr>\n<td bgcolor=\"#E8EEFA\" width=\"100%\"><\/td>\n<\/tr>\n<\/tbody>\n<\/table>\n<\/td>\n<\/tr>\n<tr bgcolor=\"#1345A4\">\n<td colspan=\"2\"><img loading=\"lazy\" decoding=\"async\" src=\"https:\/\/www.sia.aviation-civile.gouv.fr\/img\/ptrans.gif\" alt=\"\" width=\"1\" height=\"1\" \/><\/td>\n<\/tr>\n<tr>\n<td colspan=\"2\"><img loading=\"lazy\" decoding=\"async\" src=\"https:\/\/www.sia.aviation-civile.gouv.fr\/img\/ptrans.gif\" alt=\"\" width=\"1\" height=\"5\" \/><\/td>\n<\/tr>\n<tr>\n<td class=\"encours\" width=\"532\"><a href=\"https:\/\/www.sia.aviation-civile.gouv.fr\/dossier\/supaipmetro\/SUP_2015_046_FR.pdf\" target=\"_blank\">FIR Bordeaux LFBB, AD Royan-M\u00e9dis LFCY<\/a><\/td>\n<td rowspan=\"2\" align=\"center\" valign=\"middle\" width=\"20\"><img loading=\"lazy\" decoding=\"async\" src=\"https:\/\/www.sia.aviation-civile.gouv.fr\/img\/ptrans.gif\" alt=\"\" width=\"20\" height=\"30\" \/><\/td>\n<\/tr>\n<tr>\n<td class=\"encours\" width=\"532\">Cr\u00e9ation de 2 zones r\u00e9glement\u00e9es temporaires (ZRT) au profit des DRONES bas\u00e9s \u00e0 Cognac<\/td>\n<\/tr>\n<tr>\n<td colspan=\"2\">\n<table border=\"0\" width=\"552\" cellspacing=\"0\" cellpadding=\"0\">\n<tbody>\n<tr bgcolor=\"#E8EEFA\">\n<td class=\"petitencours\" width=\"8\"><\/td>\n<td><img loading=\"lazy\" decoding=\"async\" src=\"https:\/\/www.sia.aviation-civile.gouv.fr\/img\/ptrans.gif\" alt=\"\" width=\"8\" height=\"8\" \/><\/td>\n<td class=\"petitencours\" width=\"45\"><b>046\/15<\/b><\/td>\n<td class=\"petitencours\" width=\"155\"><b>Diffusion : <\/b>IFR &#8211; VFR<\/td>\n<td class=\"petitencours\" width=\"80\"><b>Poids : <\/b>319Ko<\/td>\n<td class=\"petitencours\" width=\"20\"><img loading=\"lazy\" decoding=\"async\" src=\"https:\/\/www.sia.aviation-civile.gouv.fr\/img\/ptrans.gif\" alt=\"\" width=\"20\" height=\"1\" \/><\/td>\n<td class=\"petitencours\" width=\"244\"><b>Valide du <\/b><span class=\"petitencours\">02 APR 2015<\/span><b> au <\/b><span class=\"petitencours\">11 NOV 2015<\/span><\/td>\n<\/tr>\n<\/tbody>\n<\/table>\n<table border=\"0\" width=\"552\" cellspacing=\"0\" cellpadding=\"0\">\n<tbody>\n<tr>\n<td bgcolor=\"#E8EEFA\" width=\"100%\"><\/td>\n<\/tr>\n<\/tbody>\n<\/table>\n<\/td>\n<\/tr>\n<tr bgcolor=\"#1345A4\">\n<td colspan=\"2\"><img loading=\"lazy\" decoding=\"async\" src=\"https:\/\/www.sia.aviation-civile.gouv.fr\/img\/ptrans.gif\" alt=\"\" width=\"1\" height=\"1\" \/><\/td>\n<\/tr>\n<tr>\n<td colspan=\"2\"><img loading=\"lazy\" decoding=\"async\" src=\"https:\/\/www.sia.aviation-civile.gouv.fr\/img\/ptrans.gif\" alt=\"\" width=\"1\" height=\"5\" \/><\/td>\n<\/tr>\n<tr>\n<td class=\"encours\" width=\"532\"><a href=\"https:\/\/www.sia.aviation-civile.gouv.fr\/dossier\/supaipmetro\/SUP_2015_045_FR.pdf\" target=\"_blank\">FIR Bordeaux LFBB, AD Royan Medis LFCY<\/a><\/td>\n<td rowspan=\"2\" align=\"center\" valign=\"middle\" width=\"20\"><img loading=\"lazy\" decoding=\"async\" src=\"https:\/\/www.sia.aviation-civile.gouv.fr\/img\/ptrans.gif\" alt=\"\" width=\"20\" height=\"30\" \/><\/td>\n<\/tr>\n<tr>\n<td class=\"encours\" width=\"532\">Cr\u00e9ation d\u2019une zone r\u00e9glement\u00e9e temporaire ZRT NA dans la r\u00e9gion de Bordeaux &#8211; Royan<\/td>\n<\/tr>\n<tr>\n<td colspan=\"2\">\n<table border=\"0\" width=\"552\" cellspacing=\"0\" cellpadding=\"0\">\n<tbody>\n<tr bgcolor=\"#E8EEFA\">\n<td class=\"petitencours\" width=\"8\"><\/td>\n<td><img loading=\"lazy\" decoding=\"async\" src=\"https:\/\/www.sia.aviation-civile.gouv.fr\/img\/ptrans.gif\" alt=\"\" width=\"8\" height=\"8\" \/><\/td>\n<td class=\"petitencours\" width=\"45\"><b>045\/15<\/b><\/td>\n<td class=\"petitencours\" width=\"155\"><b>Diffusion : <\/b>IFR &#8211; VFR<\/td>\n<td class=\"petitencours\" width=\"80\"><b>Poids : <\/b>333Ko<\/td>\n<td class=\"petitencours\" width=\"20\"><img loading=\"lazy\" decoding=\"async\" src=\"https:\/\/www.sia.aviation-civile.gouv.fr\/img\/ptrans.gif\" alt=\"\" width=\"20\" height=\"1\" \/><\/td>\n<td class=\"petitencours\" width=\"244\"><b>Valide du <\/b><span class=\"petitencours\">02 APR 2015<\/span><b> au <\/b><span class=\"petitencours\">11 NOV 2015<\/span><\/td>\n<\/tr>\n<\/tbody>\n<\/table>\n<table border=\"0\" width=\"552\" cellspacing=\"0\" cellpadding=\"0\">\n<tbody>\n<tr>\n<td bgcolor=\"#E8EEFA\" width=\"100%\"><\/td>\n<\/tr>\n<\/tbody>\n<\/table>\n<\/td>\n<\/tr>\n<tr bgcolor=\"#1345A4\">\n<td colspan=\"2\"><img loading=\"lazy\" decoding=\"async\" src=\"https:\/\/www.sia.aviation-civile.gouv.fr\/img\/ptrans.gif\" alt=\"\" width=\"1\" height=\"1\" \/><\/td>\n<\/tr>\n<tr>\n<td colspan=\"2\"><img loading=\"lazy\" decoding=\"async\" src=\"https:\/\/www.sia.aviation-civile.gouv.fr\/img\/ptrans.gif\" alt=\"\" width=\"1\" height=\"5\" \/><\/td>\n<\/tr>\n<tr>\n<td class=\"encours\" width=\"532\"><a href=\"https:\/\/www.sia.aviation-civile.gouv.fr\/dossier\/supaipmetro\/SUP_2015_044_FR.pdf\" target=\"_blank\">AD Chamb\u00e9ry Aix les Bains LFLB<\/a><\/td>\n<td rowspan=\"2\" align=\"center\" valign=\"middle\" width=\"20\"><img loading=\"lazy\" decoding=\"async\" src=\"https:\/\/www.sia.aviation-civile.gouv.fr\/img\/ptrans.gif\" alt=\"\" width=\"20\" height=\"30\" \/><\/td>\n<\/tr>\n<tr>\n<td class=\"encours\" width=\"532\">Cr\u00e9ation d\u2019une hydro surface sur le Lac du Bourget (AD Chamb\u00e9ry Aix les Bains LFLB)<\/td>\n<\/tr>\n<tr>\n<td colspan=\"2\">\n<table border=\"0\" width=\"552\" cellspacing=\"0\" cellpadding=\"0\">\n<tbody>\n<tr bgcolor=\"#E8EEFA\">\n<td class=\"petitencours\" width=\"8\"><\/td>\n<td><img loading=\"lazy\" decoding=\"async\" src=\"https:\/\/www.sia.aviation-civile.gouv.fr\/img\/ptrans.gif\" alt=\"\" width=\"8\" height=\"8\" \/><\/td>\n<td class=\"petitencours\" width=\"45\"><b>044\/15<\/b><\/td>\n<td class=\"petitencours\" width=\"155\"><b>Diffusion : <\/b>VFR<\/td>\n<td class=\"petitencours\" width=\"80\"><b>Poids : <\/b>346Ko<\/td>\n<td class=\"petitencours\" width=\"20\"><img loading=\"lazy\" decoding=\"async\" src=\"https:\/\/www.sia.aviation-civile.gouv.fr\/img\/ptrans.gif\" alt=\"\" width=\"20\" height=\"1\" \/><\/td>\n<td class=\"petitencours\" width=\"244\"><b>Valide du <\/b><span class=\"petitencours\">20 APR 2015<\/span><b> au <\/b><span class=\"petitencours\">11 DEC 2015<\/span><\/td>\n<\/tr>\n<\/tbody>\n<\/table>\n<table border=\"0\" width=\"552\" cellspacing=\"0\" cellpadding=\"0\">\n<tbody>\n<tr>\n<td bgcolor=\"#E8EEFA\" width=\"100%\"><\/td>\n<\/tr>\n<\/tbody>\n<\/table>\n<\/td>\n<\/tr>\n<tr bgcolor=\"#1345A4\">\n<td colspan=\"2\"><img loading=\"lazy\" decoding=\"async\" src=\"https:\/\/www.sia.aviation-civile.gouv.fr\/img\/ptrans.gif\" alt=\"\" width=\"1\" height=\"1\" \/><\/td>\n<\/tr>\n<tr>\n<td colspan=\"2\"><img loading=\"lazy\" decoding=\"async\" src=\"https:\/\/www.sia.aviation-civile.gouv.fr\/img\/ptrans.gif\" alt=\"\" width=\"1\" height=\"5\" \/><\/td>\n<\/tr>\n<tr>\n<td class=\"encours\" width=\"532\"><a href=\"https:\/\/www.sia.aviation-civile.gouv.fr\/dossier\/supaipmetro\/SUP_2015_042_FR.pdf\" target=\"_blank\">FIR Paris LFFF, AD Enghien Moisselles LFFE<\/a><\/td>\n<td rowspan=\"2\" align=\"center\" valign=\"middle\" width=\"20\"><img loading=\"lazy\" decoding=\"async\" src=\"https:\/\/www.sia.aviation-civile.gouv.fr\/img\/ptrans.gif\" alt=\"\" width=\"20\" height=\"30\" \/><\/td>\n<\/tr>\n<tr>\n<td class=\"encours\" width=\"532\">Cr\u00e9ation d\u2019une zone r\u00e9glement\u00e9e temporaire (ZRT) en CTR et zone LF-R 275 PARIS<\/td>\n<\/tr>\n<tr>\n<td colspan=\"2\">\n<table border=\"0\" width=\"552\" cellspacing=\"0\" cellpadding=\"0\">\n<tbody>\n<tr bgcolor=\"#E8EEFA\">\n<td class=\"petitencours\" width=\"8\"><\/td>\n<td><img loading=\"lazy\" decoding=\"async\" src=\"https:\/\/www.sia.aviation-civile.gouv.fr\/img\/ptrans.gif\" alt=\"\" width=\"8\" height=\"8\" \/><\/td>\n<td class=\"petitencours\" width=\"45\"><b>042\/15<\/b><\/td>\n<td class=\"petitencours\" width=\"155\"><b>Diffusion : <\/b>IFR &#8211; VFR<\/td>\n<td class=\"petitencours\" width=\"80\"><b>Poids : <\/b>507Ko<\/td>\n<td class=\"petitencours\" width=\"20\"><img loading=\"lazy\" decoding=\"async\" src=\"https:\/\/www.sia.aviation-civile.gouv.fr\/img\/ptrans.gif\" alt=\"\" width=\"20\" height=\"1\" \/><\/td>\n<td class=\"petitencours\" width=\"244\"><b>Valide du <\/b><span class=\"petitencours\">02 APR 2015<\/span><b> au <\/b><span class=\"petitencours\">11 NOV 2015<\/span><\/td>\n<\/tr>\n<\/tbody>\n<\/table>\n<table border=\"0\" width=\"552\" cellspacing=\"0\" cellpadding=\"0\">\n<tbody>\n<tr>\n<td bgcolor=\"#E8EEFA\" width=\"100%\"><\/td>\n<\/tr>\n<\/tbody>\n<\/table>\n<\/td>\n<\/tr>\n<tr bgcolor=\"#1345A4\">\n<td colspan=\"2\"><img loading=\"lazy\" decoding=\"async\" src=\"https:\/\/www.sia.aviation-civile.gouv.fr\/img\/ptrans.gif\" alt=\"\" width=\"1\" height=\"1\" \/><\/td>\n<\/tr>\n<tr>\n<td colspan=\"2\"><img loading=\"lazy\" decoding=\"async\" src=\"https:\/\/www.sia.aviation-civile.gouv.fr\/img\/ptrans.gif\" alt=\"\" width=\"1\" height=\"5\" \/><\/td>\n<\/tr>\n<tr>\n<td class=\"encours\" width=\"532\"><a href=\"https:\/\/www.sia.aviation-civile.gouv.fr\/dossier\/supaipmetro\/SUP_2015_041_FR.pdf\" target=\"_blank\">FIR Paris LFFF<\/a><\/td>\n<td rowspan=\"2\" align=\"center\" valign=\"middle\" width=\"20\"><img loading=\"lazy\" decoding=\"async\" src=\"https:\/\/www.sia.aviation-civile.gouv.fr\/img\/ptrans.gif\" alt=\"\" width=\"20\" height=\"30\" \/><\/td>\n<\/tr>\n<tr>\n<td class=\"encours\" width=\"532\">Cr\u00e9ation d\u2019une zone r\u00e9glement\u00e9e temporaire (ZRT) en r\u00e9gion parisienne (ZRT veille 120.075 MHz) (FIR Paris LFFF)<\/td>\n<\/tr>\n<tr>\n<td colspan=\"2\">\n<table border=\"0\" width=\"552\" cellspacing=\"0\" cellpadding=\"0\">\n<tbody>\n<tr bgcolor=\"#E8EEFA\">\n<td class=\"petitencours\" width=\"8\"><\/td>\n<td><img loading=\"lazy\" decoding=\"async\" src=\"https:\/\/www.sia.aviation-civile.gouv.fr\/img\/ptrans.gif\" alt=\"\" width=\"8\" height=\"8\" \/><\/td>\n<td class=\"petitencours\" width=\"45\"><b>041\/15<\/b><\/td>\n<td class=\"petitencours\" width=\"155\"><b>Diffusion : <\/b>VFR<\/td>\n<td class=\"petitencours\" width=\"80\"><b>Poids : <\/b>945Ko<\/td>\n<td class=\"petitencours\" width=\"20\"><img loading=\"lazy\" decoding=\"async\" src=\"https:\/\/www.sia.aviation-civile.gouv.fr\/img\/ptrans.gif\" alt=\"\" width=\"20\" height=\"1\" \/><\/td>\n<td class=\"petitencours\" width=\"244\"><b>Valide du <\/b><span class=\"petitencours\">02 APR 2015<\/span><b> au <\/b><span class=\"petitencours\">11 NOV 2015<\/span><\/td>\n<\/tr>\n<\/tbody>\n<\/table>\n<table border=\"0\" width=\"552\" cellspacing=\"0\" cellpadding=\"0\">\n<tbody>\n<tr>\n<td bgcolor=\"#E8EEFA\" width=\"100%\"><\/td>\n<\/tr>\n<\/tbody>\n<\/table>\n<\/td>\n<\/tr>\n<tr bgcolor=\"#1345A4\">\n<td colspan=\"2\"><img loading=\"lazy\" decoding=\"async\" src=\"https:\/\/www.sia.aviation-civile.gouv.fr\/img\/ptrans.gif\" alt=\"\" width=\"1\" height=\"1\" \/><\/td>\n<\/tr>\n<tr>\n<td colspan=\"2\"><img loading=\"lazy\" decoding=\"async\" src=\"https:\/\/www.sia.aviation-civile.gouv.fr\/img\/ptrans.gif\" alt=\"\" width=\"1\" height=\"5\" \/><\/td>\n<\/tr>\n<tr>\n<td class=\"encours\" width=\"532\"><a href=\"https:\/\/www.sia.aviation-civile.gouv.fr\/dossier\/supaipmetro\/SUP_2015_040_FR.pdf\" target=\"_blank\">UIR France<\/a><\/td>\n<td rowspan=\"2\" align=\"center\" valign=\"middle\" width=\"20\"><img loading=\"lazy\" decoding=\"async\" src=\"https:\/\/www.sia.aviation-civile.gouv.fr\/img\/ptrans.gif\" alt=\"\" width=\"20\" height=\"30\" \/><\/td>\n<\/tr>\n<tr>\n<td class=\"encours\" width=\"532\">Utilisation de routes conditionnelles (CDR) lors des journ\u00e9es particuli\u00e8rement charg\u00e9es et des jours planifi\u00e9s d\u2019inactivit\u00e9 D\u00e9fense en UIR France<\/td>\n<\/tr>\n<tr>\n<td colspan=\"2\">\n<table border=\"0\" width=\"552\" cellspacing=\"0\" cellpadding=\"0\">\n<tbody>\n<tr bgcolor=\"#E8EEFA\">\n<td class=\"petitencours\" width=\"8\"><\/td>\n<td><img loading=\"lazy\" decoding=\"async\" src=\"https:\/\/www.sia.aviation-civile.gouv.fr\/img\/ptrans.gif\" alt=\"\" width=\"8\" height=\"8\" \/><\/td>\n<td class=\"petitencours\" width=\"45\"><b>040\/15<\/b><\/td>\n<td class=\"petitencours\" width=\"155\"><b>Diffusion : <\/b>IFR<\/td>\n<td class=\"petitencours\" width=\"80\"><b>Poids : <\/b>114Ko<\/td>\n<td class=\"petitencours\" width=\"20\"><img loading=\"lazy\" decoding=\"async\" src=\"https:\/\/www.sia.aviation-civile.gouv.fr\/img\/ptrans.gif\" alt=\"\" width=\"20\" height=\"1\" \/><\/td>\n<td class=\"petitencours\" width=\"244\"><b>Valide du <\/b><span class=\"petitencours\">30 APR 2015<\/span><b> au <\/b><span class=\"petitencours\">23 OCT 2015<\/span><\/td>\n<\/tr>\n<\/tbody>\n<\/table>\n<table border=\"0\" width=\"552\" cellspacing=\"0\" cellpadding=\"0\">\n<tbody>\n<tr>\n<td bgcolor=\"#E8EEFA\" width=\"100%\"><\/td>\n<\/tr>\n<\/tbody>\n<\/table>\n<\/td>\n<\/tr>\n<tr bgcolor=\"#1345A4\">\n<td colspan=\"2\"><img loading=\"lazy\" decoding=\"async\" src=\"https:\/\/www.sia.aviation-civile.gouv.fr\/img\/ptrans.gif\" alt=\"\" width=\"1\" height=\"1\" \/><\/td>\n<\/tr>\n<tr>\n<td colspan=\"2\"><img loading=\"lazy\" decoding=\"async\" src=\"https:\/\/www.sia.aviation-civile.gouv.fr\/img\/ptrans.gif\" alt=\"\" width=\"1\" height=\"5\" \/><\/td>\n<\/tr>\n<tr>\n<td class=\"encours\" width=\"532\"><a href=\"https:\/\/www.sia.aviation-civile.gouv.fr\/dossier\/supaipmetro\/SUP_2015_039_FR.pdf\" target=\"_blank\">AD Saint Cyr L\u2019Ecole LFPZ<\/a><\/td>\n<td rowspan=\"2\" align=\"center\" valign=\"middle\" width=\"20\"><img loading=\"lazy\" decoding=\"async\" src=\"https:\/\/www.sia.aviation-civile.gouv.fr\/img\/ptrans.gif\" alt=\"\" width=\"20\" height=\"30\" \/><\/td>\n<\/tr>\n<tr>\n<td class=\"encours\" width=\"532\">Modification \u00e0 titre exp\u00e9rimental du circuit h\u00e9licopt\u00e8res et des consignes particuli\u00e8res de l\u2019AD Saint Cyr L\u2019Ecole LFPZ<\/td>\n<\/tr>\n<tr>\n<td colspan=\"2\">\n<table border=\"0\" width=\"552\" cellspacing=\"0\" cellpadding=\"0\">\n<tbody>\n<tr bgcolor=\"#E8EEFA\">\n<td class=\"petitencours\" width=\"8\"><\/td>\n<td><img loading=\"lazy\" decoding=\"async\" src=\"https:\/\/www.sia.aviation-civile.gouv.fr\/img\/ptrans.gif\" alt=\"\" width=\"8\" height=\"8\" \/><\/td>\n<td class=\"petitencours\" width=\"45\"><b>039\/15<\/b><\/td>\n<td class=\"petitencours\" width=\"155\"><b>Diffusion : <\/b>VFR<\/td>\n<td class=\"petitencours\" width=\"80\"><b>Poids : <\/b>259Ko<\/td>\n<td class=\"petitencours\" width=\"20\"><img loading=\"lazy\" decoding=\"async\" src=\"https:\/\/www.sia.aviation-civile.gouv.fr\/img\/ptrans.gif\" alt=\"\" width=\"20\" height=\"1\" \/><\/td>\n<td class=\"petitencours\" width=\"244\"><b>Valide du <\/b><span class=\"petitencours\">30 APR 2015<\/span><b> au <\/b><span class=\"petitencours\">16 SEP 2015<\/span><\/td>\n<\/tr>\n<\/tbody>\n<\/table>\n<table border=\"0\" width=\"552\" cellspacing=\"0\" cellpadding=\"0\">\n<tbody>\n<tr>\n<td bgcolor=\"#E8EEFA\" width=\"100%\"><\/td>\n<\/tr>\n<\/tbody>\n<\/table>\n<\/td>\n<\/tr>\n<tr bgcolor=\"#1345A4\">\n<td colspan=\"2\"><img loading=\"lazy\" decoding=\"async\" src=\"https:\/\/www.sia.aviation-civile.gouv.fr\/img\/ptrans.gif\" alt=\"\" width=\"1\" height=\"1\" \/><\/td>\n<\/tr>\n<tr>\n<td colspan=\"2\"><img loading=\"lazy\" decoding=\"async\" src=\"https:\/\/www.sia.aviation-civile.gouv.fr\/img\/ptrans.gif\" alt=\"\" width=\"1\" height=\"5\" \/><\/td>\n<\/tr>\n<tr>\n<td class=\"encours\" width=\"532\"><a href=\"https:\/\/www.sia.aviation-civile.gouv.fr\/dossier\/supaipmetro\/SUP_2015_036_FR.pdf\" target=\"_blank\">FIR Marseille LFMM<\/a><\/td>\n<td rowspan=\"2\" align=\"center\" valign=\"middle\" width=\"20\"><img loading=\"lazy\" decoding=\"async\" src=\"https:\/\/www.sia.aviation-civile.gouv.fr\/img\/ptrans.gif\" alt=\"\" width=\"20\" height=\"30\" \/><\/td>\n<\/tr>\n<tr>\n<td class=\"encours\" width=\"532\">Cr\u00e9ation d\u2019une zone r\u00e9glement\u00e9e temporaire (ZRT) au profit d\u2019AIRBUS HELICOPTERS en FIR Marseille LFMM<\/td>\n<\/tr>\n<tr>\n<td colspan=\"2\">\n<table border=\"0\" width=\"552\" cellspacing=\"0\" cellpadding=\"0\">\n<tbody>\n<tr bgcolor=\"#E8EEFA\">\n<td class=\"petitencours\" width=\"8\"><\/td>\n<td><img loading=\"lazy\" decoding=\"async\" src=\"https:\/\/www.sia.aviation-civile.gouv.fr\/img\/ptrans.gif\" alt=\"\" width=\"8\" height=\"8\" \/><\/td>\n<td class=\"petitencours\" width=\"45\"><b>036\/15<\/b><\/td>\n<td class=\"petitencours\" width=\"155\"><b>Diffusion : <\/b>IFR &#8211; VFR<\/td>\n<td class=\"petitencours\" width=\"80\"><b>Poids : <\/b>425Ko<\/td>\n<td class=\"petitencours\" width=\"20\"><img loading=\"lazy\" decoding=\"async\" src=\"https:\/\/www.sia.aviation-civile.gouv.fr\/img\/ptrans.gif\" alt=\"\" width=\"20\" height=\"1\" \/><\/td>\n<td class=\"petitencours\" width=\"244\"><b>Valide du <\/b><span class=\"petitencours\">19 MAR 2015<\/span><b> au <\/b><span class=\"petitencours\">20 JUL 2015<\/span><\/td>\n<\/tr>\n<\/tbody>\n<\/table>\n<table border=\"0\" width=\"552\" cellspacing=\"0\" cellpadding=\"0\">\n<tbody>\n<tr>\n<td bgcolor=\"#E8EEFA\" width=\"100%\"><\/td>\n<\/tr>\n<\/tbody>\n<\/table>\n<\/td>\n<\/tr>\n<tr bgcolor=\"#1345A4\">\n<td colspan=\"2\"><img loading=\"lazy\" decoding=\"async\" src=\"https:\/\/www.sia.aviation-civile.gouv.fr\/img\/ptrans.gif\" alt=\"\" width=\"1\" height=\"1\" \/><\/td>\n<\/tr>\n<tr>\n<td colspan=\"2\"><img loading=\"lazy\" decoding=\"async\" src=\"https:\/\/www.sia.aviation-civile.gouv.fr\/img\/ptrans.gif\" alt=\"\" width=\"1\" height=\"5\" \/><\/td>\n<\/tr>\n<tr>\n<td class=\"encours\" width=\"532\"><a href=\"https:\/\/www.sia.aviation-civile.gouv.fr\/dossier\/supaipmetro\/SUP_2015_027_FR.pdf\" target=\"_blank\">FIR Marseille LFMM<\/a><\/td>\n<td rowspan=\"2\" align=\"center\" valign=\"middle\" width=\"20\"><img loading=\"lazy\" decoding=\"async\" src=\"https:\/\/www.sia.aviation-civile.gouv.fr\/img\/ptrans.gif\" alt=\"\" width=\"20\" height=\"30\" \/><\/td>\n<\/tr>\n<tr>\n<td class=\"encours\" width=\"532\">Cr\u00e9ation d\u2019une zone r\u00e9glement\u00e9e temporaire (ZRT) BEAUDUC dans la r\u00e9gion d\u2019Istres (FIR Marseille LFMM)<\/td>\n<\/tr>\n<tr>\n<td colspan=\"2\">\n<table border=\"0\" width=\"552\" cellspacing=\"0\" cellpadding=\"0\">\n<tbody>\n<tr bgcolor=\"#E8EEFA\">\n<td class=\"petitencours\" width=\"8\"><\/td>\n<td><img loading=\"lazy\" decoding=\"async\" src=\"https:\/\/www.sia.aviation-civile.gouv.fr\/img\/ptrans.gif\" alt=\"\" width=\"8\" height=\"8\" \/><\/td>\n<td class=\"petitencours\" width=\"45\"><b>027\/15<\/b><\/td>\n<td class=\"petitencours\" width=\"155\"><b>Diffusion : <\/b>IFR &#8211; VFR<\/td>\n<td class=\"petitencours\" width=\"80\"><b>Poids : <\/b>1785Ko<\/td>\n<td class=\"petitencours\" width=\"20\"><img loading=\"lazy\" decoding=\"async\" src=\"https:\/\/www.sia.aviation-civile.gouv.fr\/img\/ptrans.gif\" alt=\"\" width=\"20\" height=\"1\" \/><\/td>\n<td class=\"petitencours\" width=\"244\"><b>Valide du <\/b><span class=\"petitencours\">05 MAR 2015<\/span><b> au <\/b><span class=\"petitencours\">19 AUG 2015<\/span><\/td>\n<\/tr>\n<\/tbody>\n<\/table>\n<table border=\"0\" width=\"552\" cellspacing=\"0\" cellpadding=\"0\">\n<tbody>\n<tr>\n<td bgcolor=\"#E8EEFA\" width=\"100%\"><\/td>\n<\/tr>\n<\/tbody>\n<\/table>\n<\/td>\n<\/tr>\n<tr bgcolor=\"#1345A4\">\n<td colspan=\"2\"><img loading=\"lazy\" decoding=\"async\" src=\"https:\/\/www.sia.aviation-civile.gouv.fr\/img\/ptrans.gif\" alt=\"\" width=\"1\" height=\"1\" \/><\/td>\n<\/tr>\n<tr>\n<td colspan=\"2\"><img loading=\"lazy\" decoding=\"async\" src=\"https:\/\/www.sia.aviation-civile.gouv.fr\/img\/ptrans.gif\" alt=\"\" width=\"1\" height=\"5\" \/><\/td>\n<\/tr>\n<tr>\n<td class=\"encours\" width=\"532\"><a href=\"https:\/\/www.sia.aviation-civile.gouv.fr\/dossier\/supaipmetro\/SUP_2015_026_FR.pdf\" target=\"_blank\">FIR Reims LFEE, AD Colmar Houssen LFGA<\/a><\/td>\n<td rowspan=\"2\" align=\"center\" valign=\"middle\" width=\"20\"><img loading=\"lazy\" decoding=\"async\" src=\"https:\/\/www.sia.aviation-civile.gouv.fr\/img\/ptrans.gif\" alt=\"\" width=\"20\" height=\"30\" \/><\/td>\n<\/tr>\n<tr>\n<td class=\"encours\" width=\"532\">Cr\u00e9ation de 2 zones dangereuses temporaires \u00ab ZDT FRONHOLZ \u00bb en FIR Reims LFEE<\/td>\n<\/tr>\n<tr>\n<td colspan=\"2\">\n<table border=\"0\" width=\"552\" cellspacing=\"0\" cellpadding=\"0\">\n<tbody>\n<tr bgcolor=\"#E8EEFA\">\n<td class=\"petitencours\" width=\"8\"><\/td>\n<td><img loading=\"lazy\" decoding=\"async\" src=\"https:\/\/www.sia.aviation-civile.gouv.fr\/img\/ptrans.gif\" alt=\"\" width=\"8\" height=\"8\" \/><\/td>\n<td class=\"petitencours\" width=\"45\"><b>026\/15<\/b><\/td>\n<td class=\"petitencours\" width=\"155\"><b>Diffusion : <\/b>IFR &#8211; VFR<\/td>\n<td class=\"petitencours\" width=\"80\"><b>Poids : <\/b>1356Ko<\/td>\n<td class=\"petitencours\" width=\"20\"><img loading=\"lazy\" decoding=\"async\" src=\"https:\/\/www.sia.aviation-civile.gouv.fr\/img\/ptrans.gif\" alt=\"\" width=\"20\" height=\"1\" \/><\/td>\n<td class=\"petitencours\" width=\"244\"><b>Valide du <\/b><span class=\"petitencours\">05 MAR 2015<\/span><b> au <\/b><span class=\"petitencours\">10 NOV 2015<\/span><\/td>\n<\/tr>\n<\/tbody>\n<\/table>\n<table border=\"0\" width=\"552\" cellspacing=\"0\" cellpadding=\"0\">\n<tbody>\n<tr>\n<td bgcolor=\"#E8EEFA\" width=\"100%\"><\/td>\n<\/tr>\n<\/tbody>\n<\/table>\n<\/td>\n<\/tr>\n<tr bgcolor=\"#1345A4\">\n<td colspan=\"2\"><img loading=\"lazy\" decoding=\"async\" src=\"https:\/\/www.sia.aviation-civile.gouv.fr\/img\/ptrans.gif\" alt=\"\" width=\"1\" height=\"1\" \/><\/td>\n<\/tr>\n<tr>\n<td colspan=\"2\"><img loading=\"lazy\" decoding=\"async\" src=\"https:\/\/www.sia.aviation-civile.gouv.fr\/img\/ptrans.gif\" alt=\"\" width=\"1\" height=\"5\" \/><\/td>\n<\/tr>\n<tr>\n<td class=\"encours\" width=\"532\"><a href=\"https:\/\/www.sia.aviation-civile.gouv.fr\/dossier\/supaipmetro\/SUP_2015_021_FR.pdf\" target=\"_blank\">AD B\u00e2le Mulhouse LFSB<\/a><\/td>\n<td rowspan=\"2\" align=\"center\" valign=\"middle\" width=\"20\"><img loading=\"lazy\" decoding=\"async\" src=\"https:\/\/www.sia.aviation-civile.gouv.fr\/img\/ptrans.gif\" alt=\"\" width=\"20\" height=\"30\" \/><\/td>\n<\/tr>\n<tr>\n<td class=\"encours\" width=\"532\">Mise en oeuvre pour \u00e9valuation de l\u2019exploitation de proc\u00e9dures en descente continue (CDO) RWY 15 \u00e0 l\u2019AD B\u00e2le Mulhouse LFSB<\/td>\n<\/tr>\n<tr>\n<td colspan=\"2\">\n<table border=\"0\" width=\"552\" cellspacing=\"0\" cellpadding=\"0\">\n<tbody>\n<tr bgcolor=\"#E8EEFA\">\n<td class=\"petitencours\" width=\"8\"><\/td>\n<td><img loading=\"lazy\" decoding=\"async\" src=\"https:\/\/www.sia.aviation-civile.gouv.fr\/img\/ptrans.gif\" alt=\"\" width=\"8\" height=\"8\" \/><\/td>\n<td class=\"petitencours\" width=\"45\"><b>021\/15<\/b><\/td>\n<td class=\"petitencours\" width=\"155\"><b>Diffusion : <\/b>IFR<\/td>\n<td class=\"petitencours\" width=\"80\"><b>Poids : <\/b>219Ko<\/td>\n<td class=\"petitencours\" width=\"20\"><img loading=\"lazy\" decoding=\"async\" src=\"https:\/\/www.sia.aviation-civile.gouv.fr\/img\/ptrans.gif\" alt=\"\" width=\"20\" height=\"1\" \/><\/td>\n<td class=\"petitencours\" width=\"244\"><b>Valide du <\/b><span class=\"petitencours\">02 APR 2015<\/span><b> au <\/b><span class=\"petitencours\">09 DEC 2015<\/span><\/td>\n<\/tr>\n<\/tbody>\n<\/table>\n<table border=\"0\" width=\"552\" cellspacing=\"0\" cellpadding=\"0\">\n<tbody>\n<tr>\n<td bgcolor=\"#E8EEFA\" width=\"100%\"><\/td>\n<\/tr>\n<\/tbody>\n<\/table>\n<\/td>\n<\/tr>\n<tr bgcolor=\"#1345A4\">\n<td colspan=\"2\"><img loading=\"lazy\" decoding=\"async\" src=\"https:\/\/www.sia.aviation-civile.gouv.fr\/img\/ptrans.gif\" alt=\"\" width=\"1\" height=\"1\" \/><\/td>\n<\/tr>\n<tr>\n<td colspan=\"2\"><img loading=\"lazy\" decoding=\"async\" src=\"https:\/\/www.sia.aviation-civile.gouv.fr\/img\/ptrans.gif\" alt=\"\" width=\"1\" height=\"5\" \/><\/td>\n<\/tr>\n<tr>\n<td class=\"encours\" width=\"532\"><a href=\"https:\/\/www.sia.aviation-civile.gouv.fr\/dossier\/supaipmetro\/SUP_2015_020_FR.pdf\" target=\"_blank\">FIR Bordeaux LFBB, AD Biarritz Bayonne Anglet LFBZ<\/a><\/td>\n<td rowspan=\"2\" align=\"center\" valign=\"middle\" width=\"20\"><img loading=\"lazy\" decoding=\"async\" src=\"https:\/\/www.sia.aviation-civile.gouv.fr\/img\/ptrans.gif\" alt=\"\" width=\"20\" height=\"30\" \/><\/td>\n<\/tr>\n<tr>\n<td class=\"encours\" width=\"532\">Cr\u00e9ation d\u2019une zone r\u00e9glement\u00e9e temporaire (ZRT) San Sebastian et d\u00e9sactivation de la partie fran\u00e7aise de la CTR San Sebastian<\/td>\n<\/tr>\n<tr>\n<td colspan=\"2\">\n<table border=\"0\" width=\"552\" cellspacing=\"0\" cellpadding=\"0\">\n<tbody>\n<tr bgcolor=\"#E8EEFA\">\n<td class=\"petitencours\" width=\"8\"><\/td>\n<td><img loading=\"lazy\" decoding=\"async\" src=\"https:\/\/www.sia.aviation-civile.gouv.fr\/img\/ptrans.gif\" alt=\"\" width=\"8\" height=\"8\" \/><\/td>\n<td class=\"petitencours\" width=\"45\"><b>020\/15<\/b><\/td>\n<td class=\"petitencours\" width=\"155\"><b>Diffusion : <\/b>IFR &#8211; VFR<\/td>\n<td class=\"petitencours\" width=\"80\"><b>Poids : <\/b>497Ko<\/td>\n<td class=\"petitencours\" width=\"20\"><img loading=\"lazy\" decoding=\"async\" src=\"https:\/\/www.sia.aviation-civile.gouv.fr\/img\/ptrans.gif\" alt=\"\" width=\"20\" height=\"1\" \/><\/td>\n<td class=\"petitencours\" width=\"244\"><b>Valide du <\/b><span class=\"petitencours\">05 MAR 2015<\/span><b> au <\/b><span class=\"petitencours\">11 NOV 2015<\/span><\/td>\n<\/tr>\n<\/tbody>\n<\/table>\n<table border=\"0\" width=\"552\" cellspacing=\"0\" cellpadding=\"0\">\n<tbody>\n<tr>\n<td bgcolor=\"#E8EEFA\" width=\"100%\"><\/td>\n<\/tr>\n<\/tbody>\n<\/table>\n<\/td>\n<\/tr>\n<tr bgcolor=\"#1345A4\">\n<td colspan=\"2\"><img loading=\"lazy\" decoding=\"async\" src=\"https:\/\/www.sia.aviation-civile.gouv.fr\/img\/ptrans.gif\" alt=\"\" width=\"1\" height=\"1\" \/><\/td>\n<\/tr>\n<tr>\n<td colspan=\"2\"><img loading=\"lazy\" decoding=\"async\" src=\"https:\/\/www.sia.aviation-civile.gouv.fr\/img\/ptrans.gif\" alt=\"\" width=\"1\" height=\"5\" \/><\/td>\n<\/tr>\n<tr>\n<td class=\"encours\" width=\"532\"><a href=\"https:\/\/www.sia.aviation-civile.gouv.fr\/dossier\/supaipmetro\/SUP_2015_012_FR.pdf\" target=\"_blank\">AD Figari Sud Corse LFKF<\/a><\/td>\n<td rowspan=\"2\" align=\"center\" valign=\"middle\" width=\"20\"><img loading=\"lazy\" decoding=\"async\" src=\"https:\/\/www.sia.aviation-civile.gouv.fr\/img\/ptrans.gif\" alt=\"\" width=\"20\" height=\"30\" \/><\/td>\n<\/tr>\n<tr>\n<td class=\"encours\" width=\"532\">Proc\u00e9dures SID AD Figari Sud Corse LFKF sans VOR\/DME FGI<\/td>\n<\/tr>\n<tr>\n<td colspan=\"2\">\n<table border=\"0\" width=\"552\" cellspacing=\"0\" cellpadding=\"0\">\n<tbody>\n<tr bgcolor=\"#E8EEFA\">\n<td class=\"petitencours\" width=\"8\"><\/td>\n<td><img loading=\"lazy\" decoding=\"async\" src=\"https:\/\/www.sia.aviation-civile.gouv.fr\/img\/ptrans.gif\" alt=\"\" width=\"8\" height=\"8\" \/><\/td>\n<td class=\"petitencours\" width=\"45\"><b>012\/15<\/b><\/td>\n<td class=\"petitencours\" width=\"155\"><b>Diffusion : <\/b>IFR<\/td>\n<td class=\"petitencours\" width=\"80\"><b>Poids : <\/b>175Ko<\/td>\n<td class=\"petitencours\" width=\"20\"><img loading=\"lazy\" decoding=\"async\" src=\"https:\/\/www.sia.aviation-civile.gouv.fr\/img\/ptrans.gif\" alt=\"\" width=\"20\" height=\"1\" \/><\/td>\n<td class=\"petitencours\" width=\"244\"><b>Valide du <\/b><span class=\"petitencours\">05 FEB 2015<\/span><b> au <\/b><span class=\"petitencours\">19 AUG 2015<\/span><\/td>\n<\/tr>\n<\/tbody>\n<\/table>\n<table border=\"0\" width=\"552\" cellspacing=\"0\" cellpadding=\"0\">\n<tbody>\n<tr>\n<td bgcolor=\"#E8EEFA\" width=\"100%\"><\/td>\n<\/tr>\n<\/tbody>\n<\/table>\n<\/td>\n<\/tr>\n<tr bgcolor=\"#1345A4\">\n<td colspan=\"2\"><img loading=\"lazy\" decoding=\"async\" src=\"https:\/\/www.sia.aviation-civile.gouv.fr\/img\/ptrans.gif\" alt=\"\" width=\"1\" height=\"1\" \/><\/td>\n<\/tr>\n<tr>\n<td colspan=\"2\"><img loading=\"lazy\" decoding=\"async\" src=\"https:\/\/www.sia.aviation-civile.gouv.fr\/img\/ptrans.gif\" alt=\"\" width=\"1\" height=\"5\" \/><\/td>\n<\/tr>\n<tr>\n<td class=\"encours\" width=\"532\"><a href=\"https:\/\/www.sia.aviation-civile.gouv.fr\/dossier\/supaipmetro\/SUP_2015_010_FR.pdf\" target=\"_blank\">FIR Marseille LFMM, AD Saint-Yan LFLN<\/a><\/td>\n<td rowspan=\"2\" align=\"center\" valign=\"middle\" width=\"20\"><img loading=\"lazy\" decoding=\"async\" src=\"https:\/\/www.sia.aviation-civile.gouv.fr\/img\/ptrans.gif\" alt=\"\" width=\"20\" height=\"30\" \/><\/td>\n<\/tr>\n<tr>\n<td class=\"encours\" width=\"532\">Cr\u00e9ation d\u2019une zone r\u00e9glement\u00e9e temporaire (ZRT) sur l\u2019AD Saint-Yan LFLN au profit de vols t\u00e9l\u00e9pilot\u00e9s non habit\u00e9s<\/td>\n<\/tr>\n<tr>\n<td colspan=\"2\">\n<table border=\"0\" width=\"552\" cellspacing=\"0\" cellpadding=\"0\">\n<tbody>\n<tr bgcolor=\"#E8EEFA\">\n<td class=\"petitencours\" width=\"8\"><\/td>\n<td><img loading=\"lazy\" decoding=\"async\" src=\"https:\/\/www.sia.aviation-civile.gouv.fr\/img\/ptrans.gif\" alt=\"\" width=\"8\" height=\"8\" \/><\/td>\n<td class=\"petitencours\" width=\"45\"><b>010\/15<\/b><\/td>\n<td class=\"petitencours\" width=\"155\"><b>Diffusion : <\/b>IFR &#8211; VFR<\/td>\n<td class=\"petitencours\" width=\"80\"><b>Poids : <\/b>465Ko<\/td>\n<td class=\"petitencours\" width=\"20\"><img loading=\"lazy\" decoding=\"async\" src=\"https:\/\/www.sia.aviation-civile.gouv.fr\/img\/ptrans.gif\" alt=\"\" width=\"20\" height=\"1\" \/><\/td>\n<td class=\"petitencours\" width=\"244\"><b>Valide du <\/b><span class=\"petitencours\">05 FEB 2015<\/span><b> au <\/b><span class=\"petitencours\">31 DEC 2015<\/span><\/td>\n<\/tr>\n<\/tbody>\n<\/table>\n<table border=\"0\" width=\"552\" cellspacing=\"0\" cellpadding=\"0\">\n<tbody>\n<tr>\n<td bgcolor=\"#E8EEFA\" width=\"100%\"><\/td>\n<\/tr>\n<\/tbody>\n<\/table>\n<\/td>\n<\/tr>\n<tr bgcolor=\"#1345A4\">\n<td colspan=\"2\"><img loading=\"lazy\" decoding=\"async\" src=\"https:\/\/www.sia.aviation-civile.gouv.fr\/img\/ptrans.gif\" alt=\"\" width=\"1\" height=\"1\" \/><\/td>\n<\/tr>\n<tr>\n<td colspan=\"2\"><img loading=\"lazy\" decoding=\"async\" src=\"https:\/\/www.sia.aviation-civile.gouv.fr\/img\/ptrans.gif\" alt=\"\" width=\"1\" height=\"5\" \/><\/td>\n<\/tr>\n<tr>\n<td class=\"encours\" width=\"532\"><a href=\"https:\/\/www.sia.aviation-civile.gouv.fr\/dossier\/supaipmetro\/SUP_2014_228_FR.pdf\" target=\"_blank\">UIR France<\/a><\/td>\n<td rowspan=\"2\" align=\"center\" valign=\"middle\" width=\"20\"><img loading=\"lazy\" decoding=\"async\" src=\"https:\/\/www.sia.aviation-civile.gouv.fr\/img\/ptrans.gif\" alt=\"\" width=\"20\" height=\"30\" \/><\/td>\n<\/tr>\n<tr>\n<td class=\"encours\" width=\"532\">Cr\u00e9ation de 2 zones dangereuses temporaires (ZDT) OHP ALPHA et OHP BRAVO en UIR France<\/td>\n<\/tr>\n<tr>\n<td colspan=\"2\">\n<table border=\"0\" width=\"552\" cellspacing=\"0\" cellpadding=\"0\">\n<tbody>\n<tr bgcolor=\"#E8EEFA\">\n<td class=\"petitencours\" width=\"8\"><\/td>\n<td><img loading=\"lazy\" decoding=\"async\" src=\"https:\/\/www.sia.aviation-civile.gouv.fr\/img\/ptrans.gif\" alt=\"\" width=\"8\" height=\"8\" \/><\/td>\n<td class=\"petitencours\" width=\"45\"><b>228\/14<\/b><\/td>\n<td class=\"petitencours\" width=\"155\"><b>Diffusion : <\/b>IFR<\/td>\n<td class=\"petitencours\" width=\"80\"><b>Poids : <\/b>225Ko<\/td>\n<td class=\"petitencours\" width=\"20\"><img loading=\"lazy\" decoding=\"async\" src=\"https:\/\/www.sia.aviation-civile.gouv.fr\/img\/ptrans.gif\" alt=\"\" width=\"20\" height=\"1\" \/><\/td>\n<td class=\"petitencours\" width=\"244\"><b>Valide du <\/b><span class=\"petitencours\">01 JAN 2015<\/span><b> au <\/b><span class=\"petitnouveau\">05 JUL 2015<\/span><\/td>\n<\/tr>\n<\/tbody>\n<\/table>\n<table border=\"0\" width=\"552\" cellspacing=\"0\" cellpadding=\"0\">\n<tbody>\n<tr>\n<td bgcolor=\"#E8EEFA\" width=\"100%\"><\/td>\n<\/tr>\n<\/tbody>\n<\/table>\n<\/td>\n<\/tr>\n<tr bgcolor=\"#1345A4\">\n<td colspan=\"2\"><img loading=\"lazy\" decoding=\"async\" src=\"https:\/\/www.sia.aviation-civile.gouv.fr\/img\/ptrans.gif\" alt=\"\" width=\"1\" height=\"1\" \/><\/td>\n<\/tr>\n<tr>\n<td colspan=\"2\"><img loading=\"lazy\" decoding=\"async\" src=\"https:\/\/www.sia.aviation-civile.gouv.fr\/img\/ptrans.gif\" alt=\"\" width=\"1\" height=\"5\" \/><\/td>\n<\/tr>\n<tr>\n<td class=\"encours\" width=\"532\"><a href=\"https:\/\/www.sia.aviation-civile.gouv.fr\/dossier\/supaipmetro\/SUP_2014_227_FR.pdf\" target=\"_blank\">FIR Bordeaux LFBB et AD : Mont De Marsan LFBM, Nogaro LFCN, Aire sur l\u2019Adour LFDA, Condom Valence sur Ba\u00efse LFID<\/a><\/td>\n<td rowspan=\"2\" align=\"center\" valign=\"middle\" width=\"20\"><img loading=\"lazy\" decoding=\"async\" src=\"https:\/\/www.sia.aviation-civile.gouv.fr\/img\/ptrans.gif\" alt=\"\" width=\"20\" height=\"30\" \/><\/td>\n<\/tr>\n<tr>\n<td class=\"encours\" width=\"532\">Cr\u00e9ation de trois zones r\u00e9glement\u00e9es temporaires (ZRT) au profit d\u2019activit\u00e9 Vol \u00e0 Voile dans les zones de Mont de Marsan<\/td>\n<\/tr>\n<tr>\n<td colspan=\"2\">\n<table border=\"0\" width=\"552\" cellspacing=\"0\" cellpadding=\"0\">\n<tbody>\n<tr bgcolor=\"#E8EEFA\">\n<td class=\"petitencours\" width=\"8\"><\/td>\n<td><img loading=\"lazy\" decoding=\"async\" src=\"https:\/\/www.sia.aviation-civile.gouv.fr\/img\/ptrans.gif\" alt=\"\" width=\"8\" height=\"8\" \/><\/td>\n<td class=\"petitencours\" width=\"45\"><b>227\/14<\/b><\/td>\n<td class=\"petitencours\" width=\"155\"><b>Diffusion : <\/b>IFR &#8211; VFR<\/td>\n<td class=\"petitencours\" width=\"80\"><b>Poids : <\/b>594Ko<\/td>\n<td class=\"petitencours\" width=\"20\"><img loading=\"lazy\" decoding=\"async\" src=\"https:\/\/www.sia.aviation-civile.gouv.fr\/img\/ptrans.gif\" alt=\"\" width=\"20\" height=\"1\" \/><\/td>\n<td class=\"petitencours\" width=\"244\"><b>Valide du <\/b><span class=\"petitencours\">01 JAN 2015<\/span><b> au <\/b><span class=\"petitencours\">30 JUN 2015<\/span><\/td>\n<\/tr>\n<\/tbody>\n<\/table>\n<table border=\"0\" width=\"552\" cellspacing=\"0\" cellpadding=\"0\">\n<tbody>\n<tr>\n<td bgcolor=\"#E8EEFA\" width=\"100%\"><\/td>\n<\/tr>\n<\/tbody>\n<\/table>\n<\/td>\n<\/tr>\n<tr bgcolor=\"#1345A4\">\n<td colspan=\"2\"><img loading=\"lazy\" decoding=\"async\" src=\"https:\/\/www.sia.aviation-civile.gouv.fr\/img\/ptrans.gif\" alt=\"\" width=\"1\" height=\"1\" \/><\/td>\n<\/tr>\n<tr>\n<td colspan=\"2\"><img loading=\"lazy\" decoding=\"async\" src=\"https:\/\/www.sia.aviation-civile.gouv.fr\/img\/ptrans.gif\" alt=\"\" width=\"1\" height=\"5\" \/><\/td>\n<\/tr>\n<tr>\n<td class=\"encours\" width=\"532\"><a href=\"https:\/\/www.sia.aviation-civile.gouv.fr\/dossier\/supaipmetro\/SUP_2014_208_FR.pdf\" target=\"_blank\">FIR Reims LFEE, AD Nancy Ochey LFSO<\/a><\/td>\n<td rowspan=\"2\" align=\"center\" valign=\"middle\" width=\"20\"><img loading=\"lazy\" decoding=\"async\" src=\"https:\/\/www.sia.aviation-civile.gouv.fr\/img\/ptrans.gif\" alt=\"\" width=\"20\" height=\"30\" \/><\/td>\n<\/tr>\n<tr>\n<td class=\"encours\" width=\"532\">Cr\u00e9ation d\u2019une zone dangereuse temporaire (ZDT) Bois l\u2019Ev\u00eaque<\/td>\n<\/tr>\n<tr>\n<td colspan=\"2\">\n<table border=\"0\" width=\"552\" cellspacing=\"0\" cellpadding=\"0\">\n<tbody>\n<tr bgcolor=\"#E8EEFA\">\n<td class=\"petitencours\" width=\"8\"><\/td>\n<td><img loading=\"lazy\" decoding=\"async\" src=\"https:\/\/www.sia.aviation-civile.gouv.fr\/img\/ptrans.gif\" alt=\"\" width=\"8\" height=\"8\" \/><\/td>\n<td class=\"petitencours\" width=\"45\"><b>208\/14<\/b><\/td>\n<td class=\"petitencours\" width=\"155\"><b>Diffusion : <\/b>IFR &#8211; VFR<\/td>\n<td class=\"petitencours\" width=\"80\"><b>Poids : <\/b>594Ko<\/td>\n<td class=\"petitencours\" width=\"20\"><img loading=\"lazy\" decoding=\"async\" src=\"https:\/\/www.sia.aviation-civile.gouv.fr\/img\/ptrans.gif\" alt=\"\" width=\"20\" height=\"1\" \/><\/td>\n<td class=\"petitencours\" width=\"244\"><b>Valide du <\/b><span class=\"petitencours\">13 NOV 2014<\/span><b> au <\/b><span class=\"petitencours\">26 OCT 2015<\/span><\/td>\n<\/tr>\n<\/tbody>\n<\/table>\n<table border=\"0\" width=\"552\" cellspacing=\"0\" cellpadding=\"0\">\n<tbody>\n<tr>\n<td bgcolor=\"#E8EEFA\" width=\"100%\"><\/td>\n<\/tr>\n<\/tbody>\n<\/table>\n<\/td>\n<\/tr>\n<tr bgcolor=\"#1345A4\">\n<td colspan=\"2\"><img loading=\"lazy\" decoding=\"async\" src=\"https:\/\/www.sia.aviation-civile.gouv.fr\/img\/ptrans.gif\" alt=\"\" width=\"1\" height=\"1\" \/><\/td>\n<\/tr>\n<tr>\n<td colspan=\"2\"><img loading=\"lazy\" decoding=\"async\" src=\"https:\/\/www.sia.aviation-civile.gouv.fr\/img\/ptrans.gif\" alt=\"\" width=\"1\" height=\"5\" \/><\/td>\n<\/tr>\n<tr>\n<td class=\"encours\" width=\"532\"><a href=\"https:\/\/www.sia.aviation-civile.gouv.fr\/dossier\/supaipmetro\/SUP_2014_201_FR.pdf\" target=\"_blank\">UIR France<\/a><\/td>\n<td rowspan=\"2\" align=\"center\" valign=\"middle\" width=\"20\"><img loading=\"lazy\" decoding=\"async\" src=\"https:\/\/www.sia.aviation-civile.gouv.fr\/img\/ptrans.gif\" alt=\"\" width=\"20\" height=\"30\" \/><\/td>\n<\/tr>\n<tr>\n<td class=\"encours\" width=\"532\">Cr\u00e9ation d\u20191 route ATS sup\u00e9rieure d\u00e9nomm\u00e9e UL10 et de 4 points significatifs \u00e0 5 lettres d\u00e9nomm\u00e9s OTGUV, ELTEG, IBRIG et OLMOL<\/td>\n<\/tr>\n<tr>\n<td colspan=\"2\">\n<table border=\"0\" width=\"552\" cellspacing=\"0\" cellpadding=\"0\">\n<tbody>\n<tr bgcolor=\"#E8EEFA\">\n<td class=\"petitencours\" width=\"8\"><\/td>\n<td><img loading=\"lazy\" decoding=\"async\" src=\"https:\/\/www.sia.aviation-civile.gouv.fr\/img\/ptrans.gif\" alt=\"\" width=\"8\" height=\"8\" \/><\/td>\n<td class=\"petitencours\" width=\"45\"><b>201\/14<\/b><\/td>\n<td class=\"petitencours\" width=\"155\"><b>Diffusion : <\/b>IFR<\/td>\n<td class=\"petitencours\" width=\"80\"><b>Poids : <\/b>293Ko<\/td>\n<td class=\"petitencours\" width=\"20\"><img loading=\"lazy\" decoding=\"async\" src=\"https:\/\/www.sia.aviation-civile.gouv.fr\/img\/ptrans.gif\" alt=\"\" width=\"20\" height=\"1\" \/><\/td>\n<td class=\"petitencours\" width=\"244\"><b>Valide du <\/b><span class=\"petitencours\">11 DEC 2014<\/span><b> au <\/b><span class=\"petitencours\">09 DEC 2015<\/span><\/td>\n<\/tr>\n<\/tbody>\n<\/table>\n<table border=\"0\" width=\"552\" cellspacing=\"0\" cellpadding=\"0\">\n<tbody>\n<tr>\n<td bgcolor=\"#E8EEFA\" width=\"100%\"><\/td>\n<\/tr>\n<\/tbody>\n<\/table>\n<\/td>\n<\/tr>\n<tr bgcolor=\"#1345A4\">\n<td colspan=\"2\"><img loading=\"lazy\" decoding=\"async\" src=\"https:\/\/www.sia.aviation-civile.gouv.fr\/img\/ptrans.gif\" alt=\"\" width=\"1\" height=\"1\" \/><\/td>\n<\/tr>\n<tr>\n<td colspan=\"2\"><img loading=\"lazy\" decoding=\"async\" src=\"https:\/\/www.sia.aviation-civile.gouv.fr\/img\/ptrans.gif\" alt=\"\" width=\"1\" height=\"5\" \/><\/td>\n<\/tr>\n<tr>\n<td class=\"encours\" width=\"532\"><a href=\"https:\/\/www.sia.aviation-civile.gouv.fr\/dossier\/supaipmetro\/SUP_2014_199_FR.pdf\" target=\"_blank\">AD Paris Charles de Gaulle LFPG<\/a><\/td>\n<td rowspan=\"2\" align=\"center\" valign=\"middle\" width=\"20\"><img loading=\"lazy\" decoding=\"async\" src=\"https:\/\/www.sia.aviation-civile.gouv.fr\/img\/ptrans.gif\" alt=\"\" width=\"20\" height=\"30\" \/><\/td>\n<\/tr>\n<tr>\n<td class=\"encours\" width=\"532\">Travaux d\u2019am\u00e9nagement d\u2019un tunnel routier sous la voie ECHO de l\u2019AD Paris Charles de Gaulle LFPG<\/td>\n<\/tr>\n<tr>\n<td colspan=\"2\">\n<table border=\"0\" width=\"552\" cellspacing=\"0\" cellpadding=\"0\">\n<tbody>\n<tr bgcolor=\"#E8EEFA\">\n<td class=\"petitencours\" width=\"8\"><\/td>\n<td><img loading=\"lazy\" decoding=\"async\" src=\"https:\/\/www.sia.aviation-civile.gouv.fr\/img\/ptrans.gif\" alt=\"\" width=\"8\" height=\"8\" \/><\/td>\n<td class=\"petitencours\" width=\"45\"><b>199\/14<\/b><\/td>\n<td class=\"petitencours\" width=\"155\"><b>Diffusion : <\/b>IFR &#8211; VFR<\/td>\n<td class=\"petitencours\" width=\"80\"><b>Poids : <\/b>972Ko<\/td>\n<td class=\"petitencours\" width=\"20\"><img loading=\"lazy\" decoding=\"async\" src=\"https:\/\/www.sia.aviation-civile.gouv.fr\/img\/ptrans.gif\" alt=\"\" width=\"20\" height=\"1\" \/><\/td>\n<td class=\"petitencours\" width=\"244\"><b>Valide du <\/b><span class=\"petitencours\">11 DEC 2014<\/span><b> au <\/b><span class=\"petitencours\">22 JUL 2015<\/span><\/td>\n<\/tr>\n<\/tbody>\n<\/table>\n<table border=\"0\" width=\"552\" cellspacing=\"0\" cellpadding=\"0\">\n<tbody>\n<tr>\n<td bgcolor=\"#E8EEFA\" width=\"100%\"><\/td>\n<\/tr>\n<\/tbody>\n<\/table>\n<\/td>\n<\/tr>\n<tr bgcolor=\"#1345A4\">\n<td colspan=\"2\"><img loading=\"lazy\" decoding=\"async\" src=\"https:\/\/www.sia.aviation-civile.gouv.fr\/img\/ptrans.gif\" alt=\"\" width=\"1\" height=\"1\" \/><\/td>\n<\/tr>\n<tr>\n<td colspan=\"2\"><img loading=\"lazy\" decoding=\"async\" src=\"https:\/\/www.sia.aviation-civile.gouv.fr\/img\/ptrans.gif\" alt=\"\" width=\"1\" height=\"5\" \/><\/td>\n<\/tr>\n<tr>\n<td class=\"encours\" width=\"532\"><a href=\"https:\/\/www.sia.aviation-civile.gouv.fr\/dossier\/supaipmetro\/SUP_2014_198_FR.pdf\" target=\"_blank\">AD Bordeaux M\u00e9rignac LFBD<\/a><\/td>\n<td rowspan=\"2\" align=\"center\" valign=\"middle\" width=\"20\"><img loading=\"lazy\" decoding=\"async\" src=\"https:\/\/www.sia.aviation-civile.gouv.fr\/img\/ptrans.gif\" alt=\"\" width=\"20\" height=\"30\" \/><\/td>\n<\/tr>\n<tr>\n<td class=\"encours\" width=\"532\">Evaluation op\u00e9rationnelle approche \u00e0 vue RNAV VISUAL SOGBO RWY 05 \u00e0 Bordeaux M\u00e9rignac LFBD<\/td>\n<\/tr>\n<tr>\n<td colspan=\"2\">\n<table border=\"0\" width=\"552\" cellspacing=\"0\" cellpadding=\"0\">\n<tbody>\n<tr bgcolor=\"#E8EEFA\">\n<td class=\"petitencours\" width=\"8\"><\/td>\n<td><img loading=\"lazy\" decoding=\"async\" src=\"https:\/\/www.sia.aviation-civile.gouv.fr\/img\/ptrans.gif\" alt=\"\" width=\"8\" height=\"8\" \/><\/td>\n<td class=\"petitencours\" width=\"45\"><b>198\/14<\/b><\/td>\n<td class=\"petitencours\" width=\"155\"><b>Diffusion : <\/b>IFR &#8211; VFR<\/td>\n<td class=\"petitencours\" width=\"80\"><b>Poids : <\/b>413Ko<\/td>\n<td class=\"petitencours\" width=\"20\"><img loading=\"lazy\" decoding=\"async\" src=\"https:\/\/www.sia.aviation-civile.gouv.fr\/img\/ptrans.gif\" alt=\"\" width=\"20\" height=\"1\" \/><\/td>\n<td class=\"petitencours\" width=\"244\"><b>Valide du <\/b><span class=\"petitencours\">11 DEC 2014<\/span><b> au <\/b><span class=\"petitencours\">24 JUN 2015<\/span><\/td>\n<\/tr>\n<\/tbody>\n<\/table>\n<table border=\"0\" width=\"552\" cellspacing=\"0\" cellpadding=\"0\">\n<tbody>\n<tr>\n<td bgcolor=\"#E8EEFA\" width=\"100%\"><\/td>\n<\/tr>\n<\/tbody>\n<\/table>\n<\/td>\n<\/tr>\n<tr bgcolor=\"#1345A4\">\n<td colspan=\"2\"><img loading=\"lazy\" decoding=\"async\" src=\"https:\/\/www.sia.aviation-civile.gouv.fr\/img\/ptrans.gif\" alt=\"\" width=\"1\" height=\"1\" \/><\/td>\n<\/tr>\n<tr>\n<td colspan=\"2\"><img loading=\"lazy\" decoding=\"async\" src=\"https:\/\/www.sia.aviation-civile.gouv.fr\/img\/ptrans.gif\" alt=\"\" width=\"1\" height=\"5\" \/><\/td>\n<\/tr>\n<tr>\n<td class=\"encours\" width=\"532\"><a href=\"https:\/\/www.sia.aviation-civile.gouv.fr\/dossier\/supaipmetro\/SUP_2014_180_FR.pdf\" target=\"_blank\">AD Paris Orly LFPO<\/a><\/td>\n<td rowspan=\"2\" align=\"center\" valign=\"middle\" width=\"20\"><img loading=\"lazy\" decoding=\"async\" src=\"https:\/\/www.sia.aviation-civile.gouv.fr\/img\/ptrans.gif\" alt=\"\" width=\"20\" height=\"30\" \/><\/td>\n<\/tr>\n<tr>\n<td class=\"encours\" width=\"532\">Travaux d&rsquo;infrastructure pour d\u00e9voiement de la Voie de Circulation Avions (VCA) W2 entre la VCA W3 et la bretelle L2 de l\u2019a\u00e9roport de Paris Orly LFPO<\/td>\n<\/tr>\n<tr>\n<td colspan=\"2\">\n<table border=\"0\" width=\"552\" cellspacing=\"0\" cellpadding=\"0\">\n<tbody>\n<tr bgcolor=\"#E8EEFA\">\n<td class=\"petitencours\" width=\"8\"><\/td>\n<td><img loading=\"lazy\" decoding=\"async\" src=\"https:\/\/www.sia.aviation-civile.gouv.fr\/img\/ptrans.gif\" alt=\"\" width=\"8\" height=\"8\" \/><\/td>\n<td class=\"petitencours\" width=\"45\"><b>180\/14<\/b><\/td>\n<td class=\"petitencours\" width=\"155\"><b>Diffusion : <\/b>IFR &#8211; VFR<\/td>\n<td class=\"petitencours\" width=\"80\"><b>Poids : <\/b>308Ko<\/td>\n<td class=\"petitencours\" width=\"20\"><img loading=\"lazy\" decoding=\"async\" src=\"https:\/\/www.sia.aviation-civile.gouv.fr\/img\/ptrans.gif\" alt=\"\" width=\"20\" height=\"1\" \/><\/td>\n<td class=\"petitencours\" width=\"244\"><b>Valide du <\/b><span class=\"petitencours\">15 NOV 2014<\/span><b> au <\/b><span class=\"petitencours\">15 JUL 2015<\/span><\/td>\n<\/tr>\n<\/tbody>\n<\/table>\n<\/td>\n<\/tr>\n<\/tbody>\n<\/table>\n<\/td>\n<\/tr>\n<\/tbody>\n<\/table>\n","protected":false},"excerpt":{"rendered":"<p>R\u00c9GION\u00a0PARISIENNE AD Ch\u00e2teauroux D\u00e9ols LFLX Cr\u00e9ation de 2 zones r\u00e9glement\u00e9es temporaires (ZRT) en CTR CHATEAUROUX et TMA POITIERS, lors du Championnat du Monde de voltige et du meeting a\u00e9rien FFA 2015 sur l\u2019AD Ch\u00e2teauroux D\u00e9ols LFLX 124\/15 Diffusion : IFR &#8211; VFR Poids : 454Ko Valide du 15 AUG 2015 au 29 AUG 2015 FIR [&hellip;]<\/p>\n","protected":false},"author":1,"featured_media":0,"comment_status":"open","ping_status":"open","sticky":false,"template":"","format":"standard","meta":{"footnotes":""},"categories":[720],"tags":[1019,557,2895,2896,2857,375,2412,535,993],"class_list":["post-18079","post","type-post","status-publish","format-standard","hentry","category-sup-aip","tag-aviation","tag-aviation-generale","tag-nouvelles","tag-nouvelles-de-laviation-generale","tag-sup-aip","tag-supaip","tag-volets","tag-volets10","tag-volets10-fr"],"_links":{"self":[{"href":"https:\/\/volets10.fr\/WP\/wp-json\/wp\/v2\/posts\/18079"}],"collection":[{"href":"https:\/\/volets10.fr\/WP\/wp-json\/wp\/v2\/posts"}],"about":[{"href":"https:\/\/volets10.fr\/WP\/wp-json\/wp\/v2\/types\/post"}],"author":[{"embeddable":true,"href":"https:\/\/volets10.fr\/WP\/wp-json\/wp\/v2\/users\/1"}],"replies":[{"embeddable":true,"href":"https:\/\/volets10.fr\/WP\/wp-json\/wp\/v2\/comments?post=18079"}],"version-history":[{"count":0,"href":"https:\/\/volets10.fr\/WP\/wp-json\/wp\/v2\/posts\/18079\/revisions"}],"wp:attachment":[{"href":"https:\/\/volets10.fr\/WP\/wp-json\/wp\/v2\/media?parent=18079"}],"wp:term":[{"taxonomy":"category","embeddable":true,"href":"https:\/\/volets10.fr\/WP\/wp-json\/wp\/v2\/categories?post=18079"},{"taxonomy":"post_tag","embeddable":true,"href":"https:\/\/volets10.fr\/WP\/wp-json\/wp\/v2\/tags?post=18079"}],"curies":[{"name":"wp","href":"https:\/\/api.w.org\/{rel}","templated":true}]}}