{"id":18276,"date":"2015-08-13T18:42:48","date_gmt":"2015-08-13T16:42:48","guid":{"rendered":"http:\/\/volets10.fr\/WP\/?p=18276"},"modified":"2015-08-13T18:44:43","modified_gmt":"2015-08-13T16:44:43","slug":"18276","status":"publish","type":"post","link":"https:\/\/volets10.fr\/WP\/archives\/18276\/18276\/","title":{"rendered":"SUP\/AIP EN VIGUEUR AU 13 AO\u00dbT 2015"},"content":{"rendered":"<table border=\"0\" width=\"552\" cellspacing=\"0\" cellpadding=\"0\">\n<tbody>\n<tr>\n<td><img loading=\"lazy\" decoding=\"async\" class=\"alignleft  wp-image-16541\" src=\"http:\/\/volets10.fr\/WP\/wp-content\/uploads\/SUPAIP.png\" alt=\"SUPAIP\" width=\"569\" height=\"121\" srcset=\"https:\/\/volets10.fr\/WP\/wp-content\/uploads\/SUPAIP.png 710w, https:\/\/volets10.fr\/WP\/wp-content\/uploads\/SUPAIP-300x63.png 300w, https:\/\/volets10.fr\/WP\/wp-content\/uploads\/SUPAIP-600x127.png 600w\" sizes=\"(max-width: 569px) 100vw, 569px\" \/><\/td>\n<\/tr>\n<\/tbody>\n<\/table>\n<p><b>R\u00c9GION<\/b><strong>\u00a0PARISIENNE<\/strong><\/p>\n<table border=\"0\" width=\"552\" cellspacing=\"0\" cellpadding=\"0\">\n<tbody>\n<tr>\n<td class=\"nouveau\" width=\"532\"><a href=\"https:\/\/www.sia.aviation-civile.gouv.fr\/dossier\/supaipmetro\/SUP_2015_166_FR.pdf\" target=\"_blank\">AD Saint Cyr l\u2019Ecole LFPZ<\/a><\/td>\n<td rowspan=\"2\" align=\"center\" valign=\"middle\" width=\"20\"><img loading=\"lazy\" decoding=\"async\" src=\"https:\/\/www.sia.aviation-civile.gouv.fr\/img\/ptrans.gif\" alt=\"\" width=\"20\" height=\"30\" \/><\/td>\n<\/tr>\n<tr>\n<td class=\"nouveau\" width=\"532\">Modification du circuit h\u00e9licopt\u00e8res de l\u2019AD Saint Cyr l\u2019Ecole LFPZ<\/td>\n<\/tr>\n<tr>\n<td colspan=\"2\">\n<table border=\"0\" width=\"552\" cellspacing=\"0\" cellpadding=\"0\">\n<tbody>\n<tr bgcolor=\"#E8EEFA\">\n<td class=\"petitencours\" width=\"8\"><\/td>\n<td><img loading=\"lazy\" decoding=\"async\" src=\"https:\/\/www.sia.aviation-civile.gouv.fr\/img\/ptrans.gif\" alt=\"\" width=\"8\" height=\"8\" \/><\/td>\n<td class=\"petitencours\" width=\"45\"><b>166\/15<\/b><\/td>\n<td class=\"petitencours\" width=\"155\"><b>Diffusion : <\/b>VFR<\/td>\n<td class=\"petitencours\" width=\"80\"><b>Poids : <\/b>374Ko<\/td>\n<td class=\"petitencours\" width=\"20\"><img loading=\"lazy\" decoding=\"async\" src=\"https:\/\/www.sia.aviation-civile.gouv.fr\/img\/ptrans.gif\" alt=\"\" width=\"20\" height=\"1\" \/><\/td>\n<td class=\"petitencours\" width=\"244\"><b>Valide du <\/b><span class=\"petitnouveau\">30 JUL 2015<\/span><b> au <\/b><span class=\"petitnouveau\">16 SEP 2015<\/span><\/td>\n<\/tr>\n<\/tbody>\n<\/table>\n<\/td>\n<\/tr>\n<\/tbody>\n<\/table>\n<table border=\"0\" width=\"552\" cellspacing=\"0\" cellpadding=\"0\">\n<tbody>\n<tr>\n<td class=\"nouveau\" width=\"532\"><a href=\"https:\/\/www.sia.aviation-civile.gouv.fr\/dossier\/supaipmetro\/SUP_2015_155_FR.pdf\" target=\"_blank\">AD Le Touquet C\u00f4te d\u2019Opale LFAT<\/a><\/td>\n<td rowspan=\"2\" align=\"center\" valign=\"middle\" width=\"20\"><img loading=\"lazy\" decoding=\"async\" src=\"https:\/\/www.sia.aviation-civile.gouv.fr\/img\/ptrans.gif\" alt=\"\" width=\"20\" height=\"30\" \/><\/td>\n<\/tr>\n<tr>\n<td class=\"nouveau\" width=\"532\">Ajout d\u2019un point de report VFR sur l\u2019AD Le Touquet C\u00f4te d\u2019Opale LFAT<\/td>\n<\/tr>\n<tr>\n<td colspan=\"2\">\n<table border=\"0\" width=\"552\" cellspacing=\"0\" cellpadding=\"0\">\n<tbody>\n<tr bgcolor=\"#E8EEFA\">\n<td class=\"petitencours\" width=\"8\"><\/td>\n<td><img loading=\"lazy\" decoding=\"async\" src=\"https:\/\/www.sia.aviation-civile.gouv.fr\/img\/ptrans.gif\" alt=\"\" width=\"8\" height=\"8\" \/><\/td>\n<td class=\"petitencours\" width=\"45\"><b>155\/15<\/b><\/td>\n<td class=\"petitencours\" width=\"155\"><b>Diffusion : <\/b>VFR<\/td>\n<td class=\"petitencours\" width=\"80\"><b>Poids : <\/b>191Ko<\/td>\n<td class=\"petitencours\" width=\"20\"><img loading=\"lazy\" decoding=\"async\" src=\"https:\/\/www.sia.aviation-civile.gouv.fr\/img\/ptrans.gif\" alt=\"\" width=\"20\" height=\"1\" \/><\/td>\n<td class=\"petitencours\" width=\"244\"><b>Valide du <\/b><span class=\"petitnouveau\">23 JUL 2015<\/span><b> au <\/b><span class=\"petitnouveau\">19 AUG 2015<\/span><\/td>\n<\/tr>\n<\/tbody>\n<\/table>\n<\/td>\n<\/tr>\n<\/tbody>\n<\/table>\n<table border=\"0\" width=\"552\" cellspacing=\"0\" cellpadding=\"0\">\n<tbody>\n<tr>\n<td class=\"nouveau\" width=\"532\"><a href=\"https:\/\/www.sia.aviation-civile.gouv.fr\/dossier\/supaipmetro\/SUP_2015_124_FR.pdf\" target=\"_blank\">AD Ch\u00e2teauroux D\u00e9ols LFLX<\/a><\/td>\n<td rowspan=\"2\" align=\"center\" valign=\"middle\" width=\"20\"><img loading=\"lazy\" decoding=\"async\" src=\"https:\/\/www.sia.aviation-civile.gouv.fr\/img\/ptrans.gif\" alt=\"\" width=\"20\" height=\"30\" \/><\/td>\n<\/tr>\n<tr>\n<td class=\"nouveau\" width=\"532\">Cr\u00e9ation de 2 zones r\u00e9glement\u00e9es temporaires (ZRT) en CTR CHATEAUROUX et TMA POITIERS, lors du Championnat du Monde de voltige et du meeting a\u00e9rien FFA 2015 sur l\u2019AD Ch\u00e2teauroux D\u00e9ols LFLX<\/td>\n<\/tr>\n<tr>\n<td colspan=\"2\">\n<table border=\"0\" width=\"552\" cellspacing=\"0\" cellpadding=\"0\">\n<tbody>\n<tr bgcolor=\"#E8EEFA\">\n<td class=\"petitencours\" width=\"8\"><\/td>\n<td><img loading=\"lazy\" decoding=\"async\" src=\"https:\/\/www.sia.aviation-civile.gouv.fr\/img\/ptrans.gif\" alt=\"\" width=\"8\" height=\"8\" \/><\/td>\n<td class=\"petitencours\" width=\"45\"><b>124\/15<\/b><\/td>\n<td class=\"petitencours\" width=\"155\"><b>Diffusion : <\/b>IFR &#8211; VFR<\/td>\n<td class=\"petitencours\" width=\"80\"><b>Poids : <\/b>454Ko<\/td>\n<td class=\"petitencours\" width=\"20\"><img loading=\"lazy\" decoding=\"async\" src=\"https:\/\/www.sia.aviation-civile.gouv.fr\/img\/ptrans.gif\" alt=\"\" width=\"20\" height=\"1\" \/><\/td>\n<td class=\"petitencours\" width=\"244\"><b>Valide du <\/b><span class=\"petitnouveau\">15 AUG 2015<\/span><b> au <\/b><span class=\"petitnouveau\">29 AUG 2015<\/span><\/td>\n<\/tr>\n<\/tbody>\n<\/table>\n<\/td>\n<\/tr>\n<\/tbody>\n<\/table>\n<table border=\"0\" width=\"552\" cellspacing=\"0\" cellpadding=\"0\">\n<tbody>\n<tr>\n<td class=\"encours\" width=\"532\"><a href=\"https:\/\/www.sia.aviation-civile.gouv.fr\/dossier\/supaipmetro\/SUP_2015_042_FR.pdf\" target=\"_blank\">FIR Paris LFFF, AD Enghien Moisselles LFFE<\/a><\/td>\n<td rowspan=\"2\" align=\"center\" valign=\"middle\" width=\"20\"><img loading=\"lazy\" decoding=\"async\" src=\"https:\/\/www.sia.aviation-civile.gouv.fr\/img\/ptrans.gif\" alt=\"\" width=\"20\" height=\"30\" \/><\/td>\n<\/tr>\n<tr>\n<td class=\"encours\" width=\"532\">Cr\u00e9ation d\u2019une zone r\u00e9glement\u00e9e temporaire (ZRT) en CTR et zone LF-R 275 PARIS<\/td>\n<\/tr>\n<tr>\n<td colspan=\"2\">\n<table border=\"0\" width=\"552\" cellspacing=\"0\" cellpadding=\"0\">\n<tbody>\n<tr bgcolor=\"#E8EEFA\">\n<td class=\"petitencours\" width=\"8\"><\/td>\n<td><img loading=\"lazy\" decoding=\"async\" src=\"https:\/\/www.sia.aviation-civile.gouv.fr\/img\/ptrans.gif\" alt=\"\" width=\"8\" height=\"8\" \/><\/td>\n<td class=\"petitencours\" width=\"45\"><b>042\/15<\/b><\/td>\n<td class=\"petitencours\" width=\"155\"><b>Diffusion : <\/b>IFR &#8211; VFR<\/td>\n<td class=\"petitencours\" width=\"80\"><b>Poids : <\/b>507Ko<\/td>\n<td class=\"petitencours\" width=\"20\"><img loading=\"lazy\" decoding=\"async\" src=\"https:\/\/www.sia.aviation-civile.gouv.fr\/img\/ptrans.gif\" alt=\"\" width=\"20\" height=\"1\" \/><\/td>\n<td class=\"petitencours\" width=\"244\"><b>Valide du <\/b><span class=\"petitencours\">02 APR 2015<\/span><b> au <\/b><span class=\"petitencours\">11 NOV 2015<\/span><\/td>\n<\/tr>\n<\/tbody>\n<\/table>\n<\/td>\n<\/tr>\n<\/tbody>\n<\/table>\n<table border=\"0\" width=\"552\" cellspacing=\"0\" cellpadding=\"0\">\n<tbody>\n<tr>\n<td class=\"encours\" width=\"532\"><a href=\"https:\/\/www.sia.aviation-civile.gouv.fr\/dossier\/supaipmetro\/SUP_2015_041_FR.pdf\" target=\"_blank\">FIR Paris LFFF<\/a><\/td>\n<td rowspan=\"2\" align=\"center\" valign=\"middle\" width=\"20\"><img loading=\"lazy\" decoding=\"async\" src=\"https:\/\/www.sia.aviation-civile.gouv.fr\/img\/ptrans.gif\" alt=\"\" width=\"20\" height=\"30\" \/><\/td>\n<\/tr>\n<tr>\n<td class=\"encours\" width=\"532\">Cr\u00e9ation d\u2019une zone r\u00e9glement\u00e9e temporaire (ZRT) en r\u00e9gion parisienne (ZRT veille 120.075 MHz) (FIR Paris LFFF)<\/td>\n<\/tr>\n<tr>\n<td colspan=\"2\">\n<table border=\"0\" width=\"552\" cellspacing=\"0\" cellpadding=\"0\">\n<tbody>\n<tr bgcolor=\"#E8EEFA\">\n<td class=\"petitencours\" width=\"8\"><\/td>\n<td><img loading=\"lazy\" decoding=\"async\" src=\"https:\/\/www.sia.aviation-civile.gouv.fr\/img\/ptrans.gif\" alt=\"\" width=\"8\" height=\"8\" \/><\/td>\n<td class=\"petitencours\" width=\"45\"><b>041\/15<\/b><\/td>\n<td class=\"petitencours\" width=\"155\"><b>Diffusion : <\/b>VFR<\/td>\n<td class=\"petitencours\" width=\"80\"><b>Poids : <\/b>945Ko<\/td>\n<td class=\"petitencours\" width=\"20\"><img loading=\"lazy\" decoding=\"async\" src=\"https:\/\/www.sia.aviation-civile.gouv.fr\/img\/ptrans.gif\" alt=\"\" width=\"20\" height=\"1\" \/><\/td>\n<td class=\"petitencours\" width=\"244\"><b>Valide du <\/b><span class=\"petitencours\">02 APR 2015<\/span><b> au <\/b><span class=\"petitencours\">11 NOV 2015<\/span><\/td>\n<\/tr>\n<\/tbody>\n<\/table>\n<\/td>\n<\/tr>\n<\/tbody>\n<\/table>\n<p>Cliquez pour t\u00e9l\u00e9charger :\u00a0<a href=\"http:\/\/volets10.fr\/WP\/wp-content\/uploads\/SUP-AIP-France-m\u00e9tropole-du-13-aout-2015.pdf\" target=\"_blank\">SUP AIP France m\u00e9tropole du 13 aout 2015<\/a><\/p>\n<p>&nbsp;<\/p>\n","protected":false},"excerpt":{"rendered":"<p>R\u00c9GION\u00a0PARISIENNE AD Saint Cyr l\u2019Ecole LFPZ Modification du circuit h\u00e9licopt\u00e8res de l\u2019AD Saint Cyr l\u2019Ecole LFPZ 166\/15 Diffusion : VFR Poids : 374Ko Valide du 30 JUL 2015 au 16 SEP 2015 AD Le Touquet C\u00f4te d\u2019Opale LFAT Ajout d\u2019un point de report VFR sur l\u2019AD Le Touquet C\u00f4te d\u2019Opale LFAT 155\/15 Diffusion : VFR [&hellip;]<\/p>\n","protected":false},"author":1,"featured_media":0,"comment_status":"open","ping_status":"open","sticky":false,"template":"","format":"standard","meta":{"footnotes":""},"categories":[720],"tags":[1019,557,2895,2896,2857,2412,535,993],"class_list":["post-18276","post","type-post","status-publish","format-standard","hentry","category-sup-aip","tag-aviation","tag-aviation-generale","tag-nouvelles","tag-nouvelles-de-laviation-generale","tag-sup-aip","tag-volets","tag-volets10","tag-volets10-fr"],"_links":{"self":[{"href":"https:\/\/volets10.fr\/WP\/wp-json\/wp\/v2\/posts\/18276"}],"collection":[{"href":"https:\/\/volets10.fr\/WP\/wp-json\/wp\/v2\/posts"}],"about":[{"href":"https:\/\/volets10.fr\/WP\/wp-json\/wp\/v2\/types\/post"}],"author":[{"embeddable":true,"href":"https:\/\/volets10.fr\/WP\/wp-json\/wp\/v2\/users\/1"}],"replies":[{"embeddable":true,"href":"https:\/\/volets10.fr\/WP\/wp-json\/wp\/v2\/comments?post=18276"}],"version-history":[{"count":0,"href":"https:\/\/volets10.fr\/WP\/wp-json\/wp\/v2\/posts\/18276\/revisions"}],"wp:attachment":[{"href":"https:\/\/volets10.fr\/WP\/wp-json\/wp\/v2\/media?parent=18276"}],"wp:term":[{"taxonomy":"category","embeddable":true,"href":"https:\/\/volets10.fr\/WP\/wp-json\/wp\/v2\/categories?post=18276"},{"taxonomy":"post_tag","embeddable":true,"href":"https:\/\/volets10.fr\/WP\/wp-json\/wp\/v2\/tags?post=18276"}],"curies":[{"name":"wp","href":"https:\/\/api.w.org\/{rel}","templated":true}]}}