{"id":18537,"date":"2015-12-07T15:18:35","date_gmt":"2015-12-07T14:18:35","guid":{"rendered":"http:\/\/volets10.fr\/WP\/?p=18537"},"modified":"2015-12-07T15:23:01","modified_gmt":"2015-12-07T14:23:01","slug":"rappel-de-lobligation-de-veille-en-region-parisienne-sur-120-075","status":"publish","type":"post","link":"https:\/\/volets10.fr\/WP\/archives\/18537\/rappel-de-lobligation-de-veille-en-region-parisienne-sur-120-075\/","title":{"rendered":"RAPPEL DE L&rsquo;OBLIGATION DE VEILLE EN R\u00c9GION PARISIENNE SUR 120.075"},"content":{"rendered":"<p>Rappel en une du SIA :<\/p>\n<p>Mesures de s\u00fbret\u00e9 a\u00e9rienne en r\u00e9gion parisienne\u00a0:<br \/>\nA compter du 12 novembre 2015, cr\u00e9ation de la zone LF R 324 \u00ab\u00a0veille r\u00e9gion parisienne\u00a0\u00bb d\u00e9crite en ENR 5.1 et dans le compl\u00e9ment aux cartes a\u00e9ronautiques du SIA. Cette zone est d\u00e9finie H24 \u00e0 l\u2019exclusion des parties de CTR, TMA et zones r\u00e9glement\u00e9es interf\u00e9rentes lorsqu\u2019elles sont actives et est publi\u00e9e sur la carte a\u00e9ronautique au 1\/250.000\u00e9me r\u00e9gion parisienne du SIA. Pour en faciliter la lecture, le contour g\u00e9n\u00e9ral est disponible <a href=\"http:\/\/www.sia.aviation-civile.gouv.fr\/dossier\/3rdparty\/LF-R%20324_A4.pdf\" target=\"_blank\">cliquer ici<\/a><br \/>\nL\u2019encart de configuration CTR et TMA 1 CREIL inactives est disponible <a href=\"http:\/\/www.sia.aviation-civile.gouv.fr\/dossier\/3rdparty\/Creil%20Inactif.pdf\" target=\"_blank\">cliquer ici<\/a><\/p>\n<p>Jusqu&rsquo;\u00e0 maintenant il y avait un SUP\/AIP reconduit r\u00e9guli\u00e8rement. D\u00e9sormais cette zone est red\u00e9finie comme <a href=\"https:\/\/www.sia.aviation-civile.gouv.fr\/aip\/enligne\/FRANCE\/LF_Amdt_A_2015_12_en.pdf\" target=\"_blank\">LF-R324 et figure dans AIP\u00a0FRANCE\u00a0ENR 5.1-112 <\/a> <a href=\"https:\/\/www.sia.aviation-civile.gouv.fr\/aip\/enligne\/FRANCE\/LF_Amdt_A_2015_12_en.pdf\" target=\"_blank\">(page 351)<\/a>\u00a0comme ci-dessous :<\/p>\n<p><a href=\"https:\/\/www.sia.aviation-civile.gouv.fr\/aip\/enligne\/FRANCE\/LF_Amdt_A_2015_12_en.pdf\" target=\"_blank\"><img loading=\"lazy\" decoding=\"async\" class=\"alignleft wp-image-18538\" title=\"Cliquez pour afficher l'ENR 5.1\" src=\"http:\/\/volets10.fr\/WP\/wp-content\/uploads\/SIA_LFR324.png\" alt=\"SIA_LFR324\" width=\"919\" height=\"436\" srcset=\"https:\/\/volets10.fr\/WP\/wp-content\/uploads\/SIA_LFR324.png 1089w, https:\/\/volets10.fr\/WP\/wp-content\/uploads\/SIA_LFR324-300x142.png 300w, https:\/\/volets10.fr\/WP\/wp-content\/uploads\/SIA_LFR324-1024x486.png 1024w, https:\/\/volets10.fr\/WP\/wp-content\/uploads\/SIA_LFR324-600x285.png 600w\" sizes=\"(max-width: 919px) 100vw, 919px\" \/><\/a><\/p>\n<p>La zone en question :<\/p>\n<p><a href=\"https:\/\/www.sia.aviation-civile.gouv.fr\/dossier\/3rdparty\/LF-R%20324_A4.pdf\" target=\"_blank\"><img loading=\"lazy\" decoding=\"async\" class=\"alignleft wp-image-18540 size-full\" title=\"Cliquez pour afficher le pdf du SIA\" src=\"http:\/\/volets10.fr\/WP\/wp-content\/uploads\/SIA_LFR324-ZONE.png\" alt=\"SIA_LFR324-ZONE\" width=\"914\" height=\"897\" srcset=\"https:\/\/volets10.fr\/WP\/wp-content\/uploads\/SIA_LFR324-ZONE.png 914w, https:\/\/volets10.fr\/WP\/wp-content\/uploads\/SIA_LFR324-ZONE-300x294.png 300w, https:\/\/volets10.fr\/WP\/wp-content\/uploads\/SIA_LFR324-ZONE-509x500.png 509w\" sizes=\"(max-width: 914px) 100vw, 914px\" \/><\/a><\/p>\n","protected":false},"excerpt":{"rendered":"<p>Rappel en une du SIA : Mesures de s\u00fbret\u00e9 a\u00e9rienne en r\u00e9gion parisienne\u00a0: A compter du 12 novembre 2015, cr\u00e9ation de la zone LF R 324 \u00ab\u00a0veille r\u00e9gion parisienne\u00a0\u00bb d\u00e9crite en ENR 5.1 et dans le compl\u00e9ment aux cartes a\u00e9ronautiques du SIA. Cette zone est d\u00e9finie H24 \u00e0 l\u2019exclusion des parties de CTR, TMA et [&hellip;]<\/p>\n","protected":false},"author":1,"featured_media":0,"comment_status":"open","ping_status":"open","sticky":false,"template":"","format":"standard","meta":{"footnotes":""},"categories":[2720],"tags":[1111,1019,557,2929,3167,2895,2896,2917,2916,2412,535,993],"class_list":["post-18537","post","type-post","status-publish","format-standard","hentry","category-aip","tag-aip","tag-aviation","tag-aviation-generale","tag-aviation-gnrale","tag-fr","tag-nouvelles","tag-nouvelles-de-laviation-generale","tag-rgion-parisienne","tag-veille","tag-volets","tag-volets10","tag-volets10-fr"],"_links":{"self":[{"href":"https:\/\/volets10.fr\/WP\/wp-json\/wp\/v2\/posts\/18537"}],"collection":[{"href":"https:\/\/volets10.fr\/WP\/wp-json\/wp\/v2\/posts"}],"about":[{"href":"https:\/\/volets10.fr\/WP\/wp-json\/wp\/v2\/types\/post"}],"author":[{"embeddable":true,"href":"https:\/\/volets10.fr\/WP\/wp-json\/wp\/v2\/users\/1"}],"replies":[{"embeddable":true,"href":"https:\/\/volets10.fr\/WP\/wp-json\/wp\/v2\/comments?post=18537"}],"version-history":[{"count":0,"href":"https:\/\/volets10.fr\/WP\/wp-json\/wp\/v2\/posts\/18537\/revisions"}],"wp:attachment":[{"href":"https:\/\/volets10.fr\/WP\/wp-json\/wp\/v2\/media?parent=18537"}],"wp:term":[{"taxonomy":"category","embeddable":true,"href":"https:\/\/volets10.fr\/WP\/wp-json\/wp\/v2\/categories?post=18537"},{"taxonomy":"post_tag","embeddable":true,"href":"https:\/\/volets10.fr\/WP\/wp-json\/wp\/v2\/tags?post=18537"}],"curies":[{"name":"wp","href":"https:\/\/api.w.org\/{rel}","templated":true}]}}