{"id":1906,"date":"2010-04-15T23:33:27","date_gmt":"2010-04-15T21:33:27","guid":{"rendered":"http:\/\/echotango.wordpress.com\/?p=1906"},"modified":"2010-04-15T23:33:27","modified_gmt":"2010-04-15T21:33:27","slug":"espaces-aeriens-normands","status":"publish","type":"post","link":"https:\/\/volets10.fr\/WP\/archives\/1906\/espaces-aeriens-normands\/","title":{"rendered":"ESPACES A\u00c9RIENS\u00a0NORMANDS"},"content":{"rendered":"<p>Suite aux diff\u00e9rents NOTAMs diffus\u00e9, la DSNA publie un \u00ab\u00a0bulletin d&rsquo;information espaces normands\u00a0\u00bb qui r\u00e9capitule ce qui change dans l&rsquo;espace a\u00e9rien du cot\u00e9 du Havre, de Deauville et de Caen. Le voici.<\/p>\n<p style=\"text-align:center;\"><a href=\"http:\/\/echotango.files.wordpress.com\/2010\/04\/bulletininformation_sna-o_gestiontempoats_20100408.pdf\" target=\"_blank\"><img loading=\"lazy\" decoding=\"async\" class=\"size-full wp-image-1907  aligncenter\" title=\"Cliquez sur l'image pour lire le bulletin\" src=\"http:\/\/echotango.files.wordpress.com\/2010\/04\/espacesnormands.jpg\" alt=\"\" width=\"643\" height=\"451\" \/><\/a><\/p>\n<p>CRA-IDF fait le communiqu\u00e9 suivant :<\/p>\n<p>\u00ab\u00a0En effet tout l&rsquo;espace situ\u00e9 en dessous de 2500 pieds devient un espace non surveill\u00e9 et sans information de vol (SIV).\u00a0L&rsquo;info disponible sur 119,825 (et non sur 120,35 MHz comme marqu\u00e9 sur les nouvelles cartes OACI) est inexistante!\u00a0Le pilote qui contacte cette fr\u00e9quence n&rsquo;entend que la voix d&rsquo;un r\u00e9pondeur.<\/p>\n<p>Or, depuis plusieurs ann\u00e9es et pour des raisons de s\u00e9curit\u00e9 des vols, la DGAC et la FFA conseillent de contacter les SIV lors des navigations.\u00a0L&rsquo;absence d&rsquo;information de vol dans des zones extr\u00eamement fr\u00e9quent\u00e9es (c\u00f4tes de F\u00e9camp \u00e0 Antifer au nord du Havre et de Cabourg \u00e0 Port en Bessin)\u00a0<strong><span style=\"text-decoration:underline;\">de juin \u00e0 septembre\u00a0,<\/span><\/strong> \u00e0 des altitudes comprises entre 500 et 2500 pieds peut engendrer des risques de collisions en vol.\u00a0\u00bb.<\/p>\n","protected":false},"excerpt":{"rendered":"<p>Suite aux diff\u00e9rents NOTAMs diffus\u00e9, la DSNA publie un \u00ab\u00a0bulletin d&rsquo;information espaces normands\u00a0\u00bb qui r\u00e9capitule ce qui change dans l&rsquo;espace a\u00e9rien du cot\u00e9 du Havre, de Deauville et de Caen. Le voici. CRA-IDF fait le communiqu\u00e9 suivant : \u00ab\u00a0En effet tout l&rsquo;espace situ\u00e9 en dessous de 2500 pieds devient un espace non surveill\u00e9 et sans [&hellip;]<\/p>\n","protected":false},"author":1,"featured_media":0,"comment_status":"open","ping_status":"open","sticky":false,"template":"","format":"standard","meta":{"footnotes":""},"categories":[3],"tags":[1019,557,431,2853,2895,2896,2412,535,993],"class_list":["post-1906","post","type-post","status-publish","format-standard","hentry","category-notam","tag-aviation","tag-aviation-generale","tag-deauville","tag-notam","tag-nouvelles","tag-nouvelles-de-laviation-generale","tag-volets","tag-volets10","tag-volets10-fr"],"_links":{"self":[{"href":"https:\/\/volets10.fr\/WP\/wp-json\/wp\/v2\/posts\/1906"}],"collection":[{"href":"https:\/\/volets10.fr\/WP\/wp-json\/wp\/v2\/posts"}],"about":[{"href":"https:\/\/volets10.fr\/WP\/wp-json\/wp\/v2\/types\/post"}],"author":[{"embeddable":true,"href":"https:\/\/volets10.fr\/WP\/wp-json\/wp\/v2\/users\/1"}],"replies":[{"embeddable":true,"href":"https:\/\/volets10.fr\/WP\/wp-json\/wp\/v2\/comments?post=1906"}],"version-history":[{"count":0,"href":"https:\/\/volets10.fr\/WP\/wp-json\/wp\/v2\/posts\/1906\/revisions"}],"wp:attachment":[{"href":"https:\/\/volets10.fr\/WP\/wp-json\/wp\/v2\/media?parent=1906"}],"wp:term":[{"taxonomy":"category","embeddable":true,"href":"https:\/\/volets10.fr\/WP\/wp-json\/wp\/v2\/categories?post=1906"},{"taxonomy":"post_tag","embeddable":true,"href":"https:\/\/volets10.fr\/WP\/wp-json\/wp\/v2\/tags?post=1906"}],"curies":[{"name":"wp","href":"https:\/\/api.w.org\/{rel}","templated":true}]}}