{"id":21322,"date":"2018-11-06T11:24:12","date_gmt":"2018-11-06T10:24:12","guid":{"rendered":"http:\/\/volets10.fr\/WP\/?p=21322"},"modified":"2018-11-06T11:24:12","modified_gmt":"2018-11-06T10:24:12","slug":"dispositif-de-surette-aerienne-pour-les-ceremonies-de-commemoration","status":"publish","type":"post","link":"https:\/\/volets10.fr\/WP\/archives\/21322\/dispositif-de-surette-aerienne-pour-les-ceremonies-de-commemoration\/","title":{"rendered":"DISPOSITIF DE SURETTE A\u00c9RIENNE POUR LES C\u00c9R\u00c9MONIES DE COMM\u00c9MORATION"},"content":{"rendered":"<p>A) LFFA-E4549\/18 LFAD<br \/>\nA) LFFA-E4555\/18 LFFC<br \/>\nA) LFFA-E4557\/18 LFFD<br \/>\nA) LFFA-E4535\/18 LFFE<br \/>\nA) LFFA-E4541\/18 LFFQ<br \/>\nA) LFFA-E4553\/18 LFFY<br \/>\nA) LFFA-E4551\/18 LFJS<br \/>\nA) LFFA-E4542\/18 LFOB<br \/>\nA) LFFA-M3588\/18 LFOE<br \/>\nA) LFFA-E4559\/18 LFON<br \/>\nA) LFFA-E4563\/18 LFOX<br \/>\nA) LFFA-E4537\/18 LFPA<br \/>\nA) LFFA-E4545\/18 LFPE<br \/>\nA) LFFA-E4533\/18 LFPF<br \/>\nA) LFFA-E4527\/18 LFPH<br \/>\nA) LFFA-E4561\/18 LFPK<br \/>\nA) LFFA-E4525\/18 LFPL<br \/>\nA) LFFA-E4523\/18 LFPM<br \/>\nA) LFFA-E4521\/18 LFPN<br \/>\nA) LFFA-E4547\/18 LFPP<br \/>\nA) LFFA-E4543\/18 LFPQ<br \/>\nA) LFFA-E4519\/18 LFPT<br \/>\nA) LFFA-E4531\/18 LFPX<br \/>\nA) LFFA-E4529\/18 LFPZ<br \/>\nA) LFFA-E4539\/18 LFXU<\/p>\n<p>Q) LFFF\/QFALT\/IV\/NBO\/ A\/000\/999\/4926N00248E005<\/p>\n<p>B) 2018 Nov 08 12:30 C) 2018 Nov 11 19:00<br \/>\nE) DISPOSITIF DE SURETE AERIENNE POUR LES CEREMONIES DE COMMEMERATION<br \/>\nDE<br \/>\nL&rsquo;ARMISTICE &#8211; SUP AIP 218\/18 MODIFIE :<br \/>\nOBJET : CREATION A TITRE TEMPORAIRE DE 2 ZONES INTERDITES ET 3 ZONES<br \/>\nREGLEMENTEES, SUSPENSION DE CERTAINE ACTIVITEES AERIENNES ET<br \/>\nRESTRICTIONS SUR DES AERODROMES .<br \/>\nMODIFICATION :<br \/>\nPARAGRAPHE CONDITIONS DE PENTRATION :<br \/>\nLIRE : NOV 08 ET 09 1230-1630 (AU LIEU DE NOV 08 ET 09 1230-0630)<br \/>\nLIRE :<br \/>\nAUTRES ACTIVITES SUSPENDUES : (3)<br \/>\nAU LIEU DE :<br \/>\nAUTRES ACTIVITES SUSPENDUES : (4)<br \/>\n&#8211; CONTACTS DURANT LES HORAIRES D&rsquo;ACTIVATION DES ZONES :<br \/>\n(C2A2) :<br \/>\n01.41.44.59.61 OU 01.41.44.59.62<br \/>\n06.68.08.67.29 OU 06.68.08.40.27<br \/>\nA DES FINS DE COORDINATION, TOUTE INTENTION DE VOL (UNIQUEMENT POUR<br \/>\nLES VOLS AUTORISES DANS LES CONDITIONS DU SUP AIP 218\/18) DANS LES<br \/>\nZONES DU SUP AIP 218\/18 LORSQUELLES SONT ACTIVES DOIT ETRE TRANSMISE<br \/>\nA : C2A2.DPSA(A)GMAIL.COM<br \/>\n-DETACHEMENTS DE LIAISON :<br \/>\nCHEF DES DL :0033 (0)6 69 16 76 39<br \/>\nBOURGET (LFPB) : 0033 (0)6 84 71 34 61<br \/>\nCOULOMMIERS (LFPK) :0033 (0)6 64 43 15 81<br \/>\nFONTENAY TRESIGNY (LFPQ) :0033 (0)6 67 42 63 47<br \/>\nLE PLESSIS (LFPP) : 0033 (0)6 37 01 23 69<br \/>\nISSY LES MOULINEAUX (LFPI) : 0033 (0)6 84 71 10 97<br \/>\nLA FERTE ALAIS (LFFQ):0033 (0)6 70 25 13 13<br \/>\nLOGNES (LFPL) : 0033 (0)6 64 48 29 94<br \/>\nMEAUX (LFPE) : 0033 (0)6 69 17 30 15<br \/>\nMELUN VILLAROCHE (LFPM) :0033 (0)6 68 08 54 85<br \/>\nNANGIS LES LOGES (LFAI) :0033 (0)6 64 09 55 54<br \/>\nORLY (LFPO) : 0033 (0)6 64 49 02 97<br \/>\nPERSANT-BEAUMONT (LFPA) : 0033 (0)6 64 09 26 17<br \/>\nPONTOISE (LFPT) : 0033 (0)6 69 16 75 55<br \/>\nTOUSSUS (LFPN) : 0033 (0)6 64 03 72 91<br \/>\nEACA0033 (0)6 37 01 38 94<br \/>\nCE SUP AIP EST DISPONIBLE SUR WWW.SIA.AVIATION-CIVILE.GOUV.FR<\/p>\n","protected":false},"excerpt":{"rendered":"<p>A) LFFA-E4549\/18 LFAD A) LFFA-E4555\/18 LFFC A) LFFA-E4557\/18 LFFD A) LFFA-E4535\/18 LFFE A) LFFA-E4541\/18 LFFQ A) LFFA-E4553\/18 LFFY A) LFFA-E4551\/18 LFJS A) LFFA-E4542\/18 LFOB A) LFFA-M3588\/18 LFOE A) LFFA-E4559\/18 LFON A) LFFA-E4563\/18 LFOX A) LFFA-E4537\/18 LFPA A) LFFA-E4545\/18 LFPE A) LFFA-E4533\/18 LFPF A) LFFA-E4527\/18 LFPH A) LFFA-E4561\/18 LFPK A) LFFA-E4525\/18 LFPL A) LFFA-E4523\/18 LFPM A) [&hellip;]<\/p>\n","protected":false},"author":1,"featured_media":0,"comment_status":"open","ping_status":"open","sticky":false,"template":"","format":"standard","meta":{"footnotes":""},"categories":[3],"tags":[1019,557,3851,2853,2895,2896,2412,535,993],"class_list":["post-21322","post","type-post","status-publish","format-standard","hentry","category-notam","tag-aviation","tag-aviation-generale","tag-commmoration","tag-notam","tag-nouvelles","tag-nouvelles-de-laviation-generale","tag-volets","tag-volets10","tag-volets10-fr"],"_links":{"self":[{"href":"https:\/\/volets10.fr\/WP\/wp-json\/wp\/v2\/posts\/21322"}],"collection":[{"href":"https:\/\/volets10.fr\/WP\/wp-json\/wp\/v2\/posts"}],"about":[{"href":"https:\/\/volets10.fr\/WP\/wp-json\/wp\/v2\/types\/post"}],"author":[{"embeddable":true,"href":"https:\/\/volets10.fr\/WP\/wp-json\/wp\/v2\/users\/1"}],"replies":[{"embeddable":true,"href":"https:\/\/volets10.fr\/WP\/wp-json\/wp\/v2\/comments?post=21322"}],"version-history":[{"count":0,"href":"https:\/\/volets10.fr\/WP\/wp-json\/wp\/v2\/posts\/21322\/revisions"}],"wp:attachment":[{"href":"https:\/\/volets10.fr\/WP\/wp-json\/wp\/v2\/media?parent=21322"}],"wp:term":[{"taxonomy":"category","embeddable":true,"href":"https:\/\/volets10.fr\/WP\/wp-json\/wp\/v2\/categories?post=21322"},{"taxonomy":"post_tag","embeddable":true,"href":"https:\/\/volets10.fr\/WP\/wp-json\/wp\/v2\/tags?post=21322"}],"curies":[{"name":"wp","href":"https:\/\/api.w.org\/{rel}","templated":true}]}}