{"id":22101,"date":"2021-05-06T18:01:46","date_gmt":"2021-05-06T16:01:46","guid":{"rendered":"https:\/\/volets10.fr\/WP\/?p=22101"},"modified":"2021-05-11T21:44:42","modified_gmt":"2021-05-11T19:44:42","slug":"sup-aip-en-vigueur-au-06-mai-2021","status":"publish","type":"post","link":"https:\/\/volets10.fr\/WP\/archives\/22101\/sup-aip-en-vigueur-au-06-mai-2021\/","title":{"rendered":"SUP\/AIP EN VIGUEUR AU 06 MAI 2021"},"content":{"rendered":"<table style=\"width: 57.1454%;\" align=\"center\">\n<tbody>\n<tr>\n<td style=\"width: 100%;\" align=\"center\"><a href=\"https:\/\/www.sia.aviation-civile.gouv.fr\/\" target=\"_blank\" rel=\"noopener noreferrer\"><img loading=\"lazy\" decoding=\"async\" class=\"aligncenter wp-image-20406\" title=\"Cliquez pour acc\u00e9der au site du SIA\" src=\"http:\/\/volets10.fr\/WP\/wp-content\/uploads\/SIA-ENTETE.png\" alt=\"\" width=\"774\" height=\"126\" \/><\/a><\/td>\n<\/tr>\n<\/tbody>\n<\/table>\n<p><strong><span style=\"color: #ff0000;\">R\u00c9GION PARISIENNE<\/span><\/strong><\/p>\n<table class=\"listeSupAIP\" style=\"width: 100%;\" width=\"100%\">\n<tbody>\n<tr class=\"tr_ligne_document new-supaip\">\n<td class=\"td_lien_liste_document\" style=\"width: 68.0402%;\"><a class=\"lien_sup_aip\" href=\"https:\/\/www.sia.aviation-civile.gouv.fr\/documents\/download\/f\/d\/4792124\/\" target=\"_blank\" rel=\"noopener\"><b>114\/2021<\/b>Cr\u00e9ation de 5 zones r\u00e9glement\u00e9es temporaires (ZRT) pour les c\u00e9r\u00e9monies du Memorial Day \u00e0 Marnes-la-Coquette et \u00e0 Suresnes (FIR : Paris LFFF)\u00a0<i class=\"fas fa-external-link-alt\"><\/i><\/a><\/td>\n<td class=\"td_date_ligne_document\" style=\"width: 31.3568%;\">\n<div>Valide du\u00a0<strong>2021-05-25<\/strong>\u00a0au\u00a0<strong>2021-05-31<\/strong><\/div>\n<div class=\"state-selected\"><label>IFR<\/label>\u00a0<label>VFR<\/label>\u00a0<label>AIRAC<\/label><\/div>\n<\/td>\n<\/tr>\n<\/tbody>\n<\/table>\n<table class=\"listeSupAIP\" style=\"width: 100%;\" width=\"100%\">\n<tbody>\n<tr class=\"tr_ligne_document \">\n<td class=\"td_lien_liste_document\" style=\"width: 68.0402%;\"><a class=\"lien_sup_aip\" href=\"https:\/\/www.sia.aviation-civile.gouv.fr\/documents\/download\/f\/d\/4381795\/\" target=\"_blank\" rel=\"noopener\"><b>067\/2021<\/b>Cr\u00e9ation d\u2019une zone r\u00e9glement\u00e9e temporaire (ZRT) Beynes et modification du gestionnaire des zones LF-D 568 A et B Frileuse\u00a0<i class=\"fas fa-external-link-alt\"><\/i><\/a><\/td>\n<td class=\"td_date_ligne_document\" style=\"width: 31.3568%;\">\n<div>Valide du\u00a0<strong>2021-04-22<\/strong>\u00a0au\u00a0<strong>2022-04-20<\/strong><\/div>\n<div class=\"state-selected\"><label>IFR<\/label>\u00a0<label>VFR<\/label>\u00a0<label>AIRAC<\/label><\/div>\n<\/td>\n<\/tr>\n<\/tbody>\n<\/table>\n<table class=\"listeSupAIP\" width=\"100%\">\n<tbody>\n<tr class=\"tr_ligne_document \">\n<td class=\"td_lien_liste_document\"><a class=\"lien_sup_aip\" href=\"https:\/\/www.sia.aviation-civile.gouv.fr\/documents\/download\/f\/d\/4381774\/\" target=\"_blank\" rel=\"noopener\"><b>066\/2021<\/b>Cr\u00e9ation d\u2019une zone interdite temporaire (ZIT) Les Alluets (FIR : Paris LFFF)\u00a0<i class=\"fas fa-external-link-alt\"><\/i><\/a><\/td>\n<td class=\"td_date_ligne_document\">\n<div>Valide du\u00a0<strong>2021-04-22<\/strong>\u00a0au\u00a0<strong>2022-04-20<\/strong><\/div>\n<div class=\"state-selected\"><label>IFR<\/label>\u00a0<label>VFR<\/label>\u00a0<label>AIRAC<\/label><\/div>\n<\/td>\n<\/tr>\n<\/tbody>\n<\/table>\n<p>&nbsp;<\/p>\n<p><strong style=\"color: #ff0000;\">VOIR TOUS LES SUP\/AIP EN VIGUEUR AU 06\/05\/2021 (cliquez ci-dessous)<\/strong><\/p>\n<p><!--more--><\/p>\n<p class=\"dateMAJListe\"><b>Date de derni\u00e8re mise \u00e0 jour de la liste : 06\/05\/2021<\/b><\/p>\n<table class=\"listeSupAIP\" width=\"100%\">\n<tbody>\n<tr class=\"tr_ligne_document new-supaip\">\n<td class=\"td_lien_liste_document\"><a class=\"lien_sup_aip\" href=\"https:\/\/www.sia.aviation-civile.gouv.fr\/documents\/download\/f\/d\/4792124\/\" target=\"_blank\" rel=\"noopener\"><b>114\/2021<\/b>Cr\u00e9ation de 5 zones r\u00e9glement\u00e9es temporaires (ZRT) pour les c\u00e9r\u00e9monies du Memorial Day \u00e0 Marnes-la-Coquette et \u00e0 Suresnes (FIR : Paris LFFF)\u00a0<i class=\"fas fa-external-link-alt\"><\/i><\/a><\/td>\n<td class=\"td_date_ligne_document\">\n<div>Valide du\u00a0<strong>2021-05-25<\/strong>\u00a0au\u00a0<strong>2021-05-31<\/strong><\/div>\n<div class=\"state-selected\"><label>IFR<\/label>\u00a0<label>VFR<\/label>\u00a0<label>AIRAC<\/label><\/div>\n<\/td>\n<\/tr>\n<tr class=\"tr_ligne_document new-supaip\">\n<td class=\"td_lien_liste_document\"><a class=\"lien_sup_aip\" href=\"https:\/\/www.sia.aviation-civile.gouv.fr\/documents\/download\/f\/d\/4791434\/\" target=\"_blank\" rel=\"noopener\"><b>113\/2021<\/b>Cr\u00e9ation de plusieurs espaces a\u00e9riens temporaires (CTR et TMA) se substituant aux espaces a\u00e9riens contr\u00f4l\u00e9s associ\u00e9es \u00e0 l\u2019a\u00e9rodrome de Tours Val de Loire LFOT et modification AIP France AD 2 LFOT\u00a0<i class=\"fas fa-external-link-alt\"><\/i><\/a><\/td>\n<td class=\"td_date_ligne_document\">\n<div>Valide du\u00a0<strong>2021-06-17<\/strong>\u00a0au\u00a0<strong>2022-04-20<\/strong><\/div>\n<div class=\"state-selected\"><label>IFR<\/label>\u00a0<label>VFR<\/label>\u00a0<label>AIRAC<\/label><\/div>\n<\/td>\n<\/tr>\n<tr class=\"tr_ligne_document new-supaip\">\n<td class=\"td_lien_liste_document\"><a class=\"lien_sup_aip\" href=\"https:\/\/www.sia.aviation-civile.gouv.fr\/documents\/download\/f\/d\/4791360\/\" target=\"_blank\" rel=\"noopener\"><b>112\/2021<\/b>Cr\u00e9ation d\u2019une zone r\u00e9glement\u00e9e temporaire (ZRT) GPM 2021 \u00e0 l\u2019occasion du Grand Prix de Monaco (GPM) de Formule 1\u00a0<i class=\"fas fa-external-link-alt\"><\/i><\/a><\/td>\n<td class=\"td_date_ligne_document\">\n<div>Valide du\u00a0<strong>2021-05-22<\/strong>\u00a0au\u00a0<strong>2021-05-24<\/strong><\/div>\n<div class=\"state-selected\"><label>IFR<\/label>\u00a0<label>VFR<\/label>\u00a0<label>AIRAC<\/label><\/div>\n<\/td>\n<\/tr>\n<tr class=\"tr_ligne_document new-supaip\">\n<td class=\"td_lien_liste_document\"><a class=\"lien_sup_aip\" href=\"https:\/\/www.sia.aviation-civile.gouv.fr\/documents\/download\/f\/d\/4791304\/\" target=\"_blank\" rel=\"noopener\"><b>111\/2021<\/b>Cr\u00e9ation d\u2019une zone r\u00e9glement\u00e9e temporaire (ZRT) dans la r\u00e9gion de DAX pour l\u2019exercice CENACLE\u00a0<i class=\"fas fa-external-link-alt\"><\/i><\/a><\/td>\n<td class=\"td_date_ligne_document\">\n<div>Valide du\u00a0<strong>2021-05-24<\/strong>\u00a0au\u00a0<strong>2021-05-24<\/strong><\/div>\n<div class=\"state-selected\"><label>IFR<\/label>\u00a0<label>VFR<\/label>\u00a0<label>AIRAC<\/label><\/div>\n<\/td>\n<\/tr>\n<tr class=\"tr_ligne_document new-supaip\">\n<td class=\"td_lien_liste_document\"><a class=\"lien_sup_aip\" href=\"https:\/\/www.sia.aviation-civile.gouv.fr\/documents\/download\/f\/d\/4791242\/\" target=\"_blank\" rel=\"noopener\"><b>110\/2021<\/b>Evaluation op\u00e9rationnelle approche \u00e0 vue RNP VISUAL SOGBO RWY 05 \u00e0 Bordeaux M\u00e9rignac LFBD\u00a0<i class=\"fas fa-external-link-alt\"><\/i><\/a><\/td>\n<td class=\"td_date_ligne_document\">\n<div>Valide du\u00a0<strong>2021-06-17<\/strong>\u00a0au\u00a0<strong>2021-12-01<\/strong><\/div>\n<div class=\"state-selected\"><label>IFR<\/label>\u00a0<label>VFR<\/label>\u00a0<label>AIRAC<\/label><\/div>\n<\/td>\n<\/tr>\n<tr class=\"tr_ligne_document new-supaip\">\n<td class=\"td_lien_liste_document\"><a class=\"lien_sup_aip\" href=\"https:\/\/www.sia.aviation-civile.gouv.fr\/documents\/download\/f\/d\/4791142\/\" target=\"_blank\" rel=\"noopener\"><b>109\/2021<\/b>Cr\u00e9ation d\u2019une zone r\u00e9glement\u00e9e temporaire (ZRT) pour des activit\u00e9s sp\u00e9cifiques D\u00e9fense \u00e0 Nancy Ochey LFSO\u00a0<i class=\"fas fa-external-link-alt\"><\/i><\/a><\/td>\n<td class=\"td_date_ligne_document\">\n<div>Valide du\u00a0<strong>2021-05-26<\/strong>\u00a0au\u00a0<strong>2021-05-27<\/strong><\/div>\n<div class=\"state-selected\"><label>IFR<\/label>\u00a0<label>VFR<\/label>\u00a0<label>AIRAC<\/label><\/div>\n<\/td>\n<\/tr>\n<tr class=\"tr_ligne_document new-supaip\">\n<td class=\"td_lien_liste_document\"><a class=\"lien_sup_aip\" href=\"https:\/\/www.sia.aviation-civile.gouv.fr\/documents\/download\/f\/d\/4791075\/\" target=\"_blank\" rel=\"noopener\"><b>108\/2021<\/b>Fermeture de piste et restriction d\u2019utilisation AD Paris Charles-de-Gaulle LFPG cause travaux de r\u00e9novation de la piste 09L\/27R\u00a0<i class=\"fas fa-external-link-alt\"><\/i><\/a><\/td>\n<td class=\"td_date_ligne_document\">\n<div>Valide du\u00a0<strong>2021-06-17<\/strong>\u00a0au\u00a0<strong>2021-10-10<\/strong><\/div>\n<div class=\"state-selected\"><label>IFR<\/label>\u00a0<label>VFR<\/label>\u00a0<label>AIRAC<\/label><\/div>\n<\/td>\n<\/tr>\n<tr class=\"tr_ligne_document new-supaip\">\n<td class=\"td_lien_liste_document\"><a class=\"lien_sup_aip\" href=\"https:\/\/www.sia.aviation-civile.gouv.fr\/documents\/download\/f\/d\/4790638\/\" target=\"_blank\" rel=\"noopener\"><b>107\/2021<\/b>Restrictions d\u2019utilisation AD Avord LFOA cause travaux de r\u00e9novation de la plateforme, PHASE 3\u00a0<i class=\"fas fa-external-link-alt\"><\/i><\/a><\/td>\n<td class=\"td_date_ligne_document\">\n<div>Valide du\u00a0<strong>2021-06-17<\/strong>\u00a0au\u00a0<strong>2021-11-14<\/strong><\/div>\n<div class=\"state-selected\"><label>IFR<\/label>\u00a0<label>VFR<\/label>\u00a0<label>AIRAC<\/label><\/div>\n<\/td>\n<\/tr>\n<tr class=\"tr_ligne_document \">\n<td class=\"td_lien_liste_document\"><a class=\"lien_sup_aip\" href=\"https:\/\/www.sia.aviation-civile.gouv.fr\/documents\/download\/f\/d\/4639974\/\" target=\"_blank\" rel=\"noopener\"><b>106\/2021<\/b>Cr\u00e9ation de 17 zones r\u00e9glement\u00e9es temporaires (ZRT) et 2 zones dangereuses temporaires (ZDT) pour ATLANTIC TRIDENT 2021 en r\u00e9gion Sud-Ouest\u00a0<i class=\"fas fa-external-link-alt\"><\/i><\/a><\/td>\n<td class=\"td_date_ligne_document\">\n<div>Valide du\u00a0<strong>2021-05-17<\/strong>\u00a0au\u00a0<strong>2021-05-28<\/strong><\/div>\n<div class=\"state-selected\"><label>IFR<\/label>\u00a0<label>VFR<\/label>\u00a0<label>AIRAC<\/label><\/div>\n<\/td>\n<\/tr>\n<tr class=\"tr_ligne_document \">\n<td class=\"td_lien_liste_document\"><a class=\"lien_sup_aip\" href=\"https:\/\/www.sia.aviation-civile.gouv.fr\/documents\/download\/f\/d\/4639967\/\" target=\"_blank\" rel=\"noopener\"><b>105\/2021<\/b>Cr\u00e9ation de 2 zones r\u00e9glement\u00e9es temporaires (ZRT) dans la r\u00e9gion de PAMIERS pour l\u2019exercice EUGENIE 2021\u00a0<i class=\"fas fa-external-link-alt\"><\/i><\/a><\/td>\n<td class=\"td_date_ligne_document\">\n<div>Valide du\u00a0<strong>2021-05-19<\/strong>\u00a0au\u00a0<strong>2021-05-21<\/strong><\/div>\n<div class=\"state-selected\"><label>IFR<\/label>\u00a0<label>VFR<\/label>\u00a0<label>AIRAC<\/label><\/div>\n<\/td>\n<\/tr>\n<tr class=\"tr_ligne_document \">\n<td class=\"td_lien_liste_document\"><a class=\"lien_sup_aip\" href=\"https:\/\/www.sia.aviation-civile.gouv.fr\/documents\/download\/f\/d\/4639962\/\" target=\"_blank\" rel=\"noopener\"><b>104\/2021<\/b>Cr\u00e9ation d\u2019une zone r\u00e9glement\u00e9e temporaire (ZRT) entre Vieux-Boucau-Les-Bains et Capbreton (FIR : Bordeaux LFBB)\u00a0<i class=\"fas fa-external-link-alt\"><\/i><\/a><\/td>\n<td class=\"td_date_ligne_document\">\n<div>Valide du\u00a0<strong>2021-05-17<\/strong>\u00a0au\u00a0<strong>2021-05-28<\/strong><\/div>\n<div class=\"state-selected\"><label>IFR<\/label>\u00a0<label>VFR<\/label>\u00a0<label>AIRAC<\/label><\/div>\n<\/td>\n<\/tr>\n<tr class=\"tr_ligne_document \">\n<td class=\"td_lien_liste_document\"><a class=\"lien_sup_aip\" href=\"https:\/\/www.sia.aviation-civile.gouv.fr\/documents\/download\/f\/d\/4639956\/\" target=\"_blank\" rel=\"noopener\"><b>103\/2021<\/b>AD Nice C\u00f4te d&rsquo;Azur LFMN : modification des capacit\u00e9s des parkings avions 56 A, B et C, 58 A, B, et C, 60, 62 et cr\u00e9ation du parking 56 L\u00a0<i class=\"fas fa-external-link-alt\"><\/i><\/a><\/td>\n<td class=\"td_date_ligne_document\">\n<div>Valide du\u00a0<strong>2021-06-01<\/strong>\u00a0au\u00a0<strong>2021-07-14<\/strong><\/div>\n<div class=\"state-selected\"><label>IFR<\/label>\u00a0<label>VFR<\/label>\u00a0<label>AIRAC<\/label><\/div>\n<\/td>\n<\/tr>\n<tr class=\"tr_ligne_document \">\n<td class=\"td_lien_liste_document\"><a class=\"lien_sup_aip\" href=\"https:\/\/www.sia.aviation-civile.gouv.fr\/documents\/download\/f\/d\/4537847\/\" target=\"_blank\" rel=\"noopener\"><b>102\/2021<\/b>Restrictions utilisation de AD Cannes Mandelieu LFMD cause Grand Prix de Monaco (GPM)\u00a0<i class=\"fas fa-external-link-alt\"><\/i><\/a><\/td>\n<td class=\"td_date_ligne_document\">\n<div>Valide du\u00a0<strong>2021-05-20<\/strong>\u00a0au\u00a0<strong>2021-05-24<\/strong><\/div>\n<div class=\"state-selected\"><label>IFR<\/label>\u00a0<label>VFR<\/label>\u00a0<label>AIRAC<\/label><\/div>\n<\/td>\n<\/tr>\n<tr class=\"tr_ligne_document \">\n<td class=\"td_lien_liste_document\"><a class=\"lien_sup_aip\" href=\"https:\/\/www.sia.aviation-civile.gouv.fr\/documents\/download\/f\/d\/4536508\/\" target=\"_blank\" rel=\"noopener\"><b>101\/2021<\/b>Cr\u00e9ation de 10 zones r\u00e9glement\u00e9es temporaires (ZRT) mettant en oeuvre des a\u00e9ronefs sans \u00e9quipage \u00e0 bord et des a\u00e9ronefs de combat pour l\u2019exercice PINK BULL\u00a0<i class=\"fas fa-external-link-alt\"><\/i><\/a><\/td>\n<td class=\"td_date_ligne_document\">\n<div>Valide du\u00a0<strong>2021-05-11<\/strong>\u00a0au\u00a0<strong>2021-05-27<\/strong><\/div>\n<div class=\"state-selected\"><label>IFR<\/label>\u00a0<label>VFR<\/label>\u00a0<label>AIRAC<\/label><\/div>\n<\/td>\n<\/tr>\n<tr class=\"tr_ligne_document \">\n<td class=\"td_lien_liste_document\"><a class=\"lien_sup_aip\" href=\"https:\/\/www.sia.aviation-civile.gouv.fr\/documents\/download\/f\/d\/4523937\/\" target=\"_blank\" rel=\"noopener\"><b>100\/2021<\/b>Cr\u00e9ation de 3 zones r\u00e9glement\u00e9es temporaires (ZRT) pour les besoins d\u2019une surveillance de lin\u00e9aire ferroviaire sur l&rsquo;axe Gretz &#8211; Nangis\u00a0<i class=\"fas fa-external-link-alt\"><\/i><\/a><\/td>\n<td class=\"td_date_ligne_document\">\n<div>Valide du\u00a0<strong>2021-05-12<\/strong>\u00a0au\u00a0<strong>2021-08-18<\/strong><\/div>\n<div class=\"state-selected\"><label>IFR<\/label>\u00a0<label>VFR<\/label>\u00a0<label>AIRAC<\/label><\/div>\n<\/td>\n<\/tr>\n<tr class=\"tr_ligne_document \">\n<td class=\"td_lien_liste_document\"><a class=\"lien_sup_aip\" href=\"https:\/\/www.sia.aviation-civile.gouv.fr\/documents\/download\/f\/d\/4521862\/\" target=\"_blank\" rel=\"noopener\"><b>099\/2021<\/b>Modification des conditions d\u2019utilisation de l\u2019h\u00e9listation MIKE, AD Nice C\u00f4te d\u2019Azur, cause travaux de peinture sur la FATO ME, ME ferm\u00e9e\u00a0<i class=\"fas fa-external-link-alt\"><\/i><\/a><\/td>\n<td class=\"td_date_ligne_document\">\n<div>Valide du\u00a0<strong>2021-05-06<\/strong>\u00a0au\u00a0<strong>2021-10-21<\/strong><\/div>\n<div class=\"state-selected\"><label>IFR<\/label>\u00a0<label>VFR<\/label>\u00a0<label>AIRAC<\/label><\/div>\n<\/td>\n<\/tr>\n<tr class=\"tr_ligne_document \">\n<td class=\"td_lien_liste_document\"><a class=\"lien_sup_aip\" href=\"https:\/\/www.sia.aviation-civile.gouv.fr\/documents\/download\/f\/d\/4519322\/\" target=\"_blank\" rel=\"noopener\"><b>098\/2021<\/b>Modification des conditions d\u2019utilisation de l\u2019h\u00e9listation MIKE, AD Nice C\u00f4te d\u2019Azur, cause travaux de peinture sur la FATO MS ; MS ferm\u00e9e\u00a0<i class=\"fas fa-external-link-alt\"><\/i><\/a><\/td>\n<td class=\"td_date_ligne_document\">\n<div>Valide du\u00a0<strong>2021-05-06<\/strong>\u00a0au\u00a0<strong>2021-10-21<\/strong><\/div>\n<div class=\"state-selected\"><label>IFR<\/label>\u00a0<label>VFR<\/label>\u00a0<label>AIRAC<\/label><\/div>\n<\/td>\n<\/tr>\n<tr class=\"tr_ligne_document \">\n<td class=\"td_lien_liste_document\"><a class=\"lien_sup_aip\" href=\"https:\/\/www.sia.aviation-civile.gouv.fr\/documents\/download\/f\/d\/4518158\/\" target=\"_blank\" rel=\"noopener\"><b>097\/2021<\/b>Cr\u00e9ation d\u2019une zone r\u00e9glement\u00e9e temporaire (ZRT) pour la mise en oeuvre d\u2019a\u00e9ronefs sans \u00e9quipage \u00e0 bord, sur le camp de BOURG LASTIC\u00a0<i class=\"fas fa-external-link-alt\"><\/i><\/a><\/td>\n<td class=\"td_date_ligne_document\">\n<div>Valide du\u00a0<strong>2021-05-10<\/strong>\u00a0au\u00a0<strong>2021-11-30<\/strong><\/div>\n<div class=\"state-selected\"><label>IFR<\/label>\u00a0<label>VFR<\/label>\u00a0<label>AIRAC<\/label><\/div>\n<\/td>\n<\/tr>\n<tr class=\"tr_ligne_document \">\n<td class=\"td_lien_liste_document\"><a class=\"lien_sup_aip\" href=\"https:\/\/www.sia.aviation-civile.gouv.fr\/documents\/download\/f\/d\/4518118\/\" target=\"_blank\" rel=\"noopener\"><b>096\/2021<\/b>Exp\u00e9rimentation de modification des proc\u00e9dures de d\u00e9part RNAV vers TORPA, MOROK en piste 15 AD B\u00e2le Mulhouse LFSB\u00a0<i class=\"fas fa-external-link-alt\"><\/i><\/a><\/td>\n<td class=\"td_date_ligne_document\">\n<div>Valide du\u00a0<strong>2021-05-20<\/strong>\u00a0au\u00a0<strong>2021-06-16<\/strong><\/div>\n<div class=\"state-selected\"><label>IFR<\/label>\u00a0<label>VFR<\/label>\u00a0<label>AIRAC<\/label><\/div>\n<\/td>\n<\/tr>\n<tr class=\"tr_ligne_document \">\n<td class=\"td_lien_liste_document\"><a class=\"lien_sup_aip\" href=\"https:\/\/www.sia.aviation-civile.gouv.fr\/documents\/download\/f\/d\/4518081\/\" target=\"_blank\" rel=\"noopener\"><b>095\/2021<\/b>Cr\u00e9ation de 2 zones r\u00e9glement\u00e9es temporaires (ZRT) pour l\u2019exercice REZONVILLE 2021 dans la r\u00e9gion de METZ\u00a0<i class=\"fas fa-external-link-alt\"><\/i><\/a><\/td>\n<td class=\"td_date_ligne_document\">\n<div>Valide du\u00a0<strong>2021-05-11<\/strong>\u00a0au\u00a0<strong>2021-05-12<\/strong><\/div>\n<div class=\"state-selected\"><label>IFR<\/label>\u00a0<label>VFR<\/label>\u00a0<label>AIRAC<\/label><\/div>\n<\/td>\n<\/tr>\n<tr class=\"tr_ligne_document \">\n<td class=\"td_lien_liste_document\"><a class=\"lien_sup_aip\" href=\"https:\/\/www.sia.aviation-civile.gouv.fr\/documents\/download\/f\/d\/4442593\/\" target=\"_blank\" rel=\"noopener\"><b>094\/2021<\/b>Cr\u00e9ation d\u2019une zone r\u00e9glement\u00e9e temporaire (ZRT) en r\u00e9gion sud-ouest pour une comp\u00e9tition nationale de planeurs \u00e0 Rion Des Landes\u00a0<i class=\"fas fa-external-link-alt\"><\/i><\/a><\/td>\n<td class=\"td_date_ligne_document\">\n<div>Valide du\u00a0<strong>2021-04-29<\/strong>\u00a0au\u00a0<strong>2021-05-09<\/strong><\/div>\n<div class=\"state-selected\"><label>IFR<\/label>\u00a0<label>VFR<\/label>\u00a0<label>AIRAC<\/label><\/div>\n<\/td>\n<\/tr>\n<tr class=\"tr_ligne_document \">\n<td class=\"td_lien_liste_document\"><a class=\"lien_sup_aip\" href=\"https:\/\/www.sia.aviation-civile.gouv.fr\/documents\/download\/f\/d\/4442559\/\" target=\"_blank\" rel=\"noopener\"><b>093\/2021<\/b>Cr\u00e9ation d\u2019une zone r\u00e9glement\u00e9e temporaire (ZRT) 31 C CAZAUX (FIR : Bordeaux LFBB)\u00a0<strong>&#8211; annule et remplace le SUP AIP 058\/2021<\/strong>\u00a0<i class=\"fas fa-external-link-alt\"><\/i><\/a><\/td>\n<td class=\"td_date_ligne_document\">\n<div>Valide du\u00a0<strong>2021-04-22<\/strong>\u00a0au\u00a0<strong>2022-04-20<\/strong><\/div>\n<div class=\"state-selected\"><label>IFR<\/label>\u00a0<label>VFR<\/label>\u00a0<label>AIRAC<\/label><\/div>\n<\/td>\n<\/tr>\n<tr class=\"tr_ligne_document \">\n<td class=\"td_lien_liste_document\"><a class=\"lien_sup_aip\" href=\"https:\/\/www.sia.aviation-civile.gouv.fr\/documents\/download\/f\/d\/4442432\/\" target=\"_blank\" rel=\"noopener\"><b>090\/2021<\/b>Cr\u00e9ation de 2 zones r\u00e9glement\u00e9es temporaires (ZRT) pour l\u2019exercice OCCITAN ARROW 2021 dans la r\u00e9gion de CAYLUS\u00a0<i class=\"fas fa-external-link-alt\"><\/i><\/a><\/td>\n<td class=\"td_date_ligne_document\">\n<div>Valide du\u00a0<strong>2021-05-05<\/strong>\u00a0au\u00a0<strong>2021-05-06<\/strong><\/div>\n<div class=\"state-selected\"><label>IFR<\/label>\u00a0<label>VFR<\/label>\u00a0<label>AIRAC<\/label><\/div>\n<\/td>\n<\/tr>\n<tr class=\"tr_ligne_document \">\n<td class=\"td_lien_liste_document\"><a class=\"lien_sup_aip\" href=\"https:\/\/www.sia.aviation-civile.gouv.fr\/documents\/download\/f\/d\/4442406\/\" target=\"_blank\" rel=\"noopener\"><b>089\/2021<\/b>Cr\u00e9ation d\u2019une zone r\u00e9glement\u00e9e temporaire (ZRT) dans la r\u00e9gion d\u2019ORTHEZ\u00a0<i class=\"fas fa-external-link-alt\"><\/i><\/a><\/td>\n<td class=\"td_date_ligne_document\">\n<div>Valide du\u00a0<strong>2021-05-05<\/strong>\u00a0au\u00a0<strong>2021-05-06<\/strong><\/div>\n<div class=\"state-selected\"><label>IFR<\/label>\u00a0<label>VFR<\/label>\u00a0<label>AIRAC<\/label><\/div>\n<\/td>\n<\/tr>\n<tr class=\"tr_ligne_document \">\n<td class=\"td_lien_liste_document\"><a class=\"lien_sup_aip\" href=\"https:\/\/www.sia.aviation-civile.gouv.fr\/documents\/download\/f\/d\/4442373\/\" target=\"_blank\" rel=\"noopener\"><b>088\/2021<\/b>Cr\u00e9ation de 2 zones r\u00e9glement\u00e9es temporaires (ZRT) en r\u00e9gion sud-ouest pour l\u2019exercice JEZEX 2021\u00a0<i class=\"fas fa-external-link-alt\"><\/i><\/a><\/td>\n<td class=\"td_date_ligne_document\">\n<div>Valide du\u00a0<strong>2021-05-03<\/strong>\u00a0au\u00a0<strong>2021-05-07<\/strong><\/div>\n<div class=\"state-selected\"><label>IFR<\/label>\u00a0<label>VFR<\/label>\u00a0<label>AIRAC<\/label><\/div>\n<\/td>\n<\/tr>\n<tr class=\"tr_ligne_document \">\n<td class=\"td_lien_liste_document\"><a class=\"lien_sup_aip\" href=\"https:\/\/www.sia.aviation-civile.gouv.fr\/documents\/download\/f\/d\/4442337\/\" target=\"_blank\" rel=\"noopener\"><b>087\/2021<\/b>Cr\u00e9ation de 2 zones r\u00e9glement\u00e9es temporaires (ZRT) \u00e0 l\u2019occasion d\u2019activit\u00e9s de parachutage en haute altitude (HALO et HAHO), et modification de l\u2019activit\u00e9 PARA 520 Les Sables d\u2019Olonne\u00a0<i class=\"fas fa-external-link-alt\"><\/i><\/a><\/td>\n<td class=\"td_date_ligne_document\">\n<div>Valide du\u00a0<strong>2021-05-01<\/strong>\u00a0au\u00a0<strong>2021-09-30<\/strong><\/div>\n<div class=\"state-selected\"><label>IFR<\/label>\u00a0<label>VFR<\/label>\u00a0<label>AIRAC<\/label><\/div>\n<\/td>\n<\/tr>\n<tr class=\"tr_ligne_document \">\n<td class=\"td_lien_liste_document\"><a class=\"lien_sup_aip\" href=\"https:\/\/www.sia.aviation-civile.gouv.fr\/documents\/download\/f\/d\/4451253\/\" target=\"_blank\" rel=\"noopener\"><b>086\/2021<\/b>Cr\u00e9ation de 89 zones r\u00e9glement\u00e9es temporaires (ZRT) et 3 zones dangereuses temporaires (ZDT) en moyenne et haute altitude, pour le transit et les \u00e9volutions de drones d\u2019\u00c9tat vers une zone de travail\u00a0<i class=\"fas fa-external-link-alt\"><\/i><\/a><\/td>\n<td class=\"td_date_ligne_document\">\n<div>Valide du\u00a0<strong>2021-04-22<\/strong>\u00a0au\u00a0<strong>2022-04-20<\/strong><\/div>\n<div class=\"state-selected\"><label>IFR<\/label>\u00a0<label>VFR<\/label>\u00a0<label>AIRAC<\/label><\/div>\n<\/td>\n<\/tr>\n<tr class=\"tr_ligne_document \">\n<td class=\"td_lien_liste_document\"><a class=\"lien_sup_aip\" href=\"https:\/\/www.sia.aviation-civile.gouv.fr\/documents\/download\/f\/d\/4382259\/\" target=\"_blank\" rel=\"noopener\"><b>085\/2021<\/b>Cr\u00e9ation d\u2019une zone r\u00e9glement\u00e9e temporaire (ZRT) CHARLIE 2 (FIR : Marseille LFMM)\u00a0<i class=\"fas fa-external-link-alt\"><\/i><\/a><\/td>\n<td class=\"td_date_ligne_document\">\n<div>Valide du\u00a0<strong>2021-04-22<\/strong>\u00a0au\u00a0<strong>2022-04-20<\/strong><\/div>\n<div class=\"state-selected\"><label>IFR<\/label>\u00a0<label>VFR<\/label>\u00a0<label>AIRAC<\/label><\/div>\n<\/td>\n<\/tr>\n<tr class=\"tr_ligne_document \">\n<td class=\"td_lien_liste_document\"><a class=\"lien_sup_aip\" href=\"https:\/\/www.sia.aviation-civile.gouv.fr\/documents\/download\/f\/d\/4382221\/\" target=\"_blank\" rel=\"noopener\"><b>083\/2021<\/b>Cr\u00e9ation de 6 zones interdites temporaires (ZIT) en FIR Bordeaux LFBB\u00a0<i class=\"fas fa-external-link-alt\"><\/i><\/a><\/td>\n<td class=\"td_date_ligne_document\">\n<div>Valide du\u00a0<strong>2021-04-22<\/strong>\u00a0au\u00a0<strong>2022-04-20<\/strong><\/div>\n<div class=\"state-selected\"><label>IFR<\/label>\u00a0<label>VFR<\/label>\u00a0<label>AIRAC<\/label><\/div>\n<\/td>\n<\/tr>\n<tr class=\"tr_ligne_document \">\n<td class=\"td_lien_liste_document\"><a class=\"lien_sup_aip\" href=\"https:\/\/www.sia.aviation-civile.gouv.fr\/documents\/download\/f\/d\/4382193\/\" target=\"_blank\" rel=\"noopener\"><b>082\/2021<\/b>Salon LYON AIR EXPO : restrictions temporaires d&rsquo;acc\u00e8s AD Lyon-Bron LFLY et modifications d\u2019utilisation de l\u2019aire de trafic\u00a0<i class=\"fas fa-external-link-alt\"><\/i><\/a><\/td>\n<td class=\"td_date_ligne_document\">\n<div>Valide du\u00a0<strong>2021-05-20<\/strong>\u00a0au\u00a0<strong>2021-06-25<\/strong><\/div>\n<div class=\"state-selected\"><label>IFR<\/label>\u00a0<label>VFR<\/label>\u00a0<label>AIRAC<\/label><\/div>\n<\/td>\n<\/tr>\n<tr class=\"tr_ligne_document \">\n<td class=\"td_lien_liste_document\"><a class=\"lien_sup_aip\" href=\"https:\/\/www.sia.aviation-civile.gouv.fr\/documents\/download\/f\/d\/4382141\/\" target=\"_blank\" rel=\"noopener\"><b>080\/2021<\/b>Cr\u00e9ation de 3 zones r\u00e9glement\u00e9es temporaires (ZRT) et 2 zones dangereuses temporaires (ZDT) au profit d\u2019un vol hors vue d\u2019a\u00e9ronef sans \u00e9quipage \u00e0 bord dans le D\u00e9troit de la Manche\u00a0<i class=\"fas fa-external-link-alt\"><\/i><\/a><\/td>\n<td class=\"td_date_ligne_document\">\n<div>Valide du\u00a0<strong>2021-05-20<\/strong>\u00a0au\u00a0<strong>2021-10-29<\/strong><\/div>\n<div class=\"state-selected\"><label>IFR<\/label>\u00a0<label>VFR<\/label>\u00a0<label>AIRAC<\/label><\/div>\n<\/td>\n<\/tr>\n<tr class=\"tr_ligne_document \">\n<td class=\"td_lien_liste_document\"><a class=\"lien_sup_aip\" href=\"https:\/\/www.sia.aviation-civile.gouv.fr\/documents\/download\/f\/d\/4382118\/\" target=\"_blank\" rel=\"noopener\"><b>079\/2021<\/b>Modification des limites lat\u00e9rales de la zone interdite LF-P 29 LE RIPAULT\u00a0<i class=\"fas fa-external-link-alt\"><\/i><\/a><\/td>\n<td class=\"td_date_ligne_document\">\n<div>Valide du\u00a0<strong>2021-04-22<\/strong>\u00a0au\u00a0<strong>2022-04-20<\/strong><\/div>\n<div class=\"state-selected\"><label>IFR<\/label>\u00a0<label>VFR<\/label>\u00a0<label>AIRAC<\/label><\/div>\n<\/td>\n<\/tr>\n<tr class=\"tr_ligne_document \">\n<td class=\"td_lien_liste_document\"><a class=\"lien_sup_aip\" href=\"https:\/\/www.sia.aviation-civile.gouv.fr\/documents\/download\/f\/d\/4382091\/\" target=\"_blank\" rel=\"noopener\"><b>078\/2021<\/b>Cr\u00e9ation d\u2019une zone r\u00e9glement\u00e9e temporaire (ZRT) au profit des DRONES bas\u00e9s \u00e0 Cognac\u00a0<i class=\"fas fa-external-link-alt\"><\/i><\/a><\/td>\n<td class=\"td_date_ligne_document\">\n<div>Valide du\u00a0<strong>2021-04-22<\/strong>\u00a0au\u00a0<strong>2022-04-20<\/strong><\/div>\n<div class=\"state-selected\"><label>IFR<\/label>\u00a0<label>VFR<\/label>\u00a0<label>AIRAC<\/label><\/div>\n<\/td>\n<\/tr>\n<tr class=\"tr_ligne_document \">\n<td class=\"td_lien_liste_document\"><a class=\"lien_sup_aip\" href=\"https:\/\/www.sia.aviation-civile.gouv.fr\/documents\/download\/f\/d\/4379562\/\" target=\"_blank\" rel=\"noopener\"><b>077\/2021<\/b>Cr\u00e9ation \u00e0 titre exp\u00e9rimental de 2 zones r\u00e9glement\u00e9es temporaires (ZRT) PATROLLER et TRANSIT, pour vols d\u2019a\u00e9ronefs sans \u00e9quipage \u00e0 bord dans la r\u00e9gion de Chaumont (FIR : Reims LFEE)\u00a0<i class=\"fas fa-external-link-alt\"><\/i><\/a><\/td>\n<td class=\"td_date_ligne_document\">\n<div>Valide du\u00a0<strong>2021-04-22<\/strong>\u00a0au\u00a0<strong>2022-04-20<\/strong><\/div>\n<div class=\"state-selected\"><label>IFR<\/label>\u00a0<label>VFR<\/label>\u00a0<label>AIRAC<\/label><\/div>\n<\/td>\n<\/tr>\n<tr class=\"tr_ligne_document \">\n<td class=\"td_lien_liste_document\"><a class=\"lien_sup_aip\" href=\"https:\/\/www.sia.aviation-civile.gouv.fr\/documents\/download\/f\/d\/4382050\/\" target=\"_blank\" rel=\"noopener\"><b>076\/2021<\/b>Cr\u00e9ation d\u2019un second itin\u00e9raire VFR de jour en Plaine d\u2019Alsace (FIR Reims LFEE)\u00a0<i class=\"fas fa-external-link-alt\"><\/i><\/a><\/td>\n<td class=\"td_date_ligne_document\">\n<div>Valide du\u00a0<strong>2021-04-22<\/strong>\u00a0au\u00a0<strong>2022-04-20<\/strong><\/div>\n<div class=\"state-selected\"><label>IFR<\/label>\u00a0<label>VFR<\/label>\u00a0<label>AIRAC<\/label><\/div>\n<\/td>\n<\/tr>\n<tr class=\"tr_ligne_document \">\n<td class=\"td_lien_liste_document\"><a class=\"lien_sup_aip\" href=\"https:\/\/www.sia.aviation-civile.gouv.fr\/documents\/download\/f\/d\/4381951\/\" target=\"_blank\" rel=\"noopener\"><b>075\/2021<\/b>Cr\u00e9ation de 9 zones interdites temporaires (ZIT) en FIR Reims LFEE et Paris LFFF\u00a0<i class=\"fas fa-external-link-alt\"><\/i><\/a><\/td>\n<td class=\"td_date_ligne_document\">\n<div>Valide du\u00a0<strong>2021-04-22<\/strong>\u00a0au\u00a0<strong>2022-04-20<\/strong><\/div>\n<div class=\"state-selected\"><label>IFR<\/label>\u00a0<label>VFR<\/label>\u00a0<label>AIRAC<\/label><\/div>\n<\/td>\n<\/tr>\n<tr class=\"tr_ligne_document \">\n<td class=\"td_lien_liste_document\"><a class=\"lien_sup_aip\" href=\"https:\/\/www.sia.aviation-civile.gouv.fr\/documents\/download\/f\/d\/4381927\/\" target=\"_blank\" rel=\"noopener\"><b>074\/2021<\/b>Cr\u00e9ation de 11 zones interdites temporaires (ZIT) en FIR Marseille LFMM\u00a0<i class=\"fas fa-external-link-alt\"><\/i><\/a><\/td>\n<td class=\"td_date_ligne_document\">\n<div>Valide du\u00a0<strong>2021-04-22<\/strong>\u00a0au\u00a0<strong>2022-04-20<\/strong><\/div>\n<div class=\"state-selected\"><label>IFR<\/label>\u00a0<label>VFR<\/label>\u00a0<label>AIRAC<\/label><\/div>\n<\/td>\n<\/tr>\n<tr class=\"tr_ligne_document \">\n<td class=\"td_lien_liste_document\"><a class=\"lien_sup_aip\" href=\"https:\/\/www.sia.aviation-civile.gouv.fr\/documents\/download\/f\/d\/4380588\/\" target=\"_blank\" rel=\"noopener\"><b>073\/2021<\/b>Cr\u00e9ation de 3 zones interdites temporaires (ZIT) en FIR Brest LFRR\u00a0<i class=\"fas fa-external-link-alt\"><\/i><\/a><\/td>\n<td class=\"td_date_ligne_document\">\n<div>Valide du\u00a0<strong>2021-04-22<\/strong>\u00a0au\u00a0<strong>2022-04-20<\/strong><\/div>\n<div class=\"state-selected\"><label>IFR<\/label>\u00a0<label>VFR<\/label>\u00a0<label>AIRAC<\/label><\/div>\n<\/td>\n<\/tr>\n<tr class=\"tr_ligne_document \">\n<td class=\"td_lien_liste_document\"><a class=\"lien_sup_aip\" href=\"https:\/\/www.sia.aviation-civile.gouv.fr\/documents\/download\/f\/d\/4379093\/\" target=\"_blank\" rel=\"noopener\"><b>072\/2021<\/b>Cr\u00e9ation de 6 zones interdites temporaires (ZIT) en FIR Paris (LFFF)\u00a0<i class=\"fas fa-external-link-alt\"><\/i><\/a><\/td>\n<td class=\"td_date_ligne_document\">\n<div>Valide du\u00a0<strong>2021-04-22<\/strong>\u00a0au\u00a0<strong>2022-04-20<\/strong><\/div>\n<div class=\"state-selected\"><label>IFR<\/label>\u00a0<label>VFR<\/label>\u00a0<label>AIRAC<\/label><\/div>\n<\/td>\n<\/tr>\n<tr class=\"tr_ligne_document \">\n<td class=\"td_lien_liste_document\"><a class=\"lien_sup_aip\" href=\"https:\/\/www.sia.aviation-civile.gouv.fr\/documents\/download\/f\/d\/4381878\/\" target=\"_blank\" rel=\"noopener\"><b>071\/2021<\/b>Cr\u00e9ation d\u2019une zone interdite temporaire (ZIT) TOURS\u00a0<i class=\"fas fa-external-link-alt\"><\/i><\/a><\/td>\n<td class=\"td_date_ligne_document\">\n<div>Valide du\u00a0<strong>2021-04-22<\/strong>\u00a0au\u00a0<strong>2021-07-01<\/strong><\/div>\n<div class=\"state-selected\"><label>IFR<\/label>\u00a0<label>VFR<\/label>\u00a0<label>AIRAC<\/label><\/div>\n<\/td>\n<\/tr>\n<tr class=\"tr_ligne_document \">\n<td class=\"td_lien_liste_document\"><a class=\"lien_sup_aip\" href=\"https:\/\/www.sia.aviation-civile.gouv.fr\/documents\/download\/f\/d\/4381857\/\" target=\"_blank\" rel=\"noopener\"><b>070\/2021<\/b>Cr\u00e9ation d\u2019une zone interdite temporaire (ZIT) Domme (FIR : Bordeaux LFBB &#8211; AD : Sarlat Domme LFDS)\u00a0<strong>&#8211; date de fin avanc\u00e9e &#8211; un nouveau SUP AIP sera publi\u00e9 le 13 mai 2021<\/strong>\u00a0<i class=\"fas fa-external-link-alt\"><\/i><\/a><\/td>\n<td class=\"td_date_ligne_document\">\n<div>Valide du\u00a0<strong>2021-04-22<\/strong>\u00a0au\u00a0<strong class=\"alert-data\">2021-05-26<\/strong><\/div>\n<div class=\"state-selected\"><label>IFR<\/label>\u00a0<label>VFR<\/label>\u00a0<label>AIRAC<\/label><\/div>\n<\/td>\n<\/tr>\n<tr class=\"tr_ligne_document \">\n<td class=\"td_lien_liste_document\"><a class=\"lien_sup_aip\" href=\"https:\/\/www.sia.aviation-civile.gouv.fr\/documents\/download\/f\/d\/4381834\/\" target=\"_blank\" rel=\"noopener\"><b>069\/2021<\/b>Cr\u00e9ation d\u2019une zone interdite temporaire (ZIT) Montervilly (FIR : Brest LFRR)\u00a0<i class=\"fas fa-external-link-alt\"><\/i><\/a><\/td>\n<td class=\"td_date_ligne_document\">\n<div>Valide du\u00a0<strong>2021-04-22<\/strong>\u00a0au\u00a0<strong>2022-04-20<\/strong><\/div>\n<div class=\"state-selected\"><label>IFR<\/label>\u00a0<label>VFR<\/label>\u00a0<label>AIRAC<\/label><\/div>\n<\/td>\n<\/tr>\n<tr class=\"tr_ligne_document \">\n<td class=\"td_lien_liste_document\"><a class=\"lien_sup_aip\" href=\"https:\/\/www.sia.aviation-civile.gouv.fr\/documents\/download\/f\/d\/4381813\/\" target=\"_blank\" rel=\"noopener\"><b>068\/2021<\/b>Modifications des conditions de p\u00e9n\u00e9tration et des itin\u00e9raires dans la zone LF-R 29 \u00ab\u00a0Ile Longue\u00a0\u00bb\u00a0<i class=\"fas fa-external-link-alt\"><\/i><\/a><\/td>\n<td class=\"td_date_ligne_document\">\n<div>Valide du\u00a0<strong>2021-04-22<\/strong>\u00a0au\u00a0<strong>2022-04-20<\/strong><\/div>\n<div class=\"state-selected\"><label>IFR<\/label>\u00a0<label>VFR<\/label>\u00a0<label>AIRAC<\/label><\/div>\n<\/td>\n<\/tr>\n<tr class=\"tr_ligne_document \">\n<td class=\"td_lien_liste_document\"><a class=\"lien_sup_aip\" href=\"https:\/\/www.sia.aviation-civile.gouv.fr\/documents\/download\/f\/d\/4381795\/\" target=\"_blank\" rel=\"noopener\"><b>067\/2021<\/b>Cr\u00e9ation d\u2019une zone r\u00e9glement\u00e9e temporaire (ZRT) Beynes et modification du gestionnaire des zones LF-D 568 A et B Frileuse\u00a0<i class=\"fas fa-external-link-alt\"><\/i><\/a><\/td>\n<td class=\"td_date_ligne_document\">\n<div>Valide du\u00a0<strong>2021-04-22<\/strong>\u00a0au\u00a0<strong>2022-04-20<\/strong><\/div>\n<div class=\"state-selected\"><label>IFR<\/label>\u00a0<label>VFR<\/label>\u00a0<label>AIRAC<\/label><\/div>\n<\/td>\n<\/tr>\n<tr class=\"tr_ligne_document \">\n<td class=\"td_lien_liste_document\"><a class=\"lien_sup_aip\" href=\"https:\/\/www.sia.aviation-civile.gouv.fr\/documents\/download\/f\/d\/4381774\/\" target=\"_blank\" rel=\"noopener\"><b>066\/2021<\/b>Cr\u00e9ation d\u2019une zone interdite temporaire (ZIT) Les Alluets (FIR : Paris LFFF)\u00a0<i class=\"fas fa-external-link-alt\"><\/i><\/a><\/td>\n<td class=\"td_date_ligne_document\">\n<div>Valide du\u00a0<strong>2021-04-22<\/strong>\u00a0au\u00a0<strong>2022-04-20<\/strong><\/div>\n<div class=\"state-selected\"><label>IFR<\/label>\u00a0<label>VFR<\/label>\u00a0<label>AIRAC<\/label><\/div>\n<\/td>\n<\/tr>\n<tr class=\"tr_ligne_document \">\n<td class=\"td_lien_liste_document\"><a class=\"lien_sup_aip\" href=\"https:\/\/www.sia.aviation-civile.gouv.fr\/documents\/download\/f\/d\/4381765\/\" target=\"_blank\" rel=\"noopener\"><b>065\/2021<\/b>Phase 5 de l\u2019exp\u00e9rimentation de proc\u00e9dures de d\u00e9parts RNAV (GNSS) vers FISTO et LACOU pistes 32L\/32R \u00e0 Toulouse Blagnac LFBO\u00a0<i class=\"fas fa-external-link-alt\"><\/i><\/a><\/td>\n<td class=\"td_date_ligne_document\">\n<div>Valide du\u00a0<strong>2021-04-22<\/strong>\u00a0au\u00a0<strong>2021-10-06<\/strong><\/div>\n<div class=\"state-selected\"><label>IFR<\/label>\u00a0<label>VFR<\/label>\u00a0<label>AIRAC<\/label><\/div>\n<\/td>\n<\/tr>\n<tr class=\"tr_ligne_document \">\n<td class=\"td_lien_liste_document\"><a class=\"lien_sup_aip\" href=\"https:\/\/www.sia.aviation-civile.gouv.fr\/documents\/download\/f\/d\/4381750\/\" target=\"_blank\" rel=\"noopener\"><b>064\/2021<\/b>Cr\u00e9ation d\u2019une RMZ (zone \u00e0 utilisation obligatoire de radio) sur AD Morlaix Ploujean LFRU\u00a0<i class=\"fas fa-external-link-alt\"><\/i><\/a><\/td>\n<td class=\"td_date_ligne_document\">\n<div>Valide du\u00a0<strong>2021-04-22<\/strong>\u00a0au\u00a0<strong>2022-04-20<\/strong><\/div>\n<div class=\"state-selected\"><label>IFR<\/label>\u00a0<label>VFR<\/label>\u00a0<label>AIRAC<\/label><\/div>\n<\/td>\n<\/tr>\n<tr class=\"tr_ligne_document \">\n<td class=\"td_lien_liste_document\"><a class=\"lien_sup_aip\" href=\"https:\/\/www.sia.aviation-civile.gouv.fr\/documents\/download\/f\/d\/4381727\/\" target=\"_blank\" rel=\"noopener\"><b>063\/2021<\/b>Cr\u00e9ation d\u2019une zone r\u00e9glement\u00e9e temporaire (ZRT) sur AD Lorient Lann-Bihou\u00e9 (LFRH)\u00a0<i class=\"fas fa-external-link-alt\"><\/i><\/a><\/td>\n<td class=\"td_date_ligne_document\">\n<div>Valide du\u00a0<strong>2021-04-22<\/strong>\u00a0au\u00a0<strong>2022-04-20<\/strong><\/div>\n<div class=\"state-selected\"><label>IFR<\/label>\u00a0<label>VFR<\/label>\u00a0<label>AIRAC<\/label><\/div>\n<\/td>\n<\/tr>\n<tr class=\"tr_ligne_document \">\n<td class=\"td_lien_liste_document\"><a class=\"lien_sup_aip\" href=\"https:\/\/www.sia.aviation-civile.gouv.fr\/documents\/download\/f\/d\/4381715\/\" target=\"_blank\" rel=\"noopener\"><b>062\/2021<\/b>Cr\u00e9ation de 2 zones r\u00e9glement\u00e9es temporaires (ZRT) dans la CTR Lorient\u00a0<i class=\"fas fa-external-link-alt\"><\/i><\/a><\/td>\n<td class=\"td_date_ligne_document\">\n<div>Valide du\u00a0<strong>2021-04-23<\/strong>\u00a0au\u00a0<strong>2022-04-20<\/strong><\/div>\n<div class=\"state-selected\"><label>IFR<\/label>\u00a0<label>VFR<\/label>\u00a0<label>AIRAC<\/label><\/div>\n<\/td>\n<\/tr>\n<tr class=\"tr_ligne_document \">\n<td class=\"td_lien_liste_document\"><a class=\"lien_sup_aip\" href=\"https:\/\/www.sia.aviation-civile.gouv.fr\/documents\/download\/f\/d\/4381708\/\" target=\"_blank\" rel=\"noopener\"><b>061\/2021<\/b>Restriction de survol du Parc national de for\u00eats (FIR : Paris LFFF, Reims LFEE)\u00a0<i class=\"fas fa-external-link-alt\"><\/i><\/a><\/td>\n<td class=\"td_date_ligne_document\">\n<div>Valide du\u00a0<strong>2021-04-22<\/strong>\u00a0au\u00a0<strong>2022-04-20<\/strong><\/div>\n<div class=\"state-selected\"><label>IFR<\/label>\u00a0<label>VFR<\/label>\u00a0<label>AIRAC<\/label><\/div>\n<\/td>\n<\/tr>\n<tr class=\"tr_ligne_document \">\n<td class=\"td_lien_liste_document\"><a class=\"lien_sup_aip\" href=\"https:\/\/www.sia.aviation-civile.gouv.fr\/documents\/download\/f\/d\/4381692\/\" target=\"_blank\" rel=\"noopener\"><b>060\/2021<\/b>Cr\u00e9ation \u00e0 titre exp\u00e9rimental d\u2019une zone \u00e0 utilisation radio et transpondeur obligatoire (RMZ-TMZ) autour de l\u2019a\u00e9rodrome d&rsquo;Orl\u00e9ans-Bricy (LFOJ)\u00a0<i class=\"fas fa-external-link-alt\"><\/i><\/a><\/td>\n<td class=\"td_date_ligne_document\">\n<div>Valide du\u00a0<strong>2021-04-22<\/strong>\u00a0au\u00a0<strong>2022-04-20<\/strong><\/div>\n<div class=\"state-selected\"><label>IFR<\/label>\u00a0<label>VFR<\/label>\u00a0<label>AIRAC<\/label><\/div>\n<\/td>\n<\/tr>\n<tr class=\"tr_ligne_document \">\n<td class=\"td_lien_liste_document\"><a class=\"lien_sup_aip\" href=\"https:\/\/www.sia.aviation-civile.gouv.fr\/documents\/download\/f\/d\/4381667\/\" target=\"_blank\" rel=\"noopener\"><b>059\/2021<\/b>Cr\u00e9ation d\u2019une zone r\u00e9glement\u00e9e temporaire (ZRT) A400M entre la CTR d\u2019Orl\u00e9ans Bricy et la zone r\u00e9glement\u00e9e LF-R 149 A du RTBA d\u00e9fense\u00a0<i class=\"fas fa-external-link-alt\"><\/i><\/a><\/td>\n<td class=\"td_date_ligne_document\">\n<div>Valide du\u00a0<strong>2021-04-22<\/strong>\u00a0au\u00a0<strong>2021-11-03<\/strong><\/div>\n<div class=\"state-selected\"><label>IFR<\/label>\u00a0<label>VFR<\/label>\u00a0<label>AIRAC<\/label><\/div>\n<\/td>\n<\/tr>\n<tr class=\"tr_ligne_document \">\n<td class=\"td_lien_liste_document\"><a class=\"lien_sup_aip\" href=\"https:\/\/www.sia.aviation-civile.gouv.fr\/documents\/download\/f\/d\/4381605\/\" target=\"_blank\" rel=\"noopener\"><b>057\/2021<\/b>Cr\u00e9ation d\u2019une zone r\u00e9glement\u00e9e temporaire (ZRT) sur l\u2019a\u00e9rodrome d&rsquo;Orl\u00e9ans-Bricy LFOJ\u00a0<i class=\"fas fa-external-link-alt\"><\/i><\/a><\/td>\n<td class=\"td_date_ligne_document\">\n<div>Valide du\u00a0<strong>2021-04-22<\/strong>\u00a0au\u00a0<strong>2021-12-01<\/strong><\/div>\n<div class=\"state-selected\"><label>IFR<\/label>\u00a0<label>VFR<\/label>\u00a0<label>AIRAC<\/label><\/div>\n<\/td>\n<\/tr>\n<tr class=\"tr_ligne_document \">\n<td class=\"td_lien_liste_document\"><a class=\"lien_sup_aip\" href=\"https:\/\/www.sia.aviation-civile.gouv.fr\/documents\/download\/f\/d\/4249305\/\" target=\"_blank\" rel=\"noopener\"><b>050\/2021<\/b>Modification AIP France AD 2 LFKF Figari cause aire de trafic modifi\u00e9e\u00a0<i class=\"fas fa-external-link-alt\"><\/i><\/a><\/td>\n<td class=\"td_date_ligne_document\">\n<div>Valide du\u00a0<strong>2021-04-22<\/strong>\u00a0au\u00a0<strong>2021-06-16<\/strong><\/div>\n<div class=\"state-selected\"><label>IFR<\/label>\u00a0<label>VFR<\/label>\u00a0<label>AIRAC<\/label><\/div>\n<\/td>\n<\/tr>\n<tr class=\"tr_ligne_document \">\n<td class=\"td_lien_liste_document\"><a class=\"lien_sup_aip\" href=\"https:\/\/www.sia.aviation-civile.gouv.fr\/documents\/download\/f\/d\/4249277\/\" target=\"_blank\" rel=\"noopener\"><b>048\/2021<\/b>Cr\u00e9ation de 2 zones dangereuses temporaires (ZDT) en haute altitude \u00ab\u00a0LF-D 120 Temporaire ZENA Atlantique\u00a0\u00bb et \u00ab\u00a0LF-D 12 E Temporaire\u00a0\u00bb et modification des zones LF-D5, LF-D7, LF-D12, LF-D14 B et LF-D15 B\u00a0<i class=\"fas fa-external-link-alt\"><\/i><\/a><\/td>\n<td class=\"td_date_ligne_document\">\n<div>Valide du\u00a0<strong>2021-04-08<\/strong>\u00a0au\u00a0<strong>2021-12-01<\/strong><\/div>\n<div class=\"state-selected\"><label>IFR<\/label>\u00a0<label>VFR<\/label>\u00a0<label>AIRAC<\/label><\/div>\n<\/td>\n<\/tr>\n<tr class=\"tr_ligne_document \">\n<td class=\"td_lien_liste_document\"><a class=\"lien_sup_aip\" href=\"https:\/\/www.sia.aviation-civile.gouv.fr\/documents\/download\/f\/d\/4207011\/\" target=\"_blank\" rel=\"noopener\"><b>047\/2021<\/b>Cr\u00e9ation \u00e0 titre exp\u00e9rimental d\u2019une zone \u00e0 utilisation radio obligatoire (RMZ) autour de l\u2019a\u00e9rodrome de Nancy-Essey (LFSN)\u00a0<i class=\"fas fa-external-link-alt\"><\/i><\/a><\/td>\n<td class=\"td_date_ligne_document\">\n<div>Valide du\u00a0<strong>2021-04-22<\/strong>\u00a0au\u00a0<strong>2022-04-20<\/strong><\/div>\n<div class=\"state-selected\"><label>IFR<\/label>\u00a0<label>VFR<\/label>\u00a0<label>AIRAC<\/label><\/div>\n<\/td>\n<\/tr>\n<tr class=\"tr_ligne_document \">\n<td class=\"td_lien_liste_document\"><a class=\"lien_sup_aip\" href=\"https:\/\/www.sia.aviation-civile.gouv.fr\/documents\/download\/f\/d\/4174943\/\" target=\"_blank\" rel=\"noopener\"><b>043\/2021<\/b>Modification AIP France AD 2 LFRQ Quimper Pluguffan AD 2.24, ajout page \u201cAD 2 LFRQ SID RWY ALL DEP CONV OMNI INSTR 01\u201d\u00a0<i class=\"fas fa-external-link-alt\"><\/i><\/a><\/td>\n<td class=\"td_date_ligne_document\">\n<div>Valide du\u00a0<strong>2021-03-25<\/strong>\u00a0au\u00a0<strong>2021-05-19<\/strong><\/div>\n<div class=\"state-selected\"><label>IFR<\/label>\u00a0<label>VFR<\/label>\u00a0<label>AIRAC<\/label><\/div>\n<\/td>\n<\/tr>\n<tr class=\"tr_ligne_document \">\n<td class=\"td_lien_liste_document\"><a class=\"lien_sup_aip\" href=\"https:\/\/www.sia.aviation-civile.gouv.fr\/documents\/download\/f\/d\/4174920\/\" target=\"_blank\" rel=\"noopener\"><b>042\/2021<\/b>Cr\u00e9ation de 84 zones r\u00e8glement\u00e9es temporaires (ZRT) et 2 zones dangereuses temporaires (ZDT) permettant le transit et les \u00e9volutions d\u2019a\u00e9ronefs d\u2019Etat sans \u00e9quipage \u00e0 bord dans le sud de la France\u00a0<i class=\"fas fa-external-link-alt\"><\/i><\/a><\/td>\n<td class=\"td_date_ligne_document\">\n<div>Valide du\u00a0<strong>2021-03-25<\/strong>\u00a0au\u00a0<strong>2022-03-23<\/strong><\/div>\n<div class=\"state-selected\"><label>IFR<\/label>\u00a0<label>VFR<\/label>\u00a0<label>AIRAC<\/label><\/div>\n<\/td>\n<\/tr>\n<tr class=\"tr_ligne_document \">\n<td class=\"td_lien_liste_document\"><a class=\"lien_sup_aip\" href=\"https:\/\/www.sia.aviation-civile.gouv.fr\/documents\/download\/f\/d\/4174903\/\" target=\"_blank\" rel=\"noopener\"><b>041\/2021<\/b>AD Paris Orly LFPO : restrictions d\u2019utilisation et proc\u00e9dures IFR indisponibles cause travaux pr\u00e9paratoires au renouvellement de l\u2019ILS piste 06\u00a0<i class=\"fas fa-external-link-alt\"><\/i><\/a><\/td>\n<td class=\"td_date_ligne_document\">\n<div>Valide du\u00a0<strong>2021-04-22<\/strong>\u00a0au\u00a0<strong>2021-07-03<\/strong><\/div>\n<div class=\"state-selected\"><label>IFR<\/label>\u00a0<label>VFR<\/label>\u00a0<label>AIRAC<\/label><\/div>\n<\/td>\n<\/tr>\n<tr class=\"tr_ligne_document \">\n<td class=\"td_lien_liste_document\"><a class=\"lien_sup_aip\" href=\"https:\/\/www.sia.aviation-civile.gouv.fr\/documents\/download\/f\/d\/4174885\/\" target=\"_blank\" rel=\"noopener\"><b>040\/2021<\/b>Modification AIP France, carte AD 2 LFPO GMC 03 : mise \u00e0 jour de la circulation sur le TWY L1 et des fl\u00e8ches de sens de demi-tours interdits sur les TWY LGN et LS\u00a0<i class=\"fas fa-external-link-alt\"><\/i><\/a><\/td>\n<td class=\"td_date_ligne_document\">\n<div>Valide du\u00a0<strong>2021-04-22<\/strong>\u00a0au\u00a0<strong>2021-05-19<\/strong><\/div>\n<div class=\"state-selected\"><label>IFR<\/label>\u00a0<label>VFR<\/label>\u00a0<label>AIRAC<\/label><\/div>\n<\/td>\n<\/tr>\n<tr class=\"tr_ligne_document \">\n<td class=\"td_lien_liste_document\"><a class=\"lien_sup_aip\" href=\"https:\/\/www.sia.aviation-civile.gouv.fr\/documents\/download\/f\/d\/4174814\/\" target=\"_blank\" rel=\"noopener\"><b>037\/2021<\/b>Utilisation des routes conditionnelles (CDR) en UIR France lors des journ\u00e9es particuli\u00e8rement charg\u00e9es et des jours f\u00e9ri\u00e9s l\u00e9gaux\u00a0<i class=\"fas fa-external-link-alt\"><\/i><\/a><\/td>\n<td class=\"td_date_ligne_document\">\n<div>Valide du\u00a0<strong>2021-04-22<\/strong>\u00a0au\u00a0<strong>2021-10-29<\/strong><\/div>\n<div class=\"state-selected\"><label>IFR<\/label>\u00a0<label>VFR<\/label>\u00a0<label>AIRAC<\/label><\/div>\n<\/td>\n<\/tr>\n<tr class=\"tr_ligne_document \">\n<td class=\"td_lien_liste_document\"><a class=\"lien_sup_aip\" href=\"https:\/\/www.sia.aviation-civile.gouv.fr\/documents\/download\/f\/d\/4174786\/\" target=\"_blank\" rel=\"noopener\"><b>036\/2021<\/b>Mise en \u0153uvre de zones tampons pour le d\u00e9p\u00f4t de plan de vol (FBZ &#8211; FPL Buffer Zone) associ\u00e9es aux zones dangereuses LF-D 54 DB NORD et LF-D 54 DB SUD (UIR : France &#8211; FIR : Marseille LFMM)\u00a0<i class=\"fas fa-external-link-alt\"><\/i><\/a><\/td>\n<td class=\"td_date_ligne_document\">\n<div>Valide du\u00a0<strong>2021-04-22<\/strong>\u00a0au\u00a0<strong>2021-09-09<\/strong><\/div>\n<div class=\"state-selected\"><label>IFR<\/label>\u00a0<label>VFR<\/label>\u00a0<label>AIRAC<\/label><\/div>\n<\/td>\n<\/tr>\n<tr class=\"tr_ligne_document \">\n<td class=\"td_lien_liste_document\"><a class=\"lien_sup_aip\" href=\"https:\/\/www.sia.aviation-civile.gouv.fr\/documents\/download\/f\/d\/4174754\/\" target=\"_blank\" rel=\"noopener\"><b>035\/2021<\/b>Modification des limites lat\u00e9rales des zones dangereuses LF-D 54 DB Nord et LF-D 54 DB Sud (UIR : France\u00a0<i class=\"fas fa-external-link-alt\"><\/i><\/a><\/td>\n<td class=\"td_date_ligne_document\">\n<div>Valide du\u00a0<strong>2021-04-22<\/strong>\u00a0au\u00a0<strong>2021-09-09<\/strong><\/div>\n<div class=\"state-selected\"><label>IFR<\/label>\u00a0<label>VFR<\/label>\u00a0<label>AIRAC<\/label><\/div>\n<\/td>\n<\/tr>\n<tr class=\"tr_ligne_document \">\n<td class=\"td_lien_liste_document\"><a class=\"lien_sup_aip\" href=\"https:\/\/www.sia.aviation-civile.gouv.fr\/documents\/download\/f\/d\/4174725\/\" target=\"_blank\" rel=\"noopener\"><b>034\/2021<\/b>Restrictions d\u2019utilisation AD Nice C\u00f4te d&rsquo;Azur LFMN cause Grand Prix de Monaco\u00a0<i class=\"fas fa-external-link-alt\"><\/i><\/a><\/td>\n<td class=\"td_date_ligne_document\">\n<div>Valide du\u00a0<strong>2021-04-22<\/strong>\u00a0au\u00a0<strong>2021-05-24<\/strong><\/div>\n<div class=\"state-selected\"><label>IFR<\/label>\u00a0<label>VFR<\/label>\u00a0<label>AIRAC<\/label><\/div>\n<\/td>\n<\/tr>\n<tr class=\"tr_ligne_document \">\n<td class=\"td_lien_liste_document\"><a class=\"lien_sup_aip\" href=\"https:\/\/www.sia.aviation-civile.gouv.fr\/documents\/download\/f\/d\/4097296\/\" target=\"_blank\" rel=\"noopener\"><b>030\/2021<\/b>Cr\u00e9ation de 2 zones r\u00e9glement\u00e9es temporaires (ZRT) dans la r\u00e9gion DRAGUIGNAN pour les \u00e9volutions d&rsquo;a\u00e9ronefs d&rsquo;Etat t\u00e9l\u00e9-pilot\u00e9s\u00a0<i class=\"fas fa-external-link-alt\"><\/i><\/a><\/td>\n<td class=\"td_date_ligne_document\">\n<div>Valide du\u00a0<strong>2021-03-15<\/strong>\u00a0au\u00a0<strong>2021-09-14<\/strong><\/div>\n<div class=\"state-selected\"><label>IFR<\/label>\u00a0<label>VFR<\/label>\u00a0<label>AIRAC<\/label><\/div>\n<\/td>\n<\/tr>\n<tr class=\"tr_ligne_document \">\n<td class=\"td_lien_liste_document\"><a class=\"lien_sup_aip\" href=\"https:\/\/www.sia.aviation-civile.gouv.fr\/documents\/download\/f\/d\/4077918\/\" target=\"_blank\" rel=\"noopener\"><b>028\/2021<\/b>Nouveaux d\u00e9parts initiaux RNAV pour les SID RNAV de Beauvais Till\u00e9 AD LFOB\u00a0<i class=\"fas fa-external-link-alt\"><\/i><\/a><\/td>\n<td class=\"td_date_ligne_document\">\n<div>Valide du\u00a0<strong>2021-03-25<\/strong>\u00a0au\u00a0<strong>2021-09-08<\/strong><\/div>\n<div class=\"state-selected\"><label>IFR<\/label>\u00a0<label>VFR<\/label>\u00a0<label>AIRAC<\/label><\/div>\n<\/td>\n<\/tr>\n<tr class=\"tr_ligne_document \">\n<td class=\"td_lien_liste_document\"><a class=\"lien_sup_aip\" href=\"https:\/\/www.sia.aviation-civile.gouv.fr\/documents\/download\/f\/d\/4073872\/\" target=\"_blank\" rel=\"noopener\"><b>027\/2021<\/b>Mise en service d\u2019une proc\u00e9dure d\u2019approche RNP en piste 30, AD Beauvais Till\u00e9 LFOB\u00a0<i class=\"fas fa-external-link-alt\"><\/i><\/a><\/td>\n<td class=\"td_date_ligne_document\">\n<div>Valide du\u00a0<strong>2021-03-25<\/strong>\u00a0au\u00a0<strong>2021-09-08<\/strong><\/div>\n<div class=\"state-selected\"><label>IFR<\/label>\u00a0<label>VFR<\/label>\u00a0<label>AIRAC<\/label><\/div>\n<\/td>\n<\/tr>\n<tr class=\"tr_ligne_document \">\n<td class=\"td_lien_liste_document\"><a class=\"lien_sup_aip\" href=\"https:\/\/www.sia.aviation-civile.gouv.fr\/documents\/download\/f\/d\/4073862\/\" target=\"_blank\" rel=\"noopener\"><b>026\/2021<\/b>Restrictions et modifications des conditions d\u2019utilisation des parkings cause travaux d\u2019infrastructure sur AD Calvi Sainte Catherine LFKC (Phases 2 \u00e0 5)\u00a0<i class=\"fas fa-external-link-alt\"><\/i><\/a><\/td>\n<td class=\"td_date_ligne_document\">\n<div>Valide du\u00a0<strong>2021-03-01<\/strong>\u00a0au\u00a0<strong>2021-06-16<\/strong><\/div>\n<div class=\"state-selected\"><label>IFR<\/label>\u00a0<label>VFR<\/label>\u00a0<label>AIRAC<\/label><\/div>\n<\/td>\n<\/tr>\n<tr class=\"tr_ligne_document \">\n<td class=\"td_lien_liste_document\"><a class=\"lien_sup_aip\" href=\"https:\/\/www.sia.aviation-civile.gouv.fr\/documents\/download\/f\/d\/3973598\/\" target=\"_blank\" rel=\"noopener\"><b>024\/2021<\/b>Cr\u00e9ation d\u2019une zone r\u00e9glement\u00e9e temporaire (ZRT) Camp de Broche pour l\u2019utilisation de drones dans la r\u00e9gion d\u2019Angoul\u00eame\u00a0<i class=\"fas fa-external-link-alt\"><\/i><\/a><\/td>\n<td class=\"td_date_ligne_document\">\n<div>Valide du\u00a0<strong>2021-03-01<\/strong>\u00a0au\u00a0<strong>2021-08-13<\/strong><\/div>\n<div class=\"state-selected\"><label>IFR<\/label>\u00a0<label>VFR<\/label>\u00a0<label>AIRAC<\/label><\/div>\n<\/td>\n<\/tr>\n<tr class=\"tr_ligne_document \">\n<td class=\"td_lien_liste_document\"><a class=\"lien_sup_aip\" href=\"https:\/\/www.sia.aviation-civile.gouv.fr\/documents\/download\/f\/d\/3973505\/\" target=\"_blank\" rel=\"noopener\"><b>023\/2021<\/b>AD : Paris Charles de Gaulle LFPG &#8211; Modification circulation au sol Terminal 2AC\u00a0<i class=\"fas fa-external-link-alt\"><\/i><\/a><\/td>\n<td class=\"td_date_ligne_document\">\n<div>Valide du\u00a0<strong>2021-03-25<\/strong>\u00a0au\u00a0<strong>2021-10-22<\/strong><\/div>\n<div class=\"state-selected\"><label>IFR<\/label>\u00a0<label>VFR<\/label>\u00a0<label>AIRAC<\/label><\/div>\n<\/td>\n<\/tr>\n<tr class=\"tr_ligne_document \">\n<td class=\"td_lien_liste_document\"><a class=\"lien_sup_aip\" href=\"https:\/\/www.sia.aviation-civile.gouv.fr\/documents\/download\/f\/d\/3973333\/\" target=\"_blank\" rel=\"noopener\"><b>021\/2021<\/b>Evaluation op\u00e9rationnelle de cinq proc\u00e9dures d\u2019approche initiale RNP1 en piste 27R, AD Paris Charles de Gaulle (LFPG)\u00a0<i class=\"fas fa-external-link-alt\"><\/i><\/a><\/td>\n<td class=\"td_date_ligne_document\">\n<div>Valide du\u00a0<strong>2021-03-25<\/strong>\u00a0au\u00a0<strong>2021-05-19<\/strong><\/div>\n<div class=\"state-selected\"><label>IFR<\/label>\u00a0<label>VFR<\/label>\u00a0<label>AIRAC<\/label><\/div>\n<\/td>\n<\/tr>\n<tr class=\"tr_ligne_document \">\n<td class=\"td_lien_liste_document\"><a class=\"lien_sup_aip\" href=\"https:\/\/www.sia.aviation-civile.gouv.fr\/documents\/download\/f\/d\/3973245\/\" target=\"_blank\" rel=\"noopener\"><b>020\/2021<\/b>\u00c9valuation op\u00e9rationnelle de la proc\u00e9dure IFR PinS RNP 261 sur l&rsquo;h\u00e9listation de l&rsquo;H\u00f4pital Pasteur \u00e0 Colmar (FIR : Reims LFEE)\u00a0<i class=\"fas fa-external-link-alt\"><\/i><\/a><\/td>\n<td class=\"td_date_ligne_document\">\n<div>Valide du\u00a0<strong>2021-03-25<\/strong>\u00a0au\u00a0<strong>2022-04-20<\/strong><\/div>\n<div class=\"state-selected\"><label>IFR<\/label>\u00a0<label>VFR<\/label>\u00a0<label>AIRAC<\/label><\/div>\n<\/td>\n<\/tr>\n<tr class=\"tr_ligne_document \">\n<td class=\"td_lien_liste_document\"><a class=\"lien_sup_aip\" href=\"https:\/\/www.sia.aviation-civile.gouv.fr\/documents\/download\/f\/d\/3973184\/\" target=\"_blank\" rel=\"noopener\"><b>019\/2021<\/b>Mise en \u0153uvre de zones tampons pour le d\u00e9p\u00f4t de plan de vol (FBZ &#8211; FPL Buffer Zone) associ\u00e9es \u00e0 la zone dangereuse tempo \u00ab ZENA Gascogne \u00bb (LF-D 300 A) et \u00e0 la zone dangereuse tempo \u00ab ZENA Gascogne restreinte \u00bb (LF-D 300 B) (UIR : France &#8211; FIR : Bordeaux LFBB, Brest LFRR)\u00a0<i class=\"fas fa-external-link-alt\"><\/i><\/a><\/td>\n<td class=\"td_date_ligne_document\">\n<div>Valide du\u00a0<strong>2021-03-25<\/strong>\u00a0au\u00a0<strong>2021-12-01<\/strong><\/div>\n<div class=\"state-selected\"><label>IFR<\/label>\u00a0<label>VFR<\/label>\u00a0<label>AIRAC<\/label><\/div>\n<\/td>\n<\/tr>\n<tr class=\"tr_ligne_document \">\n<td class=\"td_lien_liste_document\"><a class=\"lien_sup_aip\" href=\"https:\/\/www.sia.aviation-civile.gouv.fr\/documents\/download\/f\/d\/3973054\/\" target=\"_blank\" rel=\"noopener\"><b>017\/2021<\/b>\u00c9valuation d\u2019un itin\u00e9raire IFR h\u00e9licopt\u00e8res pour le transport inter hospitalier en plaine d\u2019Alsace (FIR : Reims LFEE)\u00a0<i class=\"fas fa-external-link-alt\"><\/i><\/a><\/td>\n<td class=\"td_date_ligne_document\">\n<div>Valide du\u00a0<strong>2021-03-25<\/strong>\u00a0au\u00a0<strong>2022-04-20<\/strong><\/div>\n<div class=\"state-selected\"><label>IFR<\/label>\u00a0<label>VFR<\/label>\u00a0<label>AIRAC<\/label><\/div>\n<\/td>\n<\/tr>\n<tr class=\"tr_ligne_document \">\n<td class=\"td_lien_liste_document\"><a class=\"lien_sup_aip\" href=\"https:\/\/www.sia.aviation-civile.gouv.fr\/documents\/download\/f\/d\/3973014\/\" target=\"_blank\" rel=\"noopener\"><b>016\/2021<\/b>Cr\u00e9ation de 16 zones temporaires (ZRT\/ZDT) pour les transits et \u00e9volutions d\u2019un drone REAPER dans le cadre de l\u2019exercice SURVMAR 2021\u00a0<i class=\"fas fa-external-link-alt\"><\/i><\/a><\/td>\n<td class=\"td_date_ligne_document\">\n<div>Valide du\u00a0<strong>2021-02-25<\/strong>\u00a0au\u00a0<strong>2021-08-18<\/strong><\/div>\n<div class=\"state-selected\"><label>IFR<\/label>\u00a0<label>VFR<\/label>\u00a0<label>AIRAC<\/label><\/div>\n<\/td>\n<\/tr>\n<tr class=\"tr_ligne_document \">\n<td class=\"td_lien_liste_document\"><a class=\"lien_sup_aip\" href=\"https:\/\/www.sia.aviation-civile.gouv.fr\/documents\/download\/f\/d\/3857995\/\" target=\"_blank\" rel=\"noopener\"><b>012\/2021<\/b>Modification permanente des aires de trafic et des postes de stationnement a\u00e9ronefs sur l\u2019a\u00e9rodrome de Ch\u00e2lons Vatry LFOK\u00a0<i class=\"fas fa-external-link-alt\"><\/i><\/a><\/td>\n<td class=\"td_date_ligne_document\">\n<div>Valide du\u00a0<strong>2021-02-11<\/strong>\u00a0au\u00a0<strong>2021-05-19<\/strong><\/div>\n<div class=\"state-selected\"><label>IFR<\/label>\u00a0<label>VFR<\/label>\u00a0<label>AIRAC<\/label><\/div>\n<\/td>\n<\/tr>\n<tr class=\"tr_ligne_document \">\n<td class=\"td_lien_liste_document\"><a class=\"lien_sup_aip\" href=\"https:\/\/www.sia.aviation-civile.gouv.fr\/documents\/download\/f\/d\/3876370\/\" target=\"_blank\" rel=\"noopener\"><b>010\/2021<\/b>Cr\u00e9ation de 7 zones r\u00e9glement\u00e9es tempo (ZRT) et 10 zones dangereuses temporaires (ZDT) pour des activit\u00e9s d\u2019a\u00e9ronef hors vue sans \u00e9quipage \u00e0 bord dans le cadre de la surveillance maritime\u00a0<i class=\"fas fa-external-link-alt\"><\/i><\/a><\/td>\n<td class=\"td_date_ligne_document\">\n<div>Valide du\u00a0<strong>2021-02-11<\/strong>\u00a0au\u00a0<strong>2021-08-10<\/strong><\/div>\n<div class=\"state-selected\"><label>IFR<\/label>\u00a0<label>VFR<\/label>\u00a0<label>AIRAC<\/label><\/div>\n<\/td>\n<\/tr>\n<tr class=\"tr_ligne_document \">\n<td class=\"td_lien_liste_document\"><a class=\"lien_sup_aip\" href=\"https:\/\/www.sia.aviation-civile.gouv.fr\/documents\/download\/f\/d\/3846716\/\" target=\"_blank\" rel=\"noopener\"><b>009\/2021<\/b>Cr\u00e9ation d\u2019une zone r\u00e9glement\u00e9e temporaire (ZRT) Lan\u00e7on au profit de la Base A\u00e9rienne 701 de Salon-de-Provence\u00a0<i class=\"fas fa-external-link-alt\"><\/i><\/a><\/td>\n<td class=\"td_date_ligne_document\">\n<div>Valide du\u00a0<strong>2021-02-04<\/strong>\u00a0au\u00a0<strong>2021-08-03<\/strong><\/div>\n<div class=\"state-selected\"><label>IFR<\/label>\u00a0<label>VFR<\/label>\u00a0<label>AIRAC<\/label><\/div>\n<\/td>\n<\/tr>\n<tr class=\"tr_ligne_document \">\n<td class=\"td_lien_liste_document\"><a class=\"lien_sup_aip\" href=\"https:\/\/www.sia.aviation-civile.gouv.fr\/documents\/download\/f\/d\/3841312\/\" target=\"_blank\" rel=\"noopener\"><b>008\/2021<\/b>AD : B\u00e2le-Mulhouse LFSB, fermeture de la voie de circulation Echo\u00a0<strong>&#8211; date de fin modifi\u00e9e<\/strong>\u00a0<i class=\"fas fa-external-link-alt\"><\/i><\/a><\/td>\n<td class=\"td_date_ligne_document\">\n<div>Valide du\u00a0<strong>2021-02-25<\/strong>\u00a0au\u00a0<strong class=\"alert-data\">2021-06-15<\/strong><\/div>\n<div class=\"state-selected\"><label>IFR<\/label>\u00a0<label>VFR<\/label>\u00a0<label>AIRAC<\/label><\/div>\n<\/td>\n<\/tr>\n<tr class=\"tr_ligne_document \">\n<td class=\"td_lien_liste_document\"><a class=\"lien_sup_aip\" href=\"https:\/\/www.sia.aviation-civile.gouv.fr\/documents\/download\/f\/d\/3794349\/\" target=\"_blank\" rel=\"noopener\"><b>246\/2020<\/b>Cr\u00e9ation d\u2019une zone r\u00e9glement\u00e9e temporaire (ZRT) dans le cadre du d\u00e9ploiement d\u2019un ballon captif dans la r\u00e9gion de Vouziers (FIR : Reims LFEE)\u00a0<i class=\"fas fa-external-link-alt\"><\/i><\/a><\/td>\n<td class=\"td_date_ligne_document\">\n<div>Valide du\u00a0<strong>2021-01-18<\/strong>\u00a0au\u00a0<strong>2021-12-31<\/strong><\/div>\n<div class=\"state-selected\"><label>IFR<\/label>\u00a0<label>VFR<\/label>\u00a0<label>AIRAC<\/label><\/div>\n<\/td>\n<\/tr>\n<tr class=\"tr_ligne_document \">\n<td class=\"td_lien_liste_document\"><a class=\"lien_sup_aip\" href=\"https:\/\/www.sia.aviation-civile.gouv.fr\/documents\/download\/f\/d\/3794327\/\" target=\"_blank\" rel=\"noopener\"><b>245\/2020<\/b>Cr\u00e9ation de 10 zones r\u00e9glement\u00e9es temporaires (ZRT) : CEZE, BEAUCAIRE, VAUCLUSE, EYGUIERES, GORDES, ALPILLES, SENAS, PELISSANNE, DURANCE, LUBERON (FIR : Marseille LFMM)\u00a0<i class=\"fas fa-external-link-alt\"><\/i><\/a><\/td>\n<td class=\"td_date_ligne_document\">\n<div>Valide du\u00a0<strong>2021-01-16<\/strong>\u00a0au\u00a0<strong>2021-07-15<\/strong><\/div>\n<div class=\"state-selected\"><label>IFR<\/label>\u00a0<label>VFR<\/label>\u00a0<label>AIRAC<\/label><\/div>\n<\/td>\n<\/tr>\n<tr class=\"tr_ligne_document \">\n<td class=\"td_lien_liste_document\"><a class=\"lien_sup_aip\" href=\"https:\/\/www.sia.aviation-civile.gouv.fr\/documents\/download\/f\/d\/3794244\/\" target=\"_blank\" rel=\"noopener\"><b>244\/2020<\/b>Cr\u00e9ation d\u2019une zone dangereuse temporaire (ZDT) et de zones r\u00e9glement\u00e9es temporaires (ZRT) pour le transit d\u2019un drone en UIR France\u00a0<i class=\"fas fa-external-link-alt\"><\/i><\/a><\/td>\n<td class=\"td_date_ligne_document\">\n<div>Valide du\u00a0<strong>2021-01-14<\/strong>\u00a0au\u00a0<strong>2022-01-21<\/strong><\/div>\n<div class=\"state-selected\"><label>IFR<\/label>\u00a0<label>VFR<\/label>\u00a0<label>AIRAC<\/label><\/div>\n<\/td>\n<\/tr>\n<tr class=\"tr_ligne_document \">\n<td class=\"td_lien_liste_document\"><a class=\"lien_sup_aip\" href=\"https:\/\/www.sia.aviation-civile.gouv.fr\/documents\/download\/f\/d\/3630653\/\" target=\"_blank\" rel=\"noopener\"><b>243\/2020<\/b>Evaluation op\u00e9rationnelle approche \u00e0 vue RNP VISUAL SOGBO RWY 05 \u00e0 Bordeaux M\u00e9rignac LFBD\u00a0<i class=\"fas fa-external-link-alt\"><\/i><\/a><\/td>\n<td class=\"td_date_ligne_document\">\n<div>Valide du\u00a0<strong>2020-12-31<\/strong>\u00a0au\u00a0<strong>2021-06-16<\/strong><\/div>\n<div class=\"state-selected\"><label>IFR<\/label>\u00a0<label>VFR<\/label>\u00a0<label>AIRAC<\/label><\/div>\n<\/td>\n<\/tr>\n<tr class=\"tr_ligne_document \">\n<td class=\"td_lien_liste_document\"><a class=\"lien_sup_aip\" href=\"https:\/\/www.sia.aviation-civile.gouv.fr\/documents\/download\/f\/d\/3630516\/\" target=\"_blank\" rel=\"noopener\"><b>238\/2020<\/b>Cr\u00e9ation de 3 zones r\u00e9glement\u00e9es temporaires (ZRT) au profit d\u2019exercices militaires dans la r\u00e9gion de Grostenquin (FIR : Reims LFEE)\u00a0<i class=\"fas fa-external-link-alt\"><\/i><\/a><\/td>\n<td class=\"td_date_ligne_document\">\n<div>Valide du\u00a0<strong>2021-01-04<\/strong>\u00a0au\u00a0<strong>2021-12-31<\/strong><\/div>\n<div class=\"state-selected\"><label>IFR<\/label>\u00a0<label>VFR<\/label>\u00a0<label>AIRAC<\/label><\/div>\n<\/td>\n<\/tr>\n<tr class=\"tr_ligne_document \">\n<td class=\"td_lien_liste_document\"><a class=\"lien_sup_aip\" href=\"https:\/\/www.sia.aviation-civile.gouv.fr\/documents\/download\/f\/d\/3630435\/\" target=\"_blank\" rel=\"noopener\"><b>236\/2020<\/b>Cr\u00e9ation d\u2019une zone r\u00e9glement\u00e9e temporaire (ZRT) BILLARD dans la r\u00e9gion de Valence pour les \u00e9volutions d&rsquo;a\u00e9ronefs d&rsquo;Etat t\u00e9l\u00e9pilot\u00e9s\u00a0<i class=\"fas fa-external-link-alt\"><\/i><\/a><\/td>\n<td class=\"td_date_ligne_document\">\n<div>Valide du\u00a0<strong>2021-01-04<\/strong>\u00a0au\u00a0<strong>2021-07-02<\/strong><\/div>\n<div class=\"state-selected\"><label>IFR<\/label>\u00a0<label>VFR<\/label>\u00a0<label>AIRAC<\/label><\/div>\n<\/td>\n<\/tr>\n<tr class=\"tr_ligne_document \">\n<td class=\"td_lien_liste_document\"><a class=\"lien_sup_aip\" href=\"https:\/\/www.sia.aviation-civile.gouv.fr\/documents\/download\/f\/d\/3630363\/\" target=\"_blank\" rel=\"noopener\"><b>235\/2020<\/b>Restrictions d\u2019utilisation AD Avord LFOA cause travaux de r\u00e9novation de la plateforme (PHASE 2)\u00a0<i class=\"fas fa-external-link-alt\"><\/i><\/a><\/td>\n<td class=\"td_date_ligne_document\">\n<div>Valide du\u00a0<strong>2021-01-28<\/strong>\u00a0au\u00a0<strong>2021-07-11<\/strong><\/div>\n<div class=\"state-selected\"><label>IFR<\/label>\u00a0<label>VFR<\/label>\u00a0<label>AIRAC<\/label><\/div>\n<\/td>\n<\/tr>\n<tr class=\"tr_ligne_document \">\n<td class=\"td_lien_liste_document\"><a class=\"lien_sup_aip\" href=\"https:\/\/www.sia.aviation-civile.gouv.fr\/documents\/download\/f\/d\/3439668\/\" target=\"_blank\" rel=\"noopener\"><b>233\/2020<\/b>Modification permanente des postes de stationnement a\u00e9ronefs sur l\u2019aire de trafic de l\u2019a\u00e9rodrome de Ch\u00e2lons Vatry LFOK\u00a0<i class=\"fas fa-external-link-alt\"><\/i><\/a><\/td>\n<td class=\"td_date_ligne_document\">\n<div>Valide du\u00a0<strong>2020-12-17<\/strong>\u00a0au\u00a0<strong>2021-05-19<\/strong><\/div>\n<div class=\"state-selected\"><label>IFR<\/label>\u00a0<label>VFR<\/label>\u00a0<label>AIRAC<\/label><\/div>\n<\/td>\n<\/tr>\n<tr class=\"tr_ligne_document \">\n<td class=\"td_lien_liste_document\"><a class=\"lien_sup_aip\" href=\"https:\/\/www.sia.aviation-civile.gouv.fr\/documents\/download\/f\/d\/3439644\/\" target=\"_blank\" rel=\"noopener\"><b>230\/2020<\/b>Cr\u00e9ation d\u2019une zone r\u00e9glement\u00e9e et dangereuse temporaire (ZRT\/ZDT) 108 X (FIR : Marseille LFMM)\u00a0<i class=\"fas fa-external-link-alt\"><\/i><\/a><\/td>\n<td class=\"td_date_ligne_document\">\n<div>Valide du\u00a0<strong>2020-12-17<\/strong>\u00a0au\u00a0<strong>2021-06-16<\/strong><\/div>\n<div class=\"state-selected\"><label>IFR<\/label>\u00a0<label>VFR<\/label>\u00a0<label>AIRAC<\/label><\/div>\n<\/td>\n<\/tr>\n<tr class=\"tr_ligne_document \">\n<td class=\"td_lien_liste_document\"><a class=\"lien_sup_aip\" href=\"https:\/\/www.sia.aviation-civile.gouv.fr\/documents\/download\/f\/d\/3375333\/\" target=\"_blank\" rel=\"noopener\"><b>226\/2020<\/b>Exp\u00e9rimentation de modification des proc\u00e9dures de d\u00e9part RNAV vers TORPA, MOROK en piste 15 AD B\u00e2le Mulhouse LFSB\u00a0<i class=\"fas fa-external-link-alt\"><\/i><\/a><\/td>\n<td class=\"td_date_ligne_document\">\n<div>Valide du\u00a0<strong>2020-12-18<\/strong>\u00a0au\u00a0<strong>2021-05-20<\/strong><\/div>\n<div class=\"state-selected\"><label>IFR<\/label>\u00a0<label>VFR<\/label>\u00a0<label>AIRAC<\/label><\/div>\n<\/td>\n<\/tr>\n<tr class=\"tr_ligne_document \">\n<td class=\"td_lien_liste_document\"><a class=\"lien_sup_aip\" href=\"https:\/\/www.sia.aviation-civile.gouv.fr\/documents\/download\/f\/d\/3340565\/\" target=\"_blank\" rel=\"noopener\"><b>222\/2020<\/b>Cr\u00e9ation de 3 zones r\u00e9glement\u00e9es temporaires (ZRT) au profit du CIFED (Centre d\u2019Initiation et de Formation des Equipages Drones) \u00e0 Salon de Provence\u00a0<i class=\"fas fa-external-link-alt\"><\/i><\/a><\/td>\n<td class=\"td_date_ligne_document\">\n<div>Valide du\u00a0<strong>2020-12-03<\/strong>\u00a0au\u00a0<strong>2021-12-02<\/strong><\/div>\n<div class=\"state-selected\"><label>IFR<\/label>\u00a0<label>VFR<\/label>\u00a0<label>AIRAC<\/label><\/div>\n<\/td>\n<\/tr>\n<tr class=\"tr_ligne_document \">\n<td class=\"td_lien_liste_document\"><a class=\"lien_sup_aip\" href=\"https:\/\/www.sia.aviation-civile.gouv.fr\/documents\/download\/f\/d\/2998632\/\" target=\"_blank\" rel=\"noopener\"><b>189\/2020<\/b>Cr\u00e9ation de 2 zones dangereuses temporaires (ZDT) en haute altitude : LF-D 300 A Temporaire ZENA GASCOGNE, et LF-D 300 B Temporaire ZENA GASCOGNE restreinte (UIR France &#8211; FIR : Bordeaux LFBB, Brest LFRR)\u00a0<i class=\"fas fa-external-link-alt\"><\/i><\/a><\/td>\n<td class=\"td_date_ligne_document\">\n<div>Valide du\u00a0<strong>2020-10-26<\/strong>\u00a0au\u00a0<strong>2021-12-01<\/strong><\/div>\n<div class=\"state-selected\"><label>IFR<\/label>\u00a0<label>VFR<\/label>\u00a0<label>AIRAC<\/label><\/div>\n<\/td>\n<\/tr>\n<tr class=\"tr_ligne_document \">\n<td class=\"td_lien_liste_document\"><a class=\"lien_sup_aip\" href=\"https:\/\/www.sia.aviation-civile.gouv.fr\/documents\/download\/f\/d\/2602512\/\" target=\"_blank\" rel=\"noopener\"><b>099\/2020<\/b>Cr\u00e9ation d\u2019une zone r\u00e9glement\u00e9e temporaire (ZRT) en FIR Marseille LFMM pour vols de drones \u00e0 Feyzin\u00a0<i class=\"fas fa-external-link-alt\"><\/i><\/a><\/td>\n<td class=\"td_date_ligne_document\">\n<div>Valide du\u00a0<strong>2020-07-01<\/strong>\u00a0au\u00a0<strong>2021-06-30<\/strong><\/div>\n<div class=\"state-selected\"><label>IFR<\/label>\u00a0<label>VFR<\/label>\u00a0<label>AIRAC<\/label><\/div>\n<\/td>\n<\/tr>\n<tr class=\"tr_ligne_document \">\n<td class=\"td_lien_liste_document\"><a class=\"lien_sup_aip\" href=\"https:\/\/www.sia.aviation-civile.gouv.fr\/documents\/download\/f\/d\/2587814\/\" target=\"_blank\" rel=\"noopener\"><b>095\/2020<\/b>Fermeture de voies et restriction d\u2019utilisation AD Paris Charles-de-Gaulle LFPG cause travaux de prolongement de la voie D (suite du SUP AIP 089\/20)\u00a0<i class=\"fas fa-external-link-alt\"><\/i><\/a><\/td>\n<td class=\"td_date_ligne_document\">\n<div>Valide du\u00a0<strong>2020-07-16<\/strong>\u00a0au\u00a0<strong>2021-06-27<\/strong><\/div>\n<div class=\"state-selected\"><label>IFR<\/label>\u00a0<label>VFR<\/label>\u00a0<label>AIRAC<\/label><\/div>\n<\/td>\n<\/tr>\n<tr class=\"tr_ligne_document \">\n<td class=\"td_lien_liste_document\"><a class=\"lien_sup_aip\" href=\"https:\/\/www.sia.aviation-civile.gouv.fr\/documents\/download\/f\/d\/1955224\/\" target=\"_blank\" rel=\"noopener\"><b>291\/2019<\/b>Modification des capacit\u00e9s des parkings avions 56 ABC, 58 ABC, 60, 62 et cr\u00e9ation du parking 56 L sur l&rsquo;a\u00e9rodrome de Nice C\u00f4te d&rsquo;Azur LFMN\u00a0<i class=\"fas fa-external-link-alt\"><\/i><\/a><\/td>\n<td class=\"td_date_ligne_document\">\n<div>Valide du\u00a0<strong>2019-12-05<\/strong>\u00a0au\u00a0<strong>2021-05-31<\/strong><\/div>\n<div class=\"state-selected\"><label>IFR<\/label>\u00a0<label>VFR<\/label>\u00a0<label>AIRAC<\/label><\/div>\n<\/td>\n<\/tr>\n<\/tbody>\n<\/table>\n","protected":false},"excerpt":{"rendered":"<p>R\u00c9GION PARISIENNE 114\/2021Cr\u00e9ation de 5 zones r\u00e9glement\u00e9es temporaires (ZRT) pour les c\u00e9r\u00e9monies du Memorial Day \u00e0 Marnes-la-Coquette et \u00e0 Suresnes (FIR : Paris LFFF)\u00a0 Valide du\u00a02021-05-25\u00a0au\u00a02021-05-31 IFR\u00a0VFR\u00a0AIRAC 067\/2021Cr\u00e9ation d\u2019une zone r\u00e9glement\u00e9e temporaire (ZRT) Beynes et modification du gestionnaire des zones LF-D 568 A et B Frileuse\u00a0 Valide du\u00a02021-04-22\u00a0au\u00a02022-04-20 IFR\u00a0VFR\u00a0AIRAC 066\/2021Cr\u00e9ation d\u2019une zone interdite temporaire (ZIT) [&hellip;]<\/p>\n","protected":false},"author":2,"featured_media":0,"comment_status":"open","ping_status":"open","sticky":false,"template":"","format":"standard","meta":{"footnotes":""},"categories":[720],"tags":[535],"class_list":["post-22101","post","type-post","status-publish","format-standard","hentry","category-sup-aip","tag-volets10"],"_links":{"self":[{"href":"https:\/\/volets10.fr\/WP\/wp-json\/wp\/v2\/posts\/22101"}],"collection":[{"href":"https:\/\/volets10.fr\/WP\/wp-json\/wp\/v2\/posts"}],"about":[{"href":"https:\/\/volets10.fr\/WP\/wp-json\/wp\/v2\/types\/post"}],"author":[{"embeddable":true,"href":"https:\/\/volets10.fr\/WP\/wp-json\/wp\/v2\/users\/2"}],"replies":[{"embeddable":true,"href":"https:\/\/volets10.fr\/WP\/wp-json\/wp\/v2\/comments?post=22101"}],"version-history":[{"count":0,"href":"https:\/\/volets10.fr\/WP\/wp-json\/wp\/v2\/posts\/22101\/revisions"}],"wp:attachment":[{"href":"https:\/\/volets10.fr\/WP\/wp-json\/wp\/v2\/media?parent=22101"}],"wp:term":[{"taxonomy":"category","embeddable":true,"href":"https:\/\/volets10.fr\/WP\/wp-json\/wp\/v2\/categories?post=22101"},{"taxonomy":"post_tag","embeddable":true,"href":"https:\/\/volets10.fr\/WP\/wp-json\/wp\/v2\/tags?post=22101"}],"curies":[{"name":"wp","href":"https:\/\/api.w.org\/{rel}","templated":true}]}}