{"id":22542,"date":"2021-08-05T09:32:17","date_gmt":"2021-08-05T07:32:17","guid":{"rendered":"https:\/\/volets10.fr\/WP\/?p=22542"},"modified":"2021-08-05T09:42:41","modified_gmt":"2021-08-05T07:42:41","slug":"sup-aip-en-vigueur-au-5-aout-2021","status":"publish","type":"post","link":"https:\/\/volets10.fr\/WP\/archives\/22542\/sup-aip-en-vigueur-au-5-aout-2021\/","title":{"rendered":"SUP-AIP EN VIGUEUR AU 5 AO\u00dbT 2021"},"content":{"rendered":"<table style=\"width: 57.1454%;\" align=\"center\">\n<tbody>\n<tr>\n<td style=\"width: 100%;\" align=\"center\"><a href=\"https:\/\/www.sia.aviation-civile.gouv.fr\/\" target=\"_blank\" rel=\"noopener noreferrer\"><img loading=\"lazy\" decoding=\"async\" class=\"aligncenter wp-image-20406\" title=\"Cliquez pour acc\u00e9der au site du SIA\" src=\"http:\/\/volets10.fr\/WP\/wp-content\/uploads\/SIA-ENTETE.png\" alt=\"\" width=\"774\" height=\"126\" \/><\/a><\/td>\n<\/tr>\n<\/tbody>\n<\/table>\n<p><strong><span style=\"color: #ff0000;\">R\u00c9GION PARISIENNE<\/span><\/strong><\/p>\n<table class=\"listeSupAIP\" style=\"width: 100%;\" border=\"1\" width=\"100%\">\n<tbody>\n<tr class=\"tr_ligne_document new-supaip\">\n<td class=\"td_lien_liste_document\" style=\"width: 67.8392%;\"><a class=\"lien_sup_aip\" href=\"https:\/\/www.sia.aviation-civile.gouv.fr\/documents\/download\/f\/d\/6081146\/\" target=\"_blank\" rel=\"noopener\"><b>201\/2021<\/b>Cr\u00e9ation de 4 zones r\u00e9glement\u00e9es temporaires (ZRT) dans la CTR et TMA PARIS pour meeting a\u00e9rien La Fert\u00e9 Alais (\u00ab\u00a0Le temps des h\u00e9lices\u00a0\u00bb)\u00a0<i class=\"fas fa-external-link-alt\"><\/i><\/a><\/td>\n<td class=\"td_date_ligne_document\" style=\"width: 31.4573%;\">\n<div>Valide du\u00a0<strong>2021-08-25<\/strong>\u00a0au\u00a0<strong>2021-08-29<\/strong><\/div>\n<div class=\"state-selected\"><label>IFR<\/label>\u00a0<label>VFR<\/label>\u00a0<label>AIRAC<\/label><\/div>\n<\/td>\n<\/tr>\n<\/tbody>\n<\/table>\n<table class=\"listeSupAIP\" style=\"width: 100%;\" border=\"1\" width=\"100%\">\n<tbody>\n<tr class=\"tr_ligne_document \">\n<td class=\"td_date_ligne_document\" style=\"width: 0.80402%;\"><\/td>\n<td class=\"td_lien_liste_document\" style=\"width: 67.0351%;\"><a class=\"lien_sup_aip\" href=\"https:\/\/www.sia.aviation-civile.gouv.fr\/documents\/download\/f\/d\/5791405\/\" target=\"_blank\" rel=\"noopener\"><b>183\/2021<\/b>Cr\u00e9ation de plusieurs espaces a\u00e9riens temporaires (zone r\u00e9glement\u00e9e temporaire (ZRT), CTR et TMA) pour la Course automobile des 24 heures du Mans 2021\u00a0<i class=\"fas fa-external-link-alt\"><\/i><\/a><\/td>\n<td class=\"td_date_ligne_document\" style=\"width: 31.3568%;\">\n<div>Valide du\u00a0<strong>2021-08-18<\/strong>\u00a0au\u00a0<strong>2021-08-23<\/strong><\/div>\n<\/td>\n<\/tr>\n<\/tbody>\n<\/table>\n<table class=\"listeSupAIP\" style=\"width: 100%;\" border=\"1\" width=\"100%\">\n<tbody>\n<tr class=\"tr_ligne_document \">\n<td class=\"td_date_ligne_document\" style=\"width: 0.40201%;\"><\/td>\n<td class=\"td_lien_liste_document\" style=\"width: 67.3367%;\"><a class=\"lien_sup_aip\" href=\"https:\/\/www.sia.aviation-civile.gouv.fr\/documents\/download\/f\/d\/5592786\/\" target=\"_blank\" rel=\"noopener\"><b>179\/2021<\/b>Cr\u00e9ation de deux zones r\u00e9glement\u00e9es temporaires (ZRT) \u00e0 l\u2019occasion des journ\u00e9es test des 24h du Mans et restrictions d\u2019utilisation AD Le Mans Arnage LFRM\u00a0<i class=\"fas fa-external-link-alt\"><\/i><\/a><\/td>\n<td class=\"td_date_ligne_document\" style=\"width: 31.4573%;\">\n<div>Valide du\u00a0<strong>2021-08-14<\/strong>\u00a0au\u00a0<strong>2021-08-15<\/strong><\/div>\n<\/td>\n<\/tr>\n<\/tbody>\n<\/table>\n<table class=\"listeSupAIP\" style=\"width: 100%;\" border=\"1\" width=\"100%\">\n<tbody>\n<tr class=\"tr_ligne_document \">\n<td class=\"td_lien_liste_document\" style=\"width: 68.2412%;\"><a class=\"lien_sup_aip\" href=\"https:\/\/www.sia.aviation-civile.gouv.fr\/documents\/download\/f\/d\/4523937\/\" target=\"_blank\" rel=\"noopener\"><b>100\/2021<\/b>Cr\u00e9ation de 3 zones r\u00e9glement\u00e9es temporaires (ZRT) pour les besoins d\u2019une surveillance de lin\u00e9aire ferroviaire sur l&rsquo;axe Gretz &#8211; Nangis\u00a0<i class=\"fas fa-external-link-alt\"><\/i><\/a><\/td>\n<td class=\"td_date_ligne_document\" style=\"width: 31.1558%;\">\n<div>Valide du\u00a0<strong>2021-05-12<\/strong>\u00a0au\u00a0<strong>2021-08-18<\/strong><\/div>\n<div class=\"state-selected\"><label>IFR<\/label>\u00a0<label>VFR<\/label>\u00a0<label>AIRAC<\/label><\/div>\n<\/td>\n<\/tr>\n<\/tbody>\n<\/table>\n<table class=\"listeSupAIP\" style=\"width: 100%;\" border=\"1\" width=\"100%\">\n<tbody>\n<tr class=\"tr_ligne_document \">\n<td class=\"td_lien_liste_document\" style=\"width: 68.0402%;\"><a class=\"lien_sup_aip\" href=\"https:\/\/www.sia.aviation-civile.gouv.fr\/documents\/download\/f\/d\/4381795\/\" target=\"_blank\" rel=\"noopener\"><b>067\/2021<\/b>Cr\u00e9ation d\u2019une zone r\u00e9glement\u00e9e temporaire (ZRT) Beynes et modification du gestionnaire des zones LF-D 568 A et B Frileuse\u00a0<i class=\"fas fa-external-link-alt\"><\/i><\/a><\/td>\n<td class=\"td_date_ligne_document\" style=\"width: 31.3568%;\">\n<div>Valide du\u00a0<strong>2021-04-22<\/strong>\u00a0au\u00a0<strong>2022-04-20<\/strong><\/div>\n<div class=\"state-selected\"><label>IFR<\/label>\u00a0<label>VFR<\/label>\u00a0<label>AIRAC<\/label><\/div>\n<\/td>\n<\/tr>\n<\/tbody>\n<\/table>\n<table class=\"listeSupAIP\" border=\"1\" width=\"100%\">\n<tbody>\n<tr class=\"tr_ligne_document \">\n<td class=\"td_lien_liste_document\"><a class=\"lien_sup_aip\" href=\"https:\/\/www.sia.aviation-civile.gouv.fr\/documents\/download\/f\/d\/4381774\/\" target=\"_blank\" rel=\"noopener\"><b>066\/2021<\/b>Cr\u00e9ation d\u2019une zone interdite temporaire (ZIT) Les Alluets (FIR : Paris LFFF)\u00a0<i class=\"fas fa-external-link-alt\"><\/i><\/a><\/td>\n<td class=\"td_date_ligne_document\">\n<div>Valide du\u00a0<strong>2021-04-22<\/strong>\u00a0au\u00a0<strong>2022-04-20<\/strong><\/div>\n<div class=\"state-selected\"><label>IFR<\/label>\u00a0<label>VFR<\/label>\u00a0<label>AIRAC<\/label><\/div>\n<\/td>\n<\/tr>\n<\/tbody>\n<\/table>\n<p>&nbsp;<\/p>\n<p><strong style=\"color: #ff0000;\">VOIR TOUS LES SUP\/AIP EN VIGUEUR AU 08\/08\/2021 (cliquez ci-dessous)<\/strong><\/p>\n<p><!--more--><\/p>\n<div class=\"box-title-sia dateMAJListe\">DATE DE DERNI\u00c8RE MISE \u00c0 JOUR DE LA LISTE :\u00a0<b>05\/08\/2021<\/b><\/div>\n<div><\/div>\n<div>\n<p><a class=\"lien_sup_aip\" href=\"https:\/\/www.sia.aviation-civile.gouv.fr\/documents\/download\/f\/d\/6081290\/\" target=\"_blank\" rel=\"noopener\"><b>202\/2021<\/b>AD PERPIGNAN (LFMP) : Ajout de secteurs d&rsquo;\u00e9vitement de survol\u00a0<i class=\"fas fa-external-link-alt\"><\/i><\/a><\/p>\n<div>Valide du\u00a0<strong>2021-08-19<\/strong>\u00a0au\u00a0<strong>2021-12-31<\/strong><\/div>\n<div class=\"state-selected\"><label>IFR<\/label>\u00a0<label>VFR<\/label>\u00a0<label>AIRAC<\/label><\/div>\n<p><a class=\"lien_sup_aip\" href=\"https:\/\/www.sia.aviation-civile.gouv.fr\/documents\/download\/f\/d\/6081146\/\" target=\"_blank\" rel=\"noopener\"><b>201\/2021<\/b>Cr\u00e9ation de 4 zones r\u00e9glement\u00e9es temporaires (ZRT) dans la CTR et TMA PARIS pour meeting a\u00e9rien La Fert\u00e9 Alais (\u00ab\u00a0Le temps des h\u00e9lices\u00a0\u00bb)\u00a0<i class=\"fas fa-external-link-alt\"><\/i><\/a><\/p>\n<div>Valide du\u00a0<strong>2021-08-25<\/strong>\u00a0au\u00a0<strong>2021-08-29<\/strong><\/div>\n<div class=\"state-selected\"><label>IFR<\/label>\u00a0<label>VFR<\/label>\u00a0<label>AIRAC<\/label><\/div>\n<p><a class=\"lien_sup_aip\" href=\"https:\/\/www.sia.aviation-civile.gouv.fr\/documents\/download\/f\/d\/6081053\/\" target=\"_blank\" rel=\"noopener\"><b>200\/2021<\/b>Cr\u00e9ation d\u2019une zone r\u00e9glement\u00e9e temporaire (ZRT) autour de l\u2019Alpe d\u2019Huez (LFHU) pour la \u00ab F\u00eate de l\u2019air 2021 \u00bb\u00a0<i class=\"fas fa-external-link-alt\"><\/i><\/a><\/p>\n<div>Valide du\u00a0<strong>2021-08-20<\/strong>\u00a0au\u00a0<strong>2021-08-21<\/strong><\/div>\n<div class=\"state-selected\"><label>IFR<\/label>\u00a0<label>VFR<\/label>\u00a0<label>AIRAC<\/label><\/div>\n<p><a class=\"lien_sup_aip\" href=\"https:\/\/www.sia.aviation-civile.gouv.fr\/documents\/download\/f\/d\/6080674\/\" target=\"_blank\" rel=\"noopener\"><b>199\/2021<\/b>Cr\u00e9ation de 17 zones temporaires (ZRT\/ZDT) pour les transits et \u00e9volutions d\u2019un drone REAPER dans le cadre de l\u2019op\u00e9ration SURVMAR 2021\u00a0<i class=\"fas fa-external-link-alt\"><\/i><\/a><\/p>\n<div>Valide du\u00a0<strong>2021-08-19<\/strong>\u00a0au\u00a0<strong>2022-03-23<\/strong><\/div>\n<div class=\"state-selected\"><label>IFR<\/label>\u00a0<label>VFR<\/label>\u00a0<label>AIRAC<\/label><\/div>\n<p><a class=\"lien_sup_aip\" href=\"https:\/\/www.sia.aviation-civile.gouv.fr\/documents\/download\/f\/d\/5933993\/\" target=\"_blank\" rel=\"noopener\"><b>198\/2021<\/b>Modification des limites lat\u00e9rales des zones dangereuses LF-D 54 DB Nord et LF-D 54 DB Sud (UIR : France)\u00a0<i class=\"fas fa-external-link-alt\"><\/i><\/a><\/p>\n<div>Valide du\u00a0<strong>2021-09-09<\/strong>\u00a0au\u00a0<strong>2022-02-23<\/strong><\/div>\n<div class=\"state-selected\"><label>IFR<\/label>\u00a0<label>VFR<\/label>\u00a0<label>AIRAC<\/label><\/div>\n<p><a class=\"lien_sup_aip\" href=\"https:\/\/www.sia.aviation-civile.gouv.fr\/documents\/download\/f\/d\/5933903\/\" target=\"_blank\" rel=\"noopener\"><b>197\/2021<\/b>Cr\u00e9ation d\u2019une Zone R\u00e9glement\u00e9e Temporaire (ZRT) \u00e0 LE LAVANDOU (83)\u00a0<i class=\"fas fa-external-link-alt\"><\/i><\/a><\/p>\n<div>Valide du\u00a0<strong>2021-08-13<\/strong>\u00a0au\u00a0<strong>2021-08-16<\/strong><\/div>\n<div class=\"state-selected\"><label>IFR<\/label>\u00a0<label>VFR<\/label>\u00a0<label>AIRAC<\/label><\/div>\n<p><a class=\"lien_sup_aip\" href=\"https:\/\/www.sia.aviation-civile.gouv.fr\/documents\/download\/f\/d\/5933775\/\" target=\"_blank\" rel=\"noopener\"><b>196\/2021<\/b>Cr\u00e9ation d\u2019une Zone R\u00e9glement\u00e9e Temporaire (ZRT) \u00e0 TOULON (83)\u00a0<i class=\"fas fa-external-link-alt\"><\/i><\/a><\/p>\n<div>Valide du\u00a0<strong>2021-08-14<\/strong>\u00a0au\u00a0<strong>2021-08-15<\/strong><\/div>\n<div class=\"state-selected\"><label>IFR<\/label>\u00a0<label>VFR<\/label>\u00a0<label>AIRAC<\/label><\/div>\n<p><a class=\"lien_sup_aip\" href=\"https:\/\/www.sia.aviation-civile.gouv.fr\/documents\/download\/f\/d\/5933602\/\" target=\"_blank\" rel=\"noopener\"><b>195\/2021<\/b>Remplacement temporaire du VOR\/DME \u00ab PPG \u00bb Impact sur les proc\u00e9dures IFR des a\u00e9rodromes et sur le r\u00e9seau de routes ATS en espace inf\u00e9rieur\u00a0<i class=\"fas fa-external-link-alt\"><\/i><\/a><\/p>\n<div>Valide du\u00a0<strong>2021-09-09<\/strong>\u00a0au\u00a0<strong>2022-01-26<\/strong><\/div>\n<div class=\"state-selected\"><label>IFR<\/label>\u00a0<label>VFR<\/label>\u00a0<label>AIRAC<\/label><\/div>\n<p><a class=\"lien_sup_aip\" href=\"https:\/\/www.sia.aviation-civile.gouv.fr\/documents\/download\/f\/d\/5933573\/\" target=\"_blank\" rel=\"noopener\"><b>194\/2021<\/b>Remplacement temporaire du VOR\/DME \u00ab PPG \u00bb. Impact sur le r\u00e9seau de routes ATS en espace sup\u00e9rieur\u00a0<i class=\"fas fa-external-link-alt\"><\/i><\/a><\/p>\n<div>Valide du\u00a0<strong>2021-09-09<\/strong>\u00a0au\u00a0<strong>2021-12-01<\/strong><\/div>\n<div class=\"state-selected\"><label>IFR<\/label>\u00a0<label>VFR<\/label>\u00a0<label>AIRAC<\/label><\/div>\n<p><a class=\"lien_sup_aip\" href=\"https:\/\/www.sia.aviation-civile.gouv.fr\/documents\/download\/f\/d\/5918636\/\" target=\"_blank\" rel=\"noopener\"><b>193\/2021<\/b>\u00c9valuation d\u2019un itin\u00e9raire IFR h\u00e9licopt\u00e8res pour le transport inter hospitalier en plaine d\u2019Alsace. CE SUP AIP AIRAC ANNULE ET REMPLACE LE SUP AIP AIRAC 017\/21\u00a0<i class=\"fas fa-external-link-alt\"><\/i><\/a><\/p>\n<div>Valide du\u00a0<strong>2021-09-09<\/strong>\u00a0au\u00a0<strong>2022-04-20<\/strong><\/div>\n<div class=\"state-selected\"><label>IFR<\/label>\u00a0<label>VFR<\/label>\u00a0<label>AIRAC<\/label><\/div>\n<p><a class=\"lien_sup_aip\" href=\"https:\/\/www.sia.aviation-civile.gouv.fr\/documents\/download\/f\/d\/5918008\/\" target=\"_blank\" rel=\"noopener\"><b>192\/2021<\/b>\u00c9valuation op\u00e9rationnelle de la proc\u00e9dure IFR PinS RNP 261 sur l&rsquo;h\u00e9listation de l&rsquo;H\u00f4pital Pasteur \u00e0 Colmar (FIR : Reims LFEE AD : Colmar Houssen LFGA). CE SUP AIP AIRAC ANNULE ET REMPLACE LE SUP AIP AIRAC 020\/21\u00a0<i class=\"fas fa-external-link-alt\"><\/i><\/a><\/p>\n<div>Valide du\u00a0<strong>2021-09-09<\/strong>\u00a0au\u00a0<strong>2022-04-20<\/strong><\/div>\n<div class=\"state-selected\"><label>IFR<\/label>\u00a0<label>VFR<\/label>\u00a0<label>AIRAC<\/label><\/div>\n<p><a class=\"lien_sup_aip\" href=\"https:\/\/www.sia.aviation-civile.gouv.fr\/documents\/download\/f\/d\/5917246\/\" target=\"_blank\" rel=\"noopener\"><b>191\/2021<\/b>Cr\u00e9ation d\u2019une zone interdite temporaire (ZIT) CH\u00c2TEAUDOUBLE (83)\u00a0<i class=\"fas fa-external-link-alt\"><\/i><\/a><\/p>\n<div>Valide du\u00a0<strong>2021-08-12<\/strong>\u00a0au\u00a0<strong>2022-04-20<\/strong><\/div>\n<div class=\"state-selected\"><label>IFR<\/label>\u00a0<label>VFR<\/label>\u00a0<label>AIRAC<\/label><\/div>\n<p><a class=\"lien_sup_aip\" href=\"https:\/\/www.sia.aviation-civile.gouv.fr\/documents\/download\/f\/d\/5917156\/\" target=\"_blank\" rel=\"noopener\"><b>190\/2021<\/b>Cr\u00e9ation d\u2019une zone interdite temporaire (ZIT) FONTVIEILLE (13)\u00a0<i class=\"fas fa-external-link-alt\"><\/i><\/a><\/p>\n<div>Valide du\u00a0<strong>2021-08-12<\/strong>\u00a0au\u00a0<strong>2022-04-20<\/strong><\/div>\n<div class=\"state-selected\"><label>IFR<\/label>\u00a0<label>VFR<\/label>\u00a0<label>AIRAC<\/label><\/div>\n<p><a class=\"lien_sup_aip\" href=\"https:\/\/www.sia.aviation-civile.gouv.fr\/documents\/download\/f\/d\/5917065\/\" target=\"_blank\" rel=\"noopener\"><b>189\/2021<\/b>Cr\u00e9ation d\u2019une zone interdite temporaire (ZIT) MIRAMAS (13)\u00a0<i class=\"fas fa-external-link-alt\"><\/i><\/a><\/p>\n<div>Valide du\u00a0<strong>2021-08-12<\/strong>\u00a0au\u00a0<strong>2022-04-20<\/strong><\/div>\n<div class=\"state-selected\"><label>IFR<\/label>\u00a0<label>VFR<\/label>\u00a0<label>AIRAC<\/label><\/div>\n<p><a class=\"lien_sup_aip\" href=\"https:\/\/www.sia.aviation-civile.gouv.fr\/documents\/download\/f\/d\/5916910\/\" target=\"_blank\" rel=\"noopener\"><b>188\/2021<\/b>Cr\u00e9ation d\u2019une zone interdite temporaire (ZIT) LE ROZELIER (55)\u00a0<i class=\"fas fa-external-link-alt\"><\/i><\/a><\/p>\n<div>Valide du\u00a0<strong>2021-08-12<\/strong>\u00a0au\u00a0<strong>2022-04-20<\/strong><\/div>\n<div class=\"state-selected\"><label>IFR<\/label>\u00a0<label>VFR<\/label>\u00a0<label>AIRAC<\/label><\/div>\n<p><a class=\"lien_sup_aip\" href=\"https:\/\/www.sia.aviation-civile.gouv.fr\/documents\/download\/f\/d\/5915339\/\" target=\"_blank\" rel=\"noopener\"><b>187\/2021<\/b>Cr\u00e9ation d\u2019une zone interdite temporaire (ZIT) BRIENNE-LE-CHATEAU (10)\u00a0<i class=\"fas fa-external-link-alt\"><\/i><\/a><\/p>\n<div>Valide du\u00a0<strong>2021-08-12<\/strong>\u00a0au\u00a0<strong>2022-04-20<\/strong><\/div>\n<div class=\"state-selected\"><label>IFR<\/label>\u00a0<label>VFR<\/label>\u00a0<label>AIRAC<\/label><\/div>\n<p><a class=\"lien_sup_aip\" href=\"https:\/\/www.sia.aviation-civile.gouv.fr\/documents\/download\/f\/d\/5915217\/\" target=\"_blank\" rel=\"noopener\"><b>186\/2021<\/b>Cr\u00e9ation d\u2019une zone interdite temporaire (ZIT) SEDZERE (64)\u00a0<i class=\"fas fa-external-link-alt\"><\/i><\/a><\/p>\n<div>Valide du\u00a0<strong>2021-08-12<\/strong>\u00a0au\u00a0<strong>2022-04-20<\/strong><\/div>\n<div class=\"state-selected\"><label>IFR<\/label>\u00a0<label>VFR<\/label>\u00a0<label>AIRAC<\/label><\/div>\n<p><a class=\"lien_sup_aip\" href=\"https:\/\/www.sia.aviation-civile.gouv.fr\/documents\/download\/f\/d\/5915070\/\" target=\"_blank\" rel=\"noopener\"><b>185\/2021<\/b>Mise en \u0153uvre de zones tampons pour le d\u00e9p\u00f4t de plan de vol (FBZ &#8211; FPL Buffer Zone) associ\u00e9es aux zones dangereuses LF-D 54 DB NORD et LF-D 54 DB SUD (UIR : France &#8211; FIR : Marseille LFMM)\u00a0<i class=\"fas fa-external-link-alt\"><\/i><\/a><\/p>\n<div>Valide du\u00a0<strong>2021-09-09<\/strong>\u00a0au\u00a0<strong>2022-02-23<\/strong><\/div>\n<div class=\"state-selected\"><label>IFR<\/label>\u00a0<label>VFR<\/label>\u00a0<label>AIRAC<\/label><\/div>\n<p><a class=\"lien_sup_aip\" href=\"https:\/\/www.sia.aviation-civile.gouv.fr\/documents\/download\/f\/d\/5792329\/\" target=\"_blank\" rel=\"noopener\"><b>184\/2021<\/b>Mise en service des proc\u00e9dures d\u2019approche ILS Z ou LOC Z, ILS Y ou LOC Y et NDB Z RWY 27 \u00e0 Albert Bray AD LFAQ. CE SUP ANNULE ET REMPLACE LE SUP AIP AIRAC 175\/21.\u00a0<i class=\"fas fa-external-link-alt\"><\/i><\/a><\/p>\n<div>Valide du\u00a0<strong>2021-08-12<\/strong>\u00a0au\u00a0<strong>2021-09-08<\/strong><\/div>\n<div class=\"state-selected\"><label>IFR<\/label>\u00a0<label>VFR<\/label>\u00a0<label>AIRAC<\/label><\/div>\n<p><a class=\"lien_sup_aip\" href=\"https:\/\/www.sia.aviation-civile.gouv.fr\/documents\/download\/f\/d\/5791405\/\" target=\"_blank\" rel=\"noopener\"><b>183\/2021<\/b>Cr\u00e9ation de plusieurs espaces a\u00e9riens temporaires (zone r\u00e9glement\u00e9e temporaire (ZRT), CTR et TMA) pour la Course automobile des 24 heures du Mans 2021\u00a0<i class=\"fas fa-external-link-alt\"><\/i><\/a><\/p>\n<div>Valide du\u00a0<strong>2021-08-18<\/strong>\u00a0au\u00a0<strong>2021-08-23<\/strong><\/div>\n<div class=\"state-selected\"><label>IFR<\/label>\u00a0<label>VFR<\/label>\u00a0<label>AIRAC<\/label><\/div>\n<p><a class=\"lien_sup_aip\" href=\"https:\/\/www.sia.aviation-civile.gouv.fr\/documents\/download\/f\/d\/5592825\/\" target=\"_blank\" rel=\"noopener\"><b>182\/2021<\/b>Cr\u00e9ation d\u2019une Zone R\u00e9glement\u00e9e Temporaire \u00ab ZRT COURCHEVEL \u00bb dans le cadre d\u2019une manifestation a\u00e9rienne en marge de la coupe du monde de saut \u00e0 ski\u00a0<i class=\"fas fa-external-link-alt\"><\/i><\/a><\/p>\n<div>Valide du\u00a0<strong>2021-08-06<\/strong>\u00a0au\u00a0<strong>2021-08-07<\/strong><\/div>\n<div class=\"state-selected\"><label>IFR<\/label>\u00a0<label>VFR<\/label>\u00a0<label>AIRAC<\/label><\/div>\n<p><a class=\"lien_sup_aip\" href=\"https:\/\/www.sia.aviation-civile.gouv.fr\/documents\/download\/f\/d\/5592803\/\" target=\"_blank\" rel=\"noopener\"><b>181\/2021<\/b>Cr\u00e9ation d\u2019une Zone R\u00e9glement\u00e9e Temporaire (ZRT) pour le meeting a\u00e9rien d\u2019Agde 2021\u00a0<i class=\"fas fa-external-link-alt\"><\/i><\/a><\/p>\n<div>Valide du\u00a0<strong>2021-08-08<\/strong>\u00a0au\u00a0<strong>2021-08-09<\/strong><\/div>\n<div class=\"state-selected\"><label>IFR<\/label>\u00a0<label>VFR<\/label>\u00a0<label>AIRAC<\/label><\/div>\n<p><a class=\"lien_sup_aip\" href=\"https:\/\/www.sia.aviation-civile.gouv.fr\/documents\/download\/f\/d\/5592797\/\" target=\"_blank\" rel=\"noopener\"><b>180\/2021<\/b>Cr\u00e9ation de 2 zones r\u00e9glement\u00e9es temporaires (ZRT) \u00ab Pont Saint-Vincent 2021 \u00bb AD LFSV\u00a0<i class=\"fas fa-external-link-alt\"><\/i><\/a><\/p>\n<div>Valide du\u00a0<strong>2021-07-31<\/strong>\u00a0au\u00a0<strong>2021-08-15<\/strong><\/div>\n<div class=\"state-selected\"><label>IFR<\/label>\u00a0<label>VFR<\/label>\u00a0<label>AIRAC<\/label><\/div>\n<p><a class=\"lien_sup_aip\" href=\"https:\/\/www.sia.aviation-civile.gouv.fr\/documents\/download\/f\/d\/5592786\/\" target=\"_blank\" rel=\"noopener\"><b>179\/2021<\/b>Cr\u00e9ation de deux zones r\u00e9glement\u00e9es temporaires (ZRT) \u00e0 l\u2019occasion des journ\u00e9es test des 24h du Mans et restrictions d\u2019utilisation AD Le Mans Arnage LFRM\u00a0<i class=\"fas fa-external-link-alt\"><\/i><\/a><\/p>\n<div>Valide du\u00a0<strong>2021-08-14<\/strong>\u00a0au\u00a0<strong>2021-08-15<\/strong><\/div>\n<div class=\"state-selected\"><label>IFR<\/label>\u00a0<label>VFR<\/label>\u00a0<label>AIRAC<\/label><\/div>\n<p><a class=\"lien_sup_aip\" href=\"https:\/\/www.sia.aviation-civile.gouv.fr\/documents\/download\/f\/d\/5592722\/\" target=\"_blank\" rel=\"noopener\"><b>178\/2021<\/b>Cr\u00e9ation d\u2019une zone r\u00e9glement\u00e9e temporaire (ZRT) \u00e0 Montlu\u00e7on-Gu\u00e9ret (LFBK) pour un championnat du monde de planeurs\u00a0<i class=\"fas fa-external-link-alt\"><\/i><\/a><\/p>\n<div>Valide du\u00a0<strong>2021-08-01<\/strong>\u00a0au\u00a0<strong>2021-08-21<\/strong><\/div>\n<div class=\"state-selected\"><label>IFR<\/label>\u00a0<label>VFR<\/label>\u00a0<label>AIRAC<\/label><\/div>\n<p><a class=\"lien_sup_aip\" href=\"https:\/\/www.sia.aviation-civile.gouv.fr\/documents\/download\/f\/d\/5551656\/\" target=\"_blank\" rel=\"noopener\"><b>174\/2021<\/b>Conditions d\u2019utilisation AD Etampes Mond\u00e9sir LFOX, VAC et espace a\u00e9rien modifi\u00e9s cause fermeture des services ATS\u00a0<i class=\"fas fa-external-link-alt\"><\/i><\/a><\/p>\n<div>Valide du\u00a0<strong>2021-07-15<\/strong>\u00a0au\u00a0<strong>2022-07-20<\/strong><\/div>\n<div class=\"state-selected\"><label>IFR<\/label>\u00a0<label>VFR<\/label>\u00a0<label>AIRAC<\/label><\/div>\n<p><a class=\"lien_sup_aip\" href=\"https:\/\/www.sia.aviation-civile.gouv.fr\/documents\/download\/f\/d\/5550737\/\" target=\"_blank\" rel=\"noopener\"><b>173\/2021<\/b>Cr\u00e9ation de 10 zones r\u00e9glement\u00e9es temporaires (ZRT) : CEZE, BEAUCAIRE, VAUCLUSE, EYGUIERES, GORDES, ALPILLES, SENAS, PELISSANNE, DURANCE, LUBERON (FIR : Marseille LFMM)\u00a0<i class=\"fas fa-external-link-alt\"><\/i><\/a><\/p>\n<div>Valide du\u00a0<strong>2021-07-16<\/strong>\u00a0au\u00a0<strong>2022-01-15<\/strong><\/div>\n<div class=\"state-selected\"><label>IFR<\/label>\u00a0<label>VFR<\/label>\u00a0<label>AIRAC<\/label><\/div>\n<p><a class=\"lien_sup_aip\" href=\"https:\/\/www.sia.aviation-civile.gouv.fr\/documents\/download\/f\/d\/5550125\/\" target=\"_blank\" rel=\"noopener\"><b>172\/2021<\/b>Cr\u00e9ation d\u2019une zone interdite temporaire (ZIT) FONTEVRAUD (49)\u00a0<i class=\"fas fa-external-link-alt\"><\/i><\/a><\/p>\n<div>Valide du\u00a0<strong>2021-07-15<\/strong>\u00a0au\u00a0<strong>2022-04-20<\/strong><\/div>\n<div class=\"state-selected\"><label>IFR<\/label>\u00a0<label>VFR<\/label>\u00a0<label>AIRAC<\/label><\/div>\n<p><a class=\"lien_sup_aip\" href=\"https:\/\/www.sia.aviation-civile.gouv.fr\/documents\/download\/f\/d\/5547087\/\" target=\"_blank\" rel=\"noopener\"><b>170\/2021<\/b>Restriction d&rsquo;utilisation AD Paris Orly LFPO cause travaux de r\u00e9paration dalles b\u00e9ton, r\u00e9am\u00e9nagement et renommage du poste de stationnement V37\u00a0<i class=\"fas fa-external-link-alt\"><\/i><\/a><\/p>\n<div>Valide du\u00a0<strong class=\"alert-data\">2021-08-12<\/strong>\u00a0au\u00a0<strong>2021-11-03<\/strong><\/div>\n<div class=\"state-selected\"><label>IFR<\/label>\u00a0<label>VFR<\/label>\u00a0<label>AIRAC<\/label><\/div>\n<p><a class=\"lien_sup_aip\" href=\"https:\/\/www.sia.aviation-civile.gouv.fr\/documents\/download\/f\/d\/5547072\/\" target=\"_blank\" rel=\"noopener\"><b>169\/2021<\/b>Mise en service d\u2019une FATO sur l\u2019a\u00e9rodrome Ajaccio Napol\u00e9on Bonaparte (LFKJ)\u00a0<i class=\"fas fa-external-link-alt\"><\/i><\/a><\/p>\n<div>Valide du\u00a0<strong>2021-07-15<\/strong>\u00a0au\u00a0<strong>2021-09-08<\/strong><\/div>\n<div class=\"state-selected\"><label>IFR<\/label>\u00a0<label>VFR<\/label>\u00a0<label>AIRAC<\/label><\/div>\n<p><a class=\"lien_sup_aip\" href=\"https:\/\/www.sia.aviation-civile.gouv.fr\/documents\/download\/f\/d\/5551723\/\" target=\"_blank\" rel=\"noopener\"><b>167\/2021<\/b>Fermeture de piste et restrictions d\u2019utilisation AD Saint-Yan LFLN cause travaux de renovation (Phase 2)\u00a0<i class=\"fas fa-external-link-alt\"><\/i><\/a><\/p>\n<div>Valide du\u00a0<strong>2021-08-12<\/strong>\u00a0au\u00a0<strong>2021-10-06<\/strong><\/div>\n<div class=\"state-selected\"><label>IFR<\/label>\u00a0<label>VFR<\/label>\u00a0<label>AIRAC<\/label><\/div>\n<p><a class=\"lien_sup_aip\" href=\"https:\/\/www.sia.aviation-civile.gouv.fr\/documents\/download\/f\/d\/5550630\/\" target=\"_blank\" rel=\"noopener\"><b>166\/2021<\/b>Fermeture de piste et restriction d\u2019utilisation AD Saint-Yan LFLN cause travaux de r\u00e9novation (Phase 1)\u00a0<i class=\"fas fa-external-link-alt\"><\/i><\/a><\/p>\n<div>Valide du\u00a0<strong>2021-08-02<\/strong>\u00a0au\u00a0<strong>2021-08-22<\/strong><\/div>\n<div class=\"state-selected\"><label>IFR<\/label>\u00a0<label>VFR<\/label>\u00a0<label>AIRAC<\/label><\/div>\n<p><a class=\"lien_sup_aip\" href=\"https:\/\/www.sia.aviation-civile.gouv.fr\/documents\/download\/f\/d\/5549720\/\" target=\"_blank\" rel=\"noopener\"><b>165\/2021<\/b>Rassemblement MONDIAL de l\u2019ULM Blois 2021 : modifications des conditions d\u2019utilisation de l\u2019AD Blois le Breuil LFOQ\u00a0<i class=\"fas fa-external-link-alt\"><\/i><\/a><\/p>\n<div>Valide du\u00a0<strong>2021-08-12<\/strong>\u00a0au\u00a0<strong>2021-09-05<\/strong><\/div>\n<div class=\"state-selected\"><label>IFR<\/label>\u00a0<label>VFR<\/label>\u00a0<label>AIRAC<\/label><\/div>\n<p><a class=\"lien_sup_aip\" href=\"https:\/\/www.sia.aviation-civile.gouv.fr\/documents\/download\/f\/d\/5493715\/\" target=\"_blank\" rel=\"noopener\"><b>161\/2021<\/b>Cr\u00e9ation de zones r\u00e9glement\u00e9es et dangereuses temporaires ZRT ZDT ALBACORE\u00a0<i class=\"fas fa-external-link-alt\"><\/i><\/a><\/p>\n<div>Valide du\u00a0<strong>2021-07-12<\/strong>\u00a0au\u00a0<strong>2021-11-26<\/strong><\/div>\n<div class=\"state-selected\"><label>IFR<\/label>\u00a0<label>VFR<\/label>\u00a0<label>AIRAC<\/label><\/div>\n<p><a class=\"lien_sup_aip\" href=\"https:\/\/www.sia.aviation-civile.gouv.fr\/documents\/download\/f\/d\/5363690\/\" target=\"_blank\" rel=\"noopener\"><b>158\/2021<\/b>Restrictions d\u2019utilisation et modification permanente des aires de trafic et des postes de stationnement a\u00e9ronefs sur l\u2019a\u00e9rodrome de Ch\u00e2lons Vatry AD LFOK\u00a0<i class=\"fas fa-external-link-alt\"><\/i><\/a><\/p>\n<div>Valide du\u00a0<strong>2021-07-01<\/strong>\u00a0au\u00a0<strong>2021-09-08<\/strong><\/div>\n<div class=\"state-selected\"><label>IFR<\/label>\u00a0<label>VFR<\/label>\u00a0<label>AIRAC<\/label><\/div>\n<p><a class=\"lien_sup_aip\" href=\"https:\/\/www.sia.aviation-civile.gouv.fr\/documents\/download\/f\/d\/5363663\/\" target=\"_blank\" rel=\"noopener\"><b>157\/2021<\/b>Modification AIP France VAC Tours Val de Loire LFOT, AD 2 LFOT APP 01, ATT 01 et TXT cause changement d\u2019affectataire\u00a0<i class=\"fas fa-external-link-alt\"><\/i><\/a><\/p>\n<div>Valide du\u00a0<strong>2021-07-01<\/strong>\u00a0au\u00a0<strong>2022-04-20<\/strong><\/div>\n<div class=\"state-selected\"><label>IFR<\/label>\u00a0<label>VFR<\/label>\u00a0<label>AIRAC<\/label><\/div>\n<p><a class=\"lien_sup_aip\" href=\"https:\/\/www.sia.aviation-civile.gouv.fr\/documents\/download\/f\/d\/5363602\/\" target=\"_blank\" rel=\"noopener\"><b>156\/2021<\/b>Cr\u00e9ation d\u2019une zone interdite temporaire (ZIT) \u00e0 MOULINS\u00a0<i class=\"fas fa-external-link-alt\"><\/i><\/a><\/p>\n<div>Valide du\u00a0<strong>2021-07-01<\/strong>\u00a0au\u00a0<strong>2022-04-20<\/strong><\/div>\n<div class=\"state-selected\"><label>IFR<\/label>\u00a0<label>VFR<\/label>\u00a0<label>AIRAC<\/label><\/div>\n<p><a class=\"lien_sup_aip\" href=\"https:\/\/www.sia.aviation-civile.gouv.fr\/documents\/download\/f\/d\/5363523\/\" target=\"_blank\" rel=\"noopener\"><b>153\/2021<\/b>Cr\u00e9ation d\u2019une zone r\u00e9glement\u00e9e temporaire (ZRT) \u00ab BILLARD \u00bb dans la r\u00e9gion de Valence pour les \u00e9volutions d&rsquo;a\u00e9ronefs d&rsquo;Etat sans \u00e9quipage \u00e0 bord\u00a0<i class=\"fas fa-external-link-alt\"><\/i><\/a><\/p>\n<div>Valide du\u00a0<strong>2021-07-03<\/strong>\u00a0au\u00a0<strong>2022-01-02<\/strong><\/div>\n<div class=\"state-selected\"><label>IFR<\/label>\u00a0<label>VFR<\/label>\u00a0<label>AIRAC<\/label><\/div>\n<p><a class=\"lien_sup_aip\" href=\"https:\/\/www.sia.aviation-civile.gouv.fr\/documents\/download\/f\/d\/5363454\/\" target=\"_blank\" rel=\"noopener\"><b>152\/2021<\/b>Cr\u00e9ation d\u2019une zone r\u00e9glement\u00e9e temporaire (ZRT) CHATEAUNEUF LES MARTIGUES\u00a0<i class=\"fas fa-external-link-alt\"><\/i><\/a><\/p>\n<div>Valide du\u00a0<strong>2021-07-01<\/strong>\u00a0au\u00a0<strong>2021-12-31<\/strong><\/div>\n<div class=\"state-selected\"><label>IFR<\/label>\u00a0<label>VFR<\/label>\u00a0<label>AIRAC<\/label><\/div>\n<p><a class=\"lien_sup_aip\" href=\"https:\/\/www.sia.aviation-civile.gouv.fr\/documents\/download\/f\/d\/5258602\/\" target=\"_blank\" rel=\"noopener\"><b>143\/2021<\/b>Cr\u00e9ation d\u2019une zone r\u00e9glement\u00e9e temporaire (ZRT) et deux zones dangereuses temporaires (ZDT) S 100 en FIR Marseille LFMM pour vols de drones\u00a0<i class=\"fas fa-external-link-alt\"><\/i><\/a><\/p>\n<div>Valide du\u00a0<strong>2021-06-28<\/strong>\u00a0au\u00a0<strong>2022-03-31<\/strong><\/div>\n<div class=\"state-selected\"><label>IFR<\/label>\u00a0<label>VFR<\/label>\u00a0<label>AIRAC<\/label><\/div>\n<p><a class=\"lien_sup_aip\" href=\"https:\/\/www.sia.aviation-civile.gouv.fr\/documents\/download\/f\/d\/5135302\/\" target=\"_blank\" rel=\"noopener\"><b>140\/2021<\/b>Exp\u00e9rimentation de modification des proc\u00e9dures de d\u00e9part RNAV vers TORPA, MOROK en piste 15 AD B\u00e2le Mulhouse LFSB\u00a0<i class=\"fas fa-external-link-alt\"><\/i><\/a><\/p>\n<div>Valide du\u00a0<strong>2021-07-15<\/strong>\u00a0au\u00a0<strong>2021-12-30<\/strong><\/div>\n<div class=\"state-selected\"><label>IFR<\/label>\u00a0<label>VFR<\/label>\u00a0<label>AIRAC<\/label><\/div>\n<p><a class=\"lien_sup_aip\" href=\"https:\/\/www.sia.aviation-civile.gouv.fr\/documents\/download\/f\/d\/5168340\/\" target=\"_blank\" rel=\"noopener\"><b>137\/2021<\/b>Cr\u00e9ation d\u2019une zone r\u00e9glement\u00e9e et dangereuse temporaire (ZRT\/ZDT) 108 X (FIR : Marseille LFMM)\u00a0<i class=\"fas fa-external-link-alt\"><\/i><\/a><\/p>\n<div>Valide du\u00a0<strong>2021-06-17<\/strong>\u00a0au\u00a0<strong>2021-12-16<\/strong><\/div>\n<div class=\"state-selected\"><label>IFR<\/label>\u00a0<label>VFR<\/label>\u00a0<label>AIRAC<\/label><\/div>\n<p><a class=\"lien_sup_aip\" href=\"https:\/\/www.sia.aviation-civile.gouv.fr\/documents\/download\/f\/d\/5135342\/\" target=\"_blank\" rel=\"noopener\"><b>134\/2021<\/b>Restriction d&rsquo;utilisation AD Paris Orly LFPO cause travaux de r\u00e9fection du taxiway W42 : fermeture taxiways, piste 06\/24 et pr\u00e9sence de deux d\u00e9caiss\u00e9s\u00a0<i class=\"fas fa-external-link-alt\"><\/i><\/a><\/p>\n<div>Valide du\u00a0<strong>2021-07-15<\/strong>\u00a0au\u00a0<strong>2021-11-21<\/strong><\/div>\n<div class=\"state-selected\"><label>IFR<\/label>\u00a0<label>VFR<\/label>\u00a0<label>AIRAC<\/label><\/div>\n<p><a class=\"lien_sup_aip\" href=\"https:\/\/www.sia.aviation-civile.gouv.fr\/documents\/download\/f\/d\/5168055\/\" target=\"_blank\" rel=\"noopener\"><b>133\/2021<\/b>Cr\u00e9ation d\u2019une zone r\u00e9glement\u00e9e temporaire (ZRT) au profit de l\u2019hydrobase de Biscarrosse\u00a0<i class=\"fas fa-external-link-alt\"><\/i><\/a><\/p>\n<div>Valide du\u00a0<strong>2021-06-19<\/strong>\u00a0au\u00a0<strong>2021-12-29<\/strong><\/div>\n<div class=\"state-selected\"><label>IFR<\/label>\u00a0<label>VFR<\/label>\u00a0<label>AIRAC<\/label><\/div>\n<p><a class=\"lien_sup_aip\" href=\"https:\/\/www.sia.aviation-civile.gouv.fr\/documents\/download\/f\/d\/5167971\/\" target=\"_blank\" rel=\"noopener\"><b>132\/2021<\/b>Cr\u00e9ation de points de compte-rendu VFR \u00e0 Royan (FIR : Bordeaux LFBB)\u00a0<i class=\"fas fa-external-link-alt\"><\/i><\/a><\/p>\n<div>Valide du\u00a0<strong>2021-07-15<\/strong>\u00a0au\u00a0<strong>2022-01-27<\/strong><\/div>\n<div class=\"state-selected\"><label>IFR<\/label>\u00a0<label>VFR<\/label>\u00a0<label>AIRAC<\/label><\/div>\n<p><a class=\"lien_sup_aip\" href=\"https:\/\/www.sia.aviation-civile.gouv.fr\/documents\/download\/f\/d\/4909863\/\" target=\"_blank\" rel=\"noopener\"><b>123\/2021<\/b>AD : Lyon Saint Exup\u00e9ry LFLL &#8211; Restrictions op\u00e9rationnelles piste 17R\/35L et proc\u00e9dures IFR suspendues cause travaux sur la rampe d\u2019approche lumineuse 35L\u00a0<i class=\"fas fa-external-link-alt\"><\/i><\/a><\/p>\n<div>Valide du\u00a0<strong class=\"alert-data\">2021-07-01<\/strong>\u00a0au\u00a0<strong>2021-08-15<\/strong><\/div>\n<div class=\"state-selected\"><label>IFR<\/label>\u00a0<label>VFR<\/label>\u00a0<label>AIRAC<\/label><\/div>\n<p><a class=\"lien_sup_aip\" href=\"https:\/\/www.sia.aviation-civile.gouv.fr\/documents\/download\/f\/d\/4909771\/\" target=\"_blank\" rel=\"noopener\"><b>122\/2021<\/b>Cr\u00e9ation d\u2019une zone interdite temporaire (ZIT) Domme (FIR : Bordeaux LFBB &#8211; AD : Sarlat Domme LFDS)\u00a0<i class=\"fas fa-external-link-alt\"><\/i><\/a><\/p>\n<div>Valide du\u00a0<strong>2021-05-27<\/strong>\u00a0au\u00a0<strong>2022-04-20<\/strong><\/div>\n<div class=\"state-selected\"><label>IFR<\/label>\u00a0<label>VFR<\/label>\u00a0<label>AIRAC<\/label><\/div>\n<p><a class=\"lien_sup_aip\" href=\"https:\/\/www.sia.aviation-civile.gouv.fr\/documents\/download\/f\/d\/4909373\/\" target=\"_blank\" rel=\"noopener\"><b>121\/2021<\/b>Cr\u00e9ation de 2 zones r\u00e9glement\u00e9es temporaires (ZRT) \u00e0 l\u2019occasion d\u2019activit\u00e9s de parachutage en haute altitude (HALO et HAHO), et modification de l\u2019activit\u00e9 PARA 520 Les Sables d\u2019Olonne\u00a0<i class=\"fas fa-external-link-alt\"><\/i><\/a><\/p>\n<div>Valide du\u00a0<strong>2021-05-27<\/strong>\u00a0au\u00a0<strong>2021-09-30<\/strong><\/div>\n<div class=\"state-selected\"><label>IFR<\/label>\u00a0<label>VFR<\/label>\u00a0<label>AIRAC<\/label><\/div>\n<p><a class=\"lien_sup_aip\" href=\"https:\/\/www.sia.aviation-civile.gouv.fr\/documents\/download\/f\/d\/4826227\/\" target=\"_blank\" rel=\"noopener\"><b>120\/2021<\/b>Cr\u00e9ation d\u2019une zone r\u00e9glement\u00e9e temporaire (ZRT) 30 C en FIR Sud-Est (LFMM) en compl\u00e9ment de l\u2019arr\u00eat\u00e9 pr\u00e9fectoral portant cr\u00e9ation de la \u00ab zone de protection d\u2019habitats naturels du Mont-Blanc \u2013 Site d\u2019exception \u00bb, et modification des zones r\u00e9glement\u00e9es LF-R 30 A et B MONT-BLANC\u00a0<i class=\"fas fa-external-link-alt\"><\/i><\/a><\/p>\n<div>Valide du\u00a0<strong>2021-06-01<\/strong>\u00a0au\u00a0<strong>2021-10-15<\/strong><\/div>\n<div class=\"state-selected\"><label>IFR<\/label>\u00a0<label>VFR<\/label>\u00a0<label>AIRAC<\/label><\/div>\n<p><a class=\"lien_sup_aip\" href=\"https:\/\/www.sia.aviation-civile.gouv.fr\/documents\/download\/f\/d\/4908902\/\" target=\"_blank\" rel=\"noopener\"><b>115\/2021<\/b>Cr\u00e9ation de 2 zones r\u00e9glement\u00e9es temporaires (ZRT) \u00e0 METZ pour l\u2019utilisation d\u2019a\u00e9ronefs sans \u00e9quipage \u00e0 bord\u00a0<i class=\"fas fa-external-link-alt\"><\/i><\/a><\/p>\n<div>Valide du\u00a0<strong>2021-05-31<\/strong>\u00a0au\u00a0<strong>2021-10-29<\/strong><\/div>\n<div class=\"state-selected\"><label>IFR<\/label>\u00a0<label>VFR<\/label>\u00a0<label>AIRAC<\/label><\/div>\n<p><a class=\"lien_sup_aip\" href=\"https:\/\/www.sia.aviation-civile.gouv.fr\/documents\/download\/f\/d\/4791434\/\" target=\"_blank\" rel=\"noopener\"><b>113\/2021<\/b>Cr\u00e9ation de plusieurs espaces a\u00e9riens temporaires (CTR et TMA) se substituant aux espaces a\u00e9riens contr\u00f4l\u00e9s associ\u00e9es \u00e0 l\u2019a\u00e9rodrome de Tours Val de Loire LFOT et modification AIP France AD 2 LFOT\u00a0<i class=\"fas fa-external-link-alt\"><\/i><\/a><\/p>\n<div>Valide du\u00a0<strong>2021-06-17<\/strong>\u00a0au\u00a0<strong>2022-04-20<\/strong><\/div>\n<div class=\"state-selected\"><label>IFR<\/label>\u00a0<label>VFR<\/label>\u00a0<label>AIRAC<\/label><\/div>\n<p><a class=\"lien_sup_aip\" href=\"https:\/\/www.sia.aviation-civile.gouv.fr\/documents\/download\/f\/d\/4791242\/\" target=\"_blank\" rel=\"noopener\"><b>110\/2021<\/b>Evaluation op\u00e9rationnelle approche \u00e0 vue RNP VISUAL SOGBO RWY 05 \u00e0 Bordeaux M\u00e9rignac LFBD\u00a0<i class=\"fas fa-external-link-alt\"><\/i><\/a><\/p>\n<div>Valide du\u00a0<strong>2021-06-17<\/strong>\u00a0au\u00a0<strong>2021-12-01<\/strong><\/div>\n<div class=\"state-selected\"><label>IFR<\/label>\u00a0<label>VFR<\/label>\u00a0<label>AIRAC<\/label><\/div>\n<p><a class=\"lien_sup_aip\" href=\"https:\/\/www.sia.aviation-civile.gouv.fr\/documents\/download\/f\/d\/4791075\/\" target=\"_blank\" rel=\"noopener\"><b>108\/2021<\/b>Fermeture de piste et restriction d\u2019utilisation AD Paris Charles-de-Gaulle LFPG cause travaux de r\u00e9novation de la piste 09L\/27R\u00a0<i class=\"fas fa-external-link-alt\"><\/i><\/a><\/p>\n<div>Valide du\u00a0<strong>2021-06-17<\/strong>\u00a0au\u00a0<strong>2021-10-10<\/strong><\/div>\n<div class=\"state-selected\"><label>IFR<\/label>\u00a0<label>VFR<\/label>\u00a0<label>AIRAC<\/label><\/div>\n<p><a class=\"lien_sup_aip\" href=\"https:\/\/www.sia.aviation-civile.gouv.fr\/documents\/download\/f\/d\/4790638\/\" target=\"_blank\" rel=\"noopener\"><b>107\/2021<\/b>Restrictions d\u2019utilisation AD Avord LFOA cause travaux de r\u00e9novation de la plateforme, PHASE 3\u00a0<i class=\"fas fa-external-link-alt\"><\/i><\/a><\/p>\n<div>Valide du\u00a0<strong>2021-06-17<\/strong>\u00a0au\u00a0<strong>2021-11-14<\/strong><\/div>\n<div class=\"state-selected\"><label>IFR<\/label>\u00a0<label>VFR<\/label>\u00a0<label>AIRAC<\/label><\/div>\n<p><a class=\"lien_sup_aip\" href=\"https:\/\/www.sia.aviation-civile.gouv.fr\/documents\/download\/f\/d\/4523937\/\" target=\"_blank\" rel=\"noopener\"><b>100\/2021<\/b>Cr\u00e9ation de 3 zones r\u00e9glement\u00e9es temporaires (ZRT) pour les besoins d\u2019une surveillance de lin\u00e9aire ferroviaire sur l&rsquo;axe Gretz &#8211; Nangis\u00a0<i class=\"fas fa-external-link-alt\"><\/i><\/a><\/p>\n<div>Valide du\u00a0<strong>2021-05-12<\/strong>\u00a0au\u00a0<strong>2021-08-18<\/strong><\/div>\n<div class=\"state-selected\"><label>IFR<\/label>\u00a0<label>VFR<\/label>\u00a0<label>AIRAC<\/label><\/div>\n<p><a class=\"lien_sup_aip\" href=\"https:\/\/www.sia.aviation-civile.gouv.fr\/documents\/download\/f\/d\/4521862\/\" target=\"_blank\" rel=\"noopener\"><b>099\/2021<\/b>Modification des conditions d\u2019utilisation de l\u2019h\u00e9listation MIKE, AD Nice C\u00f4te d\u2019Azur, cause travaux de peinture sur la FATO ME, ME ferm\u00e9e\u00a0<i class=\"fas fa-external-link-alt\"><\/i><\/a><\/p>\n<div>Valide du\u00a0<strong>2021-05-06<\/strong>\u00a0au\u00a0<strong>2021-10-21<\/strong><\/div>\n<div class=\"state-selected\"><label>IFR<\/label>\u00a0<label>VFR<\/label>\u00a0<label>AIRAC<\/label><\/div>\n<p><a class=\"lien_sup_aip\" href=\"https:\/\/www.sia.aviation-civile.gouv.fr\/documents\/download\/f\/d\/4519322\/\" target=\"_blank\" rel=\"noopener\"><b>098\/2021<\/b>Modification des conditions d\u2019utilisation de l\u2019h\u00e9listation MIKE, AD Nice C\u00f4te d\u2019Azur, cause travaux de peinture sur la FATO MS ; MS ferm\u00e9e\u00a0<i class=\"fas fa-external-link-alt\"><\/i><\/a><\/p>\n<div>Valide du\u00a0<strong>2021-05-06<\/strong>\u00a0au\u00a0<strong>2021-10-21<\/strong><\/div>\n<div class=\"state-selected\"><label>IFR<\/label>\u00a0<label>VFR<\/label>\u00a0<label>AIRAC<\/label><\/div>\n<p><a class=\"lien_sup_aip\" href=\"https:\/\/www.sia.aviation-civile.gouv.fr\/documents\/download\/f\/d\/4518158\/\" target=\"_blank\" rel=\"noopener\"><b>097\/2021<\/b>Cr\u00e9ation d\u2019une zone r\u00e9glement\u00e9e temporaire (ZRT) pour la mise en oeuvre d\u2019a\u00e9ronefs sans \u00e9quipage \u00e0 bord, sur le camp de BOURG LASTIC\u00a0<i class=\"fas fa-external-link-alt\"><\/i><\/a><\/p>\n<div>Valide du\u00a0<strong>2021-05-10<\/strong>\u00a0au\u00a0<strong>2021-11-30<\/strong><\/div>\n<div class=\"state-selected\"><label>IFR<\/label>\u00a0<label>VFR<\/label>\u00a0<label>AIRAC<\/label><\/div>\n<p><a class=\"lien_sup_aip\" href=\"https:\/\/www.sia.aviation-civile.gouv.fr\/documents\/download\/f\/d\/4442559\/\" target=\"_blank\" rel=\"noopener\"><b>093\/2021<\/b>Cr\u00e9ation d\u2019une zone r\u00e9glement\u00e9e temporaire (ZRT) 31 C CAZAUX (FIR : Bordeaux LFBB)\u00a0<strong>&#8211; annule et remplace le SUP AIP 058\/2021<\/strong>\u00a0<i class=\"fas fa-external-link-alt\"><\/i><\/a><\/p>\n<div>Valide du\u00a0<strong>2021-04-22<\/strong>\u00a0au\u00a0<strong>2022-04-20<\/strong><\/div>\n<div class=\"state-selected\"><label>IFR<\/label>\u00a0<label>VFR<\/label>\u00a0<label>AIRAC<\/label><\/div>\n<p><a class=\"lien_sup_aip\" href=\"https:\/\/www.sia.aviation-civile.gouv.fr\/documents\/download\/f\/d\/4451253\/\" target=\"_blank\" rel=\"noopener\"><b>086\/2021<\/b>Cr\u00e9ation de 89 zones r\u00e9glement\u00e9es temporaires (ZRT) et 3 zones dangereuses temporaires (ZDT) en moyenne et haute altitude, pour le transit et les \u00e9volutions de drones d\u2019\u00c9tat vers une zone de travail\u00a0<i class=\"fas fa-external-link-alt\"><\/i><\/a><\/p>\n<div>Valide du\u00a0<strong>2021-04-22<\/strong>\u00a0au\u00a0<strong>2022-04-20<\/strong><\/div>\n<div class=\"state-selected\"><label>IFR<\/label>\u00a0<label>VFR<\/label>\u00a0<label>AIRAC<\/label><\/div>\n<p><a class=\"lien_sup_aip\" href=\"https:\/\/www.sia.aviation-civile.gouv.fr\/documents\/download\/f\/d\/4382259\/\" target=\"_blank\" rel=\"noopener\"><b>085\/2021<\/b>Cr\u00e9ation d\u2019une zone r\u00e9glement\u00e9e temporaire (ZRT) CHARLIE 2 (FIR : Marseille LFMM)\u00a0<i class=\"fas fa-external-link-alt\"><\/i><\/a><\/p>\n<div>Valide du\u00a0<strong>2021-04-22<\/strong>\u00a0au\u00a0<strong>2022-04-20<\/strong><\/div>\n<div class=\"state-selected\"><label>IFR<\/label>\u00a0<label>VFR<\/label>\u00a0<label>AIRAC<\/label><\/div>\n<p><a class=\"lien_sup_aip\" href=\"https:\/\/www.sia.aviation-civile.gouv.fr\/documents\/download\/f\/d\/4382221\/\" target=\"_blank\" rel=\"noopener\"><b>083\/2021<\/b>Cr\u00e9ation de 6 zones interdites temporaires (ZIT) en FIR Bordeaux LFBB\u00a0<i class=\"fas fa-external-link-alt\"><\/i><\/a><\/p>\n<div>Valide du\u00a0<strong>2021-04-22<\/strong>\u00a0au\u00a0<strong>2022-04-20<\/strong><\/div>\n<div class=\"state-selected\"><label>IFR<\/label>\u00a0<label>VFR<\/label>\u00a0<label>AIRAC<\/label><\/div>\n<p><a class=\"lien_sup_aip\" href=\"https:\/\/www.sia.aviation-civile.gouv.fr\/documents\/download\/f\/d\/4382141\/\" target=\"_blank\" rel=\"noopener\"><b>080\/2021<\/b>Cr\u00e9ation de 3 zones r\u00e9glement\u00e9es temporaires (ZRT) et 2 zones dangereuses temporaires (ZDT) au profit d\u2019un vol hors vue d\u2019a\u00e9ronef sans \u00e9quipage \u00e0 bord dans le D\u00e9troit de la Manche\u00a0<i class=\"fas fa-external-link-alt\"><\/i><\/a><\/p>\n<div>Valide du\u00a0<strong>2021-05-20<\/strong>\u00a0au\u00a0<strong>2021-10-29<\/strong><\/div>\n<div class=\"state-selected\"><label>IFR<\/label>\u00a0<label>VFR<\/label>\u00a0<label>AIRAC<\/label><\/div>\n<p><a class=\"lien_sup_aip\" href=\"https:\/\/www.sia.aviation-civile.gouv.fr\/documents\/download\/f\/d\/4382118\/\" target=\"_blank\" rel=\"noopener\"><b>079\/2021<\/b>Modification des limites lat\u00e9rales de la zone interdite LF-P 29 LE RIPAULT\u00a0<i class=\"fas fa-external-link-alt\"><\/i><\/a><\/p>\n<div>Valide du\u00a0<strong>2021-04-22<\/strong>\u00a0au\u00a0<strong>2022-04-20<\/strong><\/div>\n<div class=\"state-selected\"><label>IFR<\/label>\u00a0<label>VFR<\/label>\u00a0<label>AIRAC<\/label><\/div>\n<p><a class=\"lien_sup_aip\" href=\"https:\/\/www.sia.aviation-civile.gouv.fr\/documents\/download\/f\/d\/4382091\/\" target=\"_blank\" rel=\"noopener\"><b>078\/2021<\/b>Cr\u00e9ation d\u2019une zone r\u00e9glement\u00e9e temporaire (ZRT) au profit des DRONES bas\u00e9s \u00e0 Cognac\u00a0<i class=\"fas fa-external-link-alt\"><\/i><\/a><\/p>\n<div>Valide du\u00a0<strong>2021-04-22<\/strong>\u00a0au\u00a0<strong>2022-04-20<\/strong><\/div>\n<div class=\"state-selected\"><label>IFR<\/label>\u00a0<label>VFR<\/label>\u00a0<label>AIRAC<\/label><\/div>\n<p><a class=\"lien_sup_aip\" href=\"https:\/\/www.sia.aviation-civile.gouv.fr\/documents\/download\/f\/d\/4379562\/\" target=\"_blank\" rel=\"noopener\"><b>077\/2021<\/b>Cr\u00e9ation \u00e0 titre exp\u00e9rimental de 2 zones r\u00e9glement\u00e9es temporaires (ZRT) PATROLLER et TRANSIT, pour vols d\u2019a\u00e9ronefs sans \u00e9quipage \u00e0 bord dans la r\u00e9gion de Chaumont (FIR : Reims LFEE)\u00a0<i class=\"fas fa-external-link-alt\"><\/i><\/a><\/p>\n<div>Valide du\u00a0<strong>2021-04-22<\/strong>\u00a0au\u00a0<strong>2022-04-20<\/strong><\/div>\n<div class=\"state-selected\"><label>IFR<\/label>\u00a0<label>VFR<\/label>\u00a0<label>AIRAC<\/label><\/div>\n<p><a class=\"lien_sup_aip\" href=\"https:\/\/www.sia.aviation-civile.gouv.fr\/documents\/download\/f\/d\/4382050\/\" target=\"_blank\" rel=\"noopener\"><b>076\/2021<\/b>Cr\u00e9ation d\u2019un second itin\u00e9raire VFR de jour en Plaine d\u2019Alsace (FIR Reims LFEE)\u00a0<i class=\"fas fa-external-link-alt\"><\/i><\/a><\/p>\n<div>Valide du\u00a0<strong>2021-04-22<\/strong>\u00a0au\u00a0<strong>2022-04-20<\/strong><\/div>\n<div class=\"state-selected\"><label>IFR<\/label>\u00a0<label>VFR<\/label>\u00a0<label>AIRAC<\/label><\/div>\n<p><a class=\"lien_sup_aip\" href=\"https:\/\/www.sia.aviation-civile.gouv.fr\/documents\/download\/f\/d\/4381951\/\" target=\"_blank\" rel=\"noopener\"><b>075\/2021<\/b>Cr\u00e9ation de 9 zones interdites temporaires (ZIT) en FIR Reims LFEE et Paris LFFF\u00a0<i class=\"fas fa-external-link-alt\"><\/i><\/a><\/p>\n<div>Valide du\u00a0<strong>2021-04-22<\/strong>\u00a0au\u00a0<strong>2022-04-20<\/strong><\/div>\n<div class=\"state-selected\"><label>IFR<\/label>\u00a0<label>VFR<\/label>\u00a0<label>AIRAC<\/label><\/div>\n<p><a class=\"lien_sup_aip\" href=\"https:\/\/www.sia.aviation-civile.gouv.fr\/documents\/download\/f\/d\/4381927\/\" target=\"_blank\" rel=\"noopener\"><b>074\/2021<\/b>Cr\u00e9ation de 11 zones interdites temporaires (ZIT) en FIR Marseille LFMM\u00a0<i class=\"fas fa-external-link-alt\"><\/i><\/a><\/p>\n<div>Valide du\u00a0<strong>2021-04-22<\/strong>\u00a0au\u00a0<strong>2022-04-20<\/strong><\/div>\n<div class=\"state-selected\"><label>IFR<\/label>\u00a0<label>VFR<\/label>\u00a0<label>AIRAC<\/label><\/div>\n<p><a class=\"lien_sup_aip\" href=\"https:\/\/www.sia.aviation-civile.gouv.fr\/documents\/download\/f\/d\/4380588\/\" target=\"_blank\" rel=\"noopener\"><b>073\/2021<\/b>Cr\u00e9ation de 3 zones interdites temporaires (ZIT) en FIR Brest LFRR\u00a0<i class=\"fas fa-external-link-alt\"><\/i><\/a><\/p>\n<div>Valide du\u00a0<strong>2021-04-22<\/strong>\u00a0au\u00a0<strong>2022-04-20<\/strong><\/div>\n<div class=\"state-selected\"><label>IFR<\/label>\u00a0<label>VFR<\/label>\u00a0<label>AIRAC<\/label><\/div>\n<p><a class=\"lien_sup_aip\" href=\"https:\/\/www.sia.aviation-civile.gouv.fr\/documents\/download\/f\/d\/4379093\/\" target=\"_blank\" rel=\"noopener\"><b>072\/2021<\/b>Cr\u00e9ation de 6 zones interdites temporaires (ZIT) en FIR Paris (LFFF)\u00a0<i class=\"fas fa-external-link-alt\"><\/i><\/a><\/p>\n<div>Valide du\u00a0<strong>2021-04-22<\/strong>\u00a0au\u00a0<strong>2022-04-20<\/strong><\/div>\n<div class=\"state-selected\"><label>IFR<\/label>\u00a0<label>VFR<\/label>\u00a0<label>AIRAC<\/label><\/div>\n<p><a class=\"lien_sup_aip\" href=\"https:\/\/www.sia.aviation-civile.gouv.fr\/documents\/download\/f\/d\/4381834\/\" target=\"_blank\" rel=\"noopener\"><b>069\/2021<\/b>Cr\u00e9ation d\u2019une zone interdite temporaire (ZIT) Montervilly (FIR : Brest LFRR)\u00a0<i class=\"fas fa-external-link-alt\"><\/i><\/a><\/p>\n<div>Valide du\u00a0<strong>2021-04-22<\/strong>\u00a0au\u00a0<strong>2022-04-20<\/strong><\/div>\n<div class=\"state-selected\"><label>IFR<\/label>\u00a0<label>VFR<\/label>\u00a0<label>AIRAC<\/label><\/div>\n<p><a class=\"lien_sup_aip\" href=\"https:\/\/www.sia.aviation-civile.gouv.fr\/documents\/download\/f\/d\/4381813\/\" target=\"_blank\" rel=\"noopener\"><b>068\/2021<\/b>Modifications des conditions de p\u00e9n\u00e9tration et des itin\u00e9raires dans la zone LF-R 29 \u00ab\u00a0Ile Longue\u00a0\u00bb\u00a0<i class=\"fas fa-external-link-alt\"><\/i><\/a><\/p>\n<div>Valide du\u00a0<strong>2021-04-22<\/strong>\u00a0au\u00a0<strong>2022-04-20<\/strong><\/div>\n<div class=\"state-selected\"><label>IFR<\/label>\u00a0<label>VFR<\/label>\u00a0<label>AIRAC<\/label><\/div>\n<p><a class=\"lien_sup_aip\" href=\"https:\/\/www.sia.aviation-civile.gouv.fr\/documents\/download\/f\/d\/4381795\/\" target=\"_blank\" rel=\"noopener\"><b>067\/2021<\/b>Cr\u00e9ation d\u2019une zone r\u00e9glement\u00e9e temporaire (ZRT) Beynes et modification du gestionnaire des zones LF-D 568 A et B Frileuse\u00a0<i class=\"fas fa-external-link-alt\"><\/i><\/a><\/p>\n<div>Valide du\u00a0<strong>2021-04-22<\/strong>\u00a0au\u00a0<strong>2022-04-20<\/strong><\/div>\n<div class=\"state-selected\"><label>IFR<\/label>\u00a0<label>VFR<\/label>\u00a0<label>AIRAC<\/label><\/div>\n<p><a class=\"lien_sup_aip\" href=\"https:\/\/www.sia.aviation-civile.gouv.fr\/documents\/download\/f\/d\/4381774\/\" target=\"_blank\" rel=\"noopener\"><b>066\/2021<\/b>Cr\u00e9ation d\u2019une zone interdite temporaire (ZIT) Les Alluets (FIR : Paris LFFF)\u00a0<i class=\"fas fa-external-link-alt\"><\/i><\/a><\/p>\n<div>Valide du\u00a0<strong>2021-04-22<\/strong>\u00a0au\u00a0<strong>2022-04-20<\/strong><\/div>\n<div class=\"state-selected\"><label>IFR<\/label>\u00a0<label>VFR<\/label>\u00a0<label>AIRAC<\/label><\/div>\n<p><a class=\"lien_sup_aip\" href=\"https:\/\/www.sia.aviation-civile.gouv.fr\/documents\/download\/f\/d\/4381765\/\" target=\"_blank\" rel=\"noopener\"><b>065\/2021<\/b>Phase 5 de l\u2019exp\u00e9rimentation de proc\u00e9dures de d\u00e9parts RNAV (GNSS) vers FISTO et LACOU pistes 32L\/32R \u00e0 Toulouse Blagnac LFBO\u00a0<i class=\"fas fa-external-link-alt\"><\/i><\/a><\/p>\n<div>Valide du\u00a0<strong>2021-04-22<\/strong>\u00a0au\u00a0<strong>2021-10-06<\/strong><\/div>\n<div class=\"state-selected\"><label>IFR<\/label>\u00a0<label>VFR<\/label>\u00a0<label>AIRAC<\/label><\/div>\n<p><a class=\"lien_sup_aip\" href=\"https:\/\/www.sia.aviation-civile.gouv.fr\/documents\/download\/f\/d\/4381750\/\" target=\"_blank\" rel=\"noopener\"><b>064\/2021<\/b>Cr\u00e9ation d\u2019une RMZ (zone \u00e0 utilisation obligatoire de radio) sur AD Morlaix Ploujean LFRU\u00a0<i class=\"fas fa-external-link-alt\"><\/i><\/a><\/p>\n<div>Valide du\u00a0<strong>2021-04-22<\/strong>\u00a0au\u00a0<strong>2022-04-20<\/strong><\/div>\n<div class=\"state-selected\"><label>IFR<\/label>\u00a0<label>VFR<\/label>\u00a0<label>AIRAC<\/label><\/div>\n<p><a class=\"lien_sup_aip\" href=\"https:\/\/www.sia.aviation-civile.gouv.fr\/documents\/download\/f\/d\/4381727\/\" target=\"_blank\" rel=\"noopener\"><b>063\/2021<\/b>Cr\u00e9ation d\u2019une zone r\u00e9glement\u00e9e temporaire (ZRT) sur AD Lorient Lann-Bihou\u00e9 (LFRH)\u00a0<i class=\"fas fa-external-link-alt\"><\/i><\/a><\/p>\n<div>Valide du\u00a0<strong>2021-04-22<\/strong>\u00a0au\u00a0<strong>2022-04-20<\/strong><\/div>\n<div class=\"state-selected\"><label>IFR<\/label>\u00a0<label>VFR<\/label>\u00a0<label>AIRAC<\/label><\/div>\n<p><a class=\"lien_sup_aip\" href=\"https:\/\/www.sia.aviation-civile.gouv.fr\/documents\/download\/f\/d\/4381715\/\" target=\"_blank\" rel=\"noopener\"><b>062\/2021<\/b>Cr\u00e9ation de 2 zones r\u00e9glement\u00e9es temporaires (ZRT) dans la CTR Lorient\u00a0<i class=\"fas fa-external-link-alt\"><\/i><\/a><\/p>\n<div>Valide du\u00a0<strong>2021-04-23<\/strong>\u00a0au\u00a0<strong>2022-04-20<\/strong><\/div>\n<div class=\"state-selected\"><label>IFR<\/label>\u00a0<label>VFR<\/label>\u00a0<label>AIRAC<\/label><\/div>\n<p><a class=\"lien_sup_aip\" href=\"https:\/\/www.sia.aviation-civile.gouv.fr\/documents\/download\/f\/d\/4381708\/\" target=\"_blank\" rel=\"noopener\"><b>061\/2021<\/b>Restriction de survol du Parc national de for\u00eats (FIR : Paris LFFF, Reims LFEE)\u00a0<i class=\"fas fa-external-link-alt\"><\/i><\/a><\/p>\n<div>Valide du\u00a0<strong>2021-04-22<\/strong>\u00a0au\u00a0<strong>2022-04-20<\/strong><\/div>\n<div class=\"state-selected\"><label>IFR<\/label>\u00a0<label>VFR<\/label>\u00a0<label>AIRAC<\/label><\/div>\n<p><a class=\"lien_sup_aip\" href=\"https:\/\/www.sia.aviation-civile.gouv.fr\/documents\/download\/f\/d\/4381692\/\" target=\"_blank\" rel=\"noopener\"><b>060\/2021<\/b>Cr\u00e9ation \u00e0 titre exp\u00e9rimental d\u2019une zone \u00e0 utilisation radio et transpondeur obligatoire (RMZ-TMZ) autour de l\u2019a\u00e9rodrome d&rsquo;Orl\u00e9ans-Bricy (LFOJ)\u00a0<i class=\"fas fa-external-link-alt\"><\/i><\/a><\/p>\n<div>Valide du\u00a0<strong>2021-04-22<\/strong>\u00a0au\u00a0<strong>2022-04-20<\/strong><\/div>\n<div class=\"state-selected\"><label>IFR<\/label>\u00a0<label>VFR<\/label>\u00a0<label>AIRAC<\/label><\/div>\n<p><a class=\"lien_sup_aip\" href=\"https:\/\/www.sia.aviation-civile.gouv.fr\/documents\/download\/f\/d\/4381667\/\" target=\"_blank\" rel=\"noopener\"><b>059\/2021<\/b>Cr\u00e9ation d\u2019une zone r\u00e9glement\u00e9e temporaire (ZRT) A400M entre la CTR d\u2019Orl\u00e9ans Bricy et la zone r\u00e9glement\u00e9e LF-R 149 A du RTBA d\u00e9fense\u00a0<i class=\"fas fa-external-link-alt\"><\/i><\/a><\/p>\n<div>Valide du\u00a0<strong>2021-04-22<\/strong>\u00a0au\u00a0<strong>2021-11-03<\/strong><\/div>\n<div class=\"state-selected\"><label>IFR<\/label>\u00a0<label>VFR<\/label>\u00a0<label>AIRAC<\/label><\/div>\n<p><a class=\"lien_sup_aip\" href=\"https:\/\/www.sia.aviation-civile.gouv.fr\/documents\/download\/f\/d\/4381605\/\" target=\"_blank\" rel=\"noopener\"><b>057\/2021<\/b>Cr\u00e9ation d\u2019une zone r\u00e9glement\u00e9e temporaire (ZRT) sur l\u2019a\u00e9rodrome d&rsquo;Orl\u00e9ans-Bricy LFOJ\u00a0<i class=\"fas fa-external-link-alt\"><\/i><\/a><\/p>\n<div>Valide du\u00a0<strong>2021-04-22<\/strong>\u00a0au\u00a0<strong>2021-12-01<\/strong><\/div>\n<div class=\"state-selected\"><label>IFR<\/label>\u00a0<label>VFR<\/label>\u00a0<label>AIRAC<\/label><\/div>\n<p><a class=\"lien_sup_aip\" href=\"https:\/\/www.sia.aviation-civile.gouv.fr\/documents\/download\/f\/d\/4249277\/\" target=\"_blank\" rel=\"noopener\"><b>048\/2021<\/b>Cr\u00e9ation de 2 zones dangereuses temporaires (ZDT) en haute altitude \u00ab\u00a0LF-D 120 Temporaire ZENA Atlantique\u00a0\u00bb et \u00ab\u00a0LF-D 12 E Temporaire\u00a0\u00bb et modification des zones LF-D5, LF-D7, LF-D12, LF-D14 B et LF-D15 B\u00a0<i class=\"fas fa-external-link-alt\"><\/i><\/a><\/p>\n<div>Valide du\u00a0<strong>2021-04-08<\/strong>\u00a0au\u00a0<strong>2021-12-01<\/strong><\/div>\n<div class=\"state-selected\"><label>IFR<\/label>\u00a0<label>VFR<\/label>\u00a0<label>AIRAC<\/label><\/div>\n<p><a class=\"lien_sup_aip\" href=\"https:\/\/www.sia.aviation-civile.gouv.fr\/documents\/download\/f\/d\/4207011\/\" target=\"_blank\" rel=\"noopener\"><b>047\/2021<\/b>Cr\u00e9ation \u00e0 titre exp\u00e9rimental d\u2019une zone \u00e0 utilisation radio obligatoire (RMZ) autour de l\u2019a\u00e9rodrome de Nancy-Essey (LFSN)\u00a0<i class=\"fas fa-external-link-alt\"><\/i><\/a><\/p>\n<div>Valide du\u00a0<strong>2021-04-22<\/strong>\u00a0au\u00a0<strong>2022-04-20<\/strong><\/div>\n<div class=\"state-selected\"><label>IFR<\/label>\u00a0<label>VFR<\/label>\u00a0<label>AIRAC<\/label><\/div>\n<p><a class=\"lien_sup_aip\" href=\"https:\/\/www.sia.aviation-civile.gouv.fr\/documents\/download\/f\/d\/4174920\/\" target=\"_blank\" rel=\"noopener\"><b>042\/2021<\/b>Cr\u00e9ation de 84 zones r\u00e8glement\u00e9es temporaires (ZRT) et 2 zones dangereuses temporaires (ZDT) permettant le transit et les \u00e9volutions d\u2019a\u00e9ronefs d\u2019Etat sans \u00e9quipage \u00e0 bord dans le sud de la France\u00a0<i class=\"fas fa-external-link-alt\"><\/i><\/a><\/p>\n<div>Valide du\u00a0<strong>2021-03-25<\/strong>\u00a0au\u00a0<strong>2022-03-23<\/strong><\/div>\n<div class=\"state-selected\"><label>IFR<\/label>\u00a0<label>VFR<\/label>\u00a0<label>AIRAC<\/label><\/div>\n<p><a class=\"lien_sup_aip\" href=\"https:\/\/www.sia.aviation-civile.gouv.fr\/documents\/download\/f\/d\/4174814\/\" target=\"_blank\" rel=\"noopener\"><b>037\/2021<\/b>Utilisation des routes conditionnelles (CDR) en UIR France lors des journ\u00e9es particuli\u00e8rement charg\u00e9es et des jours f\u00e9ri\u00e9s l\u00e9gaux\u00a0<i class=\"fas fa-external-link-alt\"><\/i><\/a><\/p>\n<div>Valide du\u00a0<strong>2021-04-22<\/strong>\u00a0au\u00a0<strong>2021-10-29<\/strong><\/div>\n<div class=\"state-selected\"><label>IFR<\/label>\u00a0<label>VFR<\/label>\u00a0<label>AIRAC<\/label><\/div>\n<p><a class=\"lien_sup_aip\" href=\"https:\/\/www.sia.aviation-civile.gouv.fr\/documents\/download\/f\/d\/4174786\/\" target=\"_blank\" rel=\"noopener\"><b>036\/2021<\/b>Mise en \u0153uvre de zones tampons pour le d\u00e9p\u00f4t de plan de vol (FBZ &#8211; FPL Buffer Zone) associ\u00e9es aux zones dangereuses LF-D 54 DB NORD et LF-D 54 DB SUD (UIR : France &#8211; FIR : Marseille LFMM)\u00a0<i class=\"fas fa-external-link-alt\"><\/i><\/a><\/p>\n<div>Valide du\u00a0<strong>2021-04-22<\/strong>\u00a0au\u00a0<strong>2021-09-09<\/strong><\/div>\n<div class=\"state-selected\"><label>IFR<\/label>\u00a0<label>VFR<\/label>\u00a0<label>AIRAC<\/label><\/div>\n<p><a class=\"lien_sup_aip\" href=\"https:\/\/www.sia.aviation-civile.gouv.fr\/documents\/download\/f\/d\/4174754\/\" target=\"_blank\" rel=\"noopener\"><b>035\/2021<\/b>Modification des limites lat\u00e9rales des zones dangereuses LF-D 54 DB Nord et LF-D 54 DB Sud (UIR : France\u00a0<i class=\"fas fa-external-link-alt\"><\/i><\/a><\/p>\n<div>Valide du\u00a0<strong>2021-04-22<\/strong>\u00a0au\u00a0<strong>2021-09-09<\/strong><\/div>\n<div class=\"state-selected\"><label>IFR<\/label>\u00a0<label>VFR<\/label>\u00a0<label>AIRAC<\/label><\/div>\n<p><a class=\"lien_sup_aip\" href=\"https:\/\/www.sia.aviation-civile.gouv.fr\/documents\/download\/f\/d\/4097296\/\" target=\"_blank\" rel=\"noopener\"><b>030\/2021<\/b>Cr\u00e9ation de 2 zones r\u00e9glement\u00e9es temporaires (ZRT) dans la r\u00e9gion DRAGUIGNAN pour les \u00e9volutions d&rsquo;a\u00e9ronefs d&rsquo;Etat t\u00e9l\u00e9-pilot\u00e9s\u00a0<i class=\"fas fa-external-link-alt\"><\/i><\/a><\/p>\n<div>Valide du\u00a0<strong>2021-03-15<\/strong>\u00a0au\u00a0<strong>2021-09-14<\/strong><\/div>\n<div class=\"state-selected\"><label>IFR<\/label>\u00a0<label>VFR<\/label>\u00a0<label>AIRAC<\/label><\/div>\n<p><a class=\"lien_sup_aip\" href=\"https:\/\/www.sia.aviation-civile.gouv.fr\/documents\/download\/f\/d\/4077918\/\" target=\"_blank\" rel=\"noopener\"><b>028\/2021<\/b>Nouveaux d\u00e9parts initiaux RNAV pour les SID RNAV de Beauvais Till\u00e9 AD LFOB\u00a0<i class=\"fas fa-external-link-alt\"><\/i><\/a><\/p>\n<div>Valide du\u00a0<strong>2021-03-25<\/strong>\u00a0au\u00a0<strong>2021-09-08<\/strong><\/div>\n<div class=\"state-selected\"><label>IFR<\/label>\u00a0<label>VFR<\/label>\u00a0<label>AIRAC<\/label><\/div>\n<p><a class=\"lien_sup_aip\" href=\"https:\/\/www.sia.aviation-civile.gouv.fr\/documents\/download\/f\/d\/4073872\/\" target=\"_blank\" rel=\"noopener\"><b>027\/2021<\/b>Mise en service d\u2019une proc\u00e9dure d\u2019approche RNP en piste 30, AD Beauvais Till\u00e9 LFOB\u00a0<i class=\"fas fa-external-link-alt\"><\/i><\/a><\/p>\n<div>Valide du\u00a0<strong>2021-03-25<\/strong>\u00a0au\u00a0<strong>2021-09-08<\/strong><\/div>\n<div class=\"state-selected\"><label>IFR<\/label>\u00a0<label>VFR<\/label>\u00a0<label>AIRAC<\/label><\/div>\n<p><a class=\"lien_sup_aip\" href=\"https:\/\/www.sia.aviation-civile.gouv.fr\/documents\/download\/f\/d\/3973598\/\" target=\"_blank\" rel=\"noopener\"><b>024\/2021<\/b>Cr\u00e9ation d\u2019une zone r\u00e9glement\u00e9e temporaire (ZRT) Camp de Broche pour l\u2019utilisation de drones dans la r\u00e9gion d\u2019Angoul\u00eame\u00a0<i class=\"fas fa-external-link-alt\"><\/i><\/a><\/p>\n<div>Valide du\u00a0<strong>2021-03-01<\/strong>\u00a0au\u00a0<strong>2021-08-13<\/strong><\/div>\n<div class=\"state-selected\"><label>IFR<\/label>\u00a0<label>VFR<\/label>\u00a0<label>AIRAC<\/label><\/div>\n<p><a class=\"lien_sup_aip\" href=\"https:\/\/www.sia.aviation-civile.gouv.fr\/documents\/download\/f\/d\/3973505\/\" target=\"_blank\" rel=\"noopener\"><b>023\/2021<\/b>AD : Paris Charles de Gaulle LFPG &#8211; Modification circulation au sol Terminal 2AC\u00a0<i class=\"fas fa-external-link-alt\"><\/i><\/a><\/p>\n<div>Valide du\u00a0<strong>2021-03-25<\/strong>\u00a0au\u00a0<strong>2021-10-22<\/strong><\/div>\n<div class=\"state-selected\"><label>IFR<\/label>\u00a0<label>VFR<\/label>\u00a0<label>AIRAC<\/label><\/div>\n<p><a class=\"lien_sup_aip\" href=\"https:\/\/www.sia.aviation-civile.gouv.fr\/documents\/download\/f\/d\/3973245\/\" target=\"_blank\" rel=\"noopener\"><b>020\/2021<\/b>\u00c9valuation op\u00e9rationnelle de la proc\u00e9dure IFR PinS RNP 261 sur l&rsquo;h\u00e9listation de l&rsquo;H\u00f4pital Pasteur \u00e0 Colmar (FIR : Reims LFEE)\u00a0<i class=\"fas fa-external-link-alt\"><\/i><\/a><\/p>\n<div>Valide du\u00a0<strong>2021-03-25<\/strong>\u00a0au\u00a0<strong>2021-09-08<\/strong><\/div>\n<div class=\"state-selected\"><label>IFR<\/label>\u00a0<label>VFR<\/label>\u00a0<label>AIRAC<\/label><\/div>\n<p><a class=\"lien_sup_aip\" href=\"https:\/\/www.sia.aviation-civile.gouv.fr\/documents\/download\/f\/d\/3973184\/\" target=\"_blank\" rel=\"noopener\"><b>019\/2021<\/b>Mise en \u0153uvre de zones tampons pour le d\u00e9p\u00f4t de plan de vol (FBZ &#8211; FPL Buffer Zone) associ\u00e9es \u00e0 la zone dangereuse tempo \u00ab ZENA Gascogne \u00bb (LF-D 300 A) et \u00e0 la zone dangereuse tempo \u00ab ZENA Gascogne restreinte \u00bb (LF-D 300 B) (UIR : France &#8211; FIR : Bordeaux LFBB, Brest LFRR)\u00a0<i class=\"fas fa-external-link-alt\"><\/i><\/a><\/p>\n<div>Valide du\u00a0<strong>2021-03-25<\/strong>\u00a0au\u00a0<strong>2021-12-01<\/strong><\/div>\n<div class=\"state-selected\"><label>IFR<\/label>\u00a0<label>VFR<\/label>\u00a0<label>AIRAC<\/label><\/div>\n<p><a class=\"lien_sup_aip\" href=\"https:\/\/www.sia.aviation-civile.gouv.fr\/documents\/download\/f\/d\/3973054\/\" target=\"_blank\" rel=\"noopener\"><b>017\/2021<\/b>\u00c9valuation d\u2019un itin\u00e9raire IFR h\u00e9licopt\u00e8res pour le transport inter hospitalier en plaine d\u2019Alsace (FIR : Reims LFEE)\u00a0<i class=\"fas fa-external-link-alt\"><\/i><\/a><\/p>\n<div>Valide du\u00a0<strong>2021-03-25<\/strong>\u00a0au\u00a0<strong>2021-09-08<\/strong><\/div>\n<div class=\"state-selected\"><label>IFR<\/label>\u00a0<label>VFR<\/label>\u00a0<label>AIRAC<\/label><\/div>\n<p><a class=\"lien_sup_aip\" href=\"https:\/\/www.sia.aviation-civile.gouv.fr\/documents\/download\/f\/d\/3973014\/\" target=\"_blank\" rel=\"noopener\"><b>016\/2021<\/b>Cr\u00e9ation de 16 zones temporaires (ZRT\/ZDT) pour les transits et \u00e9volutions d\u2019un drone REAPER dans le cadre de l\u2019exercice SURVMAR 2021\u00a0<i class=\"fas fa-external-link-alt\"><\/i><\/a><\/p>\n<div>Valide du\u00a0<strong>2021-02-25<\/strong>\u00a0au\u00a0<strong>2021-08-18<\/strong><\/div>\n<div class=\"state-selected\"><label>IFR<\/label>\u00a0<label>VFR<\/label>\u00a0<label>AIRAC<\/label><\/div>\n<p><a class=\"lien_sup_aip\" href=\"https:\/\/www.sia.aviation-civile.gouv.fr\/documents\/download\/f\/d\/3876370\/\" target=\"_blank\" rel=\"noopener\"><b>010\/2021<\/b>Cr\u00e9ation de 7 zones r\u00e9glement\u00e9es tempo (ZRT) et 10 zones dangereuses temporaires (ZDT) pour des activit\u00e9s d\u2019a\u00e9ronef hors vue sans \u00e9quipage \u00e0 bord dans le cadre de la surveillance maritime\u00a0<i class=\"fas fa-external-link-alt\"><\/i><\/a><\/p>\n<div>Valide du\u00a0<strong>2021-02-11<\/strong>\u00a0au\u00a0<strong>2021-08-10<\/strong><\/div>\n<div class=\"state-selected\"><label>IFR<\/label>\u00a0<label>VFR<\/label>\u00a0<label>AIRAC<\/label><\/div>\n<p><a class=\"lien_sup_aip\" href=\"https:\/\/www.sia.aviation-civile.gouv.fr\/documents\/download\/f\/d\/3794349\/\" target=\"_blank\" rel=\"noopener\"><b>246\/2020<\/b>Cr\u00e9ation d\u2019une zone r\u00e9glement\u00e9e temporaire (ZRT) dans le cadre du d\u00e9ploiement d\u2019un ballon captif dans la r\u00e9gion de Vouziers (FIR : Reims LFEE)\u00a0<i class=\"fas fa-external-link-alt\"><\/i><\/a><\/p>\n<div>Valide du\u00a0<strong>2021-01-18<\/strong>\u00a0au\u00a0<strong>2021-12-31<\/strong><\/div>\n<div class=\"state-selected\"><label>IFR<\/label>\u00a0<label>VFR<\/label>\u00a0<label>AIRAC<\/label><\/div>\n<p><a class=\"lien_sup_aip\" href=\"https:\/\/www.sia.aviation-civile.gouv.fr\/documents\/download\/f\/d\/3794244\/\" target=\"_blank\" rel=\"noopener\"><b>244\/2020<\/b>Cr\u00e9ation d\u2019une zone dangereuse temporaire (ZDT) et de zones r\u00e9glement\u00e9es temporaires (ZRT) pour le transit d\u2019un drone en UIR France\u00a0<i class=\"fas fa-external-link-alt\"><\/i><\/a><\/p>\n<div>Valide du\u00a0<strong>2021-01-14<\/strong>\u00a0au\u00a0<strong>2022-01-21<\/strong><\/div>\n<div class=\"state-selected\"><label>IFR<\/label>\u00a0<label>VFR<\/label>\u00a0<label>AIRAC<\/label><\/div>\n<p><a class=\"lien_sup_aip\" href=\"https:\/\/www.sia.aviation-civile.gouv.fr\/documents\/download\/f\/d\/3630516\/\" target=\"_blank\" rel=\"noopener\"><b>238\/2020<\/b>Cr\u00e9ation de 3 zones r\u00e9glement\u00e9es temporaires (ZRT) au profit d\u2019exercices militaires dans la r\u00e9gion de Grostenquin (FIR : Reims LFEE)\u00a0<i class=\"fas fa-external-link-alt\"><\/i><\/a><\/p>\n<div>Valide du\u00a0<strong>2021-01-04<\/strong>\u00a0au\u00a0<strong>2021-12-31<\/strong><\/div>\n<div class=\"state-selected\"><label>IFR<\/label>\u00a0<label>VFR<\/label>\u00a0<label>AIRAC<\/label><\/div>\n<p><a class=\"lien_sup_aip\" href=\"https:\/\/www.sia.aviation-civile.gouv.fr\/documents\/download\/f\/d\/3340565\/\" target=\"_blank\" rel=\"noopener\"><b>222\/2020<\/b>Cr\u00e9ation de 3 zones r\u00e9glement\u00e9es temporaires (ZRT) au profit du CIFED (Centre d\u2019Initiation et de Formation des Equipages Drones) \u00e0 Salon de Provence\u00a0<i class=\"fas fa-external-link-alt\"><\/i><\/a><\/p>\n<div>Valide du\u00a0<strong>2020-12-03<\/strong>\u00a0au\u00a0<strong>2021-12-02<\/strong><\/div>\n<div class=\"state-selected\"><label>IFR<\/label>\u00a0<label>VFR<\/label>\u00a0<label>AIRAC<\/label><\/div>\n<p><a class=\"lien_sup_aip\" href=\"https:\/\/www.sia.aviation-civile.gouv.fr\/documents\/download\/f\/d\/2998632\/\" target=\"_blank\" rel=\"noopener\"><b>189\/2020<\/b>Cr\u00e9ation de 2 zones dangereuses temporaires (ZDT) en haute altitude : LF-D 300 A Temporaire ZENA GASCOGNE, et LF-D 300 B Temporaire ZENA GASCOGNE restreinte (UIR France &#8211; FIR : Bordeaux LFBB, Brest LFRR)\u00a0<i class=\"fas fa-external-link-alt\"><\/i><\/a><\/p>\n<div>Valide du\u00a0<strong>2020-10-26<\/strong>\u00a0au\u00a0<strong>2021-12-01<\/strong><\/div>\n<div class=\"state-selected\"><label>IFR<\/label>\u00a0<label>VFR<\/label>\u00a0<label>AIRAC<\/label><\/div>\n<\/div>\n<div><\/div>\n","protected":false},"excerpt":{"rendered":"<p>R\u00c9GION PARISIENNE 201\/2021Cr\u00e9ation de 4 zones r\u00e9glement\u00e9es temporaires (ZRT) dans la CTR et TMA PARIS pour meeting a\u00e9rien La Fert\u00e9 Alais (\u00ab\u00a0Le temps des h\u00e9lices\u00a0\u00bb)\u00a0 Valide du\u00a02021-08-25\u00a0au\u00a02021-08-29 IFR\u00a0VFR\u00a0AIRAC 183\/2021Cr\u00e9ation de plusieurs espaces a\u00e9riens temporaires (zone r\u00e9glement\u00e9e temporaire (ZRT), CTR et TMA) pour la Course automobile des 24 heures du Mans 2021\u00a0 Valide du\u00a02021-08-18\u00a0au\u00a02021-08-23 179\/2021Cr\u00e9ation de [&hellip;]<\/p>\n","protected":false},"author":2,"featured_media":0,"comment_status":"open","ping_status":"open","sticky":false,"template":"","format":"standard","meta":{"footnotes":""},"categories":[720],"tags":[535],"class_list":["post-22542","post","type-post","status-publish","format-standard","hentry","category-sup-aip","tag-volets10"],"_links":{"self":[{"href":"https:\/\/volets10.fr\/WP\/wp-json\/wp\/v2\/posts\/22542"}],"collection":[{"href":"https:\/\/volets10.fr\/WP\/wp-json\/wp\/v2\/posts"}],"about":[{"href":"https:\/\/volets10.fr\/WP\/wp-json\/wp\/v2\/types\/post"}],"author":[{"embeddable":true,"href":"https:\/\/volets10.fr\/WP\/wp-json\/wp\/v2\/users\/2"}],"replies":[{"embeddable":true,"href":"https:\/\/volets10.fr\/WP\/wp-json\/wp\/v2\/comments?post=22542"}],"version-history":[{"count":0,"href":"https:\/\/volets10.fr\/WP\/wp-json\/wp\/v2\/posts\/22542\/revisions"}],"wp:attachment":[{"href":"https:\/\/volets10.fr\/WP\/wp-json\/wp\/v2\/media?parent=22542"}],"wp:term":[{"taxonomy":"category","embeddable":true,"href":"https:\/\/volets10.fr\/WP\/wp-json\/wp\/v2\/categories?post=22542"},{"taxonomy":"post_tag","embeddable":true,"href":"https:\/\/volets10.fr\/WP\/wp-json\/wp\/v2\/tags?post=22542"}],"curies":[{"name":"wp","href":"https:\/\/api.w.org\/{rel}","templated":true}]}}